{"id":34376,"date":"2023-09-04T15:08:23","date_gmt":"2023-09-04T18:08:23","guid":{"rendered":"https:\/\/radiorevelacionfm.cl\/?p=34376"},"modified":"2023-09-04T15:08:23","modified_gmt":"2023-09-04T18:08:23","slug":"senado-descongela-proyecto-de-proteccion-de-glaciares","status":"publish","type":"post","link":"https:\/\/radiorevelacionfm.cl\/?p=34376","title":{"rendered":"Senado descongela proyecto de protecci\u00f3n de glaciares"},"content":{"rendered":"<div class=\"flex_column av_one_full  flex_column_div av-zero-column-padding first  avia-builder-el-0  el_before_av_one_full  avia-builder-el-first  \" style='border-radius:0px; '><div  class='avia-image-container  av-styling-    avia-builder-el-1  avia-builder-el-no-sibling  avia-align-center '  itemprop=\"image\" itemscope=\"itemscope\" itemtype=\"https:\/\/schema.org\/ImageObject\"  ><div class='avia-image-container-inner'><div class='avia-image-overlay-wrap'><img decoding=\"async\" class='wp-image-34377 avia-img-lazy-loading-not-34377 avia_image' src=\"https:\/\/radiorevelacionfm.cl\/wp-content\/uploads\/2023\/08\/glaciar-2-800x535-1-1.jpg\" alt='' title='glaciar-2-800x535 (1) (1)' height=\"600\" width=\"897\"  itemprop=\"thumbnailUrl\" srcset=\"https:\/\/radiorevelacionfm.cl\/wp-content\/uploads\/2023\/08\/glaciar-2-800x535-1-1.jpg 897w, https:\/\/radiorevelacionfm.cl\/wp-content\/uploads\/2023\/08\/glaciar-2-800x535-1-1-300x201.jpg 300w, https:\/\/radiorevelacionfm.cl\/wp-content\/uploads\/2023\/08\/glaciar-2-800x535-1-1-768x514.jpg 768w, https:\/\/radiorevelacionfm.cl\/wp-content\/uploads\/2023\/08\/glaciar-2-800x535-1-1-705x472.jpg 705w, https:\/\/radiorevelacionfm.cl\/wp-content\/uploads\/2023\/08\/glaciar-2-800x535-1-1-450x301.jpg 450w, https:\/\/radiorevelacionfm.cl\/wp-content\/uploads\/2023\/08\/glaciar-2-800x535-1-1-600x401.jpg 600w\" sizes=\"(max-width: 897px) 100vw, 897px\" \/><\/div><\/div><\/div><\/div><div class=\"flex_column av_one_full  flex_column_div av-zero-column-padding first  avia-builder-el-2  el_after_av_one_full  el_before_av_one_full  column-top-margin\" style='border-radius:0px; '><section class=\"av_textblock_section \"  itemscope=\"itemscope\" itemtype=\"https:\/\/schema.org\/BlogPosting\" itemprop=\"blogPost\" ><div class='avia_textblock  '   itemprop=\"text\" ><p style=\"text-align: center;\"><strong><span style=\"font-size: 18pt;\"><span lang=\"ES\">Senado descongela proyecto de protecci<\/span><span lang=\"X-NONE\">\u00f3n de glaciares<\/span><\/span><\/strong><\/p>\n<div id=\"gtx-trans\" style=\"position: absolute; left: -50px; top: 4.31534px;\">\n<div class=\"gtx-trans-icon\"><\/div>\n<\/div>\n<\/div><\/section><\/div><div class=\"flex_column av_one_full  flex_column_div av-zero-column-padding first  avia-builder-el-4  el_after_av_one_full  el_before_av_hr  column-top-margin\" style='border-radius:0px; '><section class=\"av_textblock_section \"  itemscope=\"itemscope\" itemtype=\"https:\/\/schema.org\/BlogPosting\" itemprop=\"blogPost\" ><div class='avia_textblock  '   itemprop=\"text\" ><p class=\"v1MsoNormal\" style=\"text-align: justify;\"><span lang=\"ES\">Tras un a\u00f1o y medio de paralizaci<\/span><span lang=\"X-NONE\">\u00f3n, la Comisi\u00f3n de Hacienda del Senado<span class=\"v1gmail-Apple-converted-space\">\u00a0<\/span><\/span><span lang=\"ES\"><a href=\"https:\/\/www.glaciareschilenos.org\/columnas\/glaciares-ad-portas-de-cuenta-publica-presidencial-entre-avances-que-se-congelan-y-compromisos-que-se-derriten\/\" target=\"_blank\" rel=\"noopener noreferrer\"><span lang=\"X-NONE\">definitivamente dio su visto<\/span><\/a><\/span><span lang=\"X-NONE\"><span class=\"v1gmail-Apple-converted-space\">\u00a0<\/span>bueno al proyecto de ley que busca proteger los glaciares del pa\u00eds despach\u00e1ndolo para su votaci\u00f3n por parte del pleno. La iniciativa fue ingresada en julio de 2018 y ya<span class=\"v1gmail-Apple-converted-space\">\u00a0<\/span><a href=\"https:\/\/www.eldesconcierto.cl\/bienes-comunes\/2022\/03\/21\/comision-de-hacienda-del-senado-definira-avance-o-estancamiento-de-ley-sobre-proteccion-de-glaciares.html\" target=\"_blank\" rel=\"noopener noreferrer\">fue revisada<\/a><span class=\"v1gmail-Apple-converted-space\">\u00a0<\/span>por las comisiones de Miner\u00eda y Medio Ambiente, en primer tr\u00e1mite constitucional. Esto, luego de fallidos intentos que<span class=\"v1gmail-Apple-converted-space\">\u00a0<\/span><a href=\"https:\/\/www.terram.cl\/2008\/12\/ley_de_proteccion_de_los_glaciares_en_el_freezer\/\" target=\"_blank\" rel=\"noopener noreferrer\">desde 2006<\/a><span class=\"v1gmail-Apple-converted-space\">\u00a0<\/span>buscan contar con una normativa espec\u00edfica pero que fueron siendo desestimadas por la oposici\u00f3n de sectores mineros. En 2018 el proyecto que a esa fecha estaba m\u00e1s avanzado sucumbi\u00f3 luego que el segundo<span class=\"v1gmail-Apple-converted-space\">\u00a0<\/span><a href=\"https:\/\/www.patagonjournal.com\/index.php?option=com_content&amp;view=article&amp;id=4140%3Agobierno-deja-caer-ley-de-proteccion-de-glaciares&amp;catid=78%3Amedioambiente&amp;Itemid=268&amp;lang=es\" target=\"_blank\" rel=\"noopener noreferrer\">gobierno de Sebasti\u00e1n Pi\u00f1era le retirara su patrocinio<\/a>.<span class=\"v1gmail-Apple-converted-space\">\u00a0<\/span><\/span><\/p>\n<p class=\"v1MsoNormal\" style=\"text-align: justify;\"><span lang=\"ES\">Durante la<span class=\"v1gmail-Apple-converted-space\">\u00a0<\/span><a href=\"https:\/\/capture.dropbox.com\/QkhGiRGRcOkN9Wz1\" target=\"_blank\" rel=\"noopener noreferrer\">sesi<span lang=\"X-NONE\">\u00f3n del 22 de agosto<\/span><\/a><\/span><span lang=\"X-NONE\">, la comisi\u00f3n analiz\u00f3 la<span class=\"v1gmail-Apple-converted-space\">\u00a0<\/span><a href=\"https:\/\/www.camara.cl\/legislacion\/ProyectosDeLey\/tramitacion.aspx?prmID=12397&amp;prmBOLETIN=11876-12\" target=\"_blank\" rel=\"noopener noreferrer\">iniciativa<\/a><span class=\"v1gmail-Apple-converted-space\">\u00a0<\/span>que incluye 8 art\u00edculos permanentes y 2 transitorios, avanzando en establecer definiciones, la naturaleza jur\u00eddica de los glaciares, y determinando qu\u00e9 actividades est\u00e1n prohibidas completamente en \u00e9stos y cu\u00e1les deben someterse a evaluaci\u00f3n ambiental.<\/span><\/p>\n<p class=\"v1MsoNormal\" style=\"text-align: justify;\"><span lang=\"ES\">Adem<\/span><span lang=\"X-NONE\">\u00e1s, cataloga los glaciares como bienes nacionales de uso p\u00fablico, inapropiables y no concesionables. Asimismo, se crean legalmente las categor\u00edas de glaciar, entorno glaciar y permafrost, identific\u00e1ndose sus funciones y servicios ecosist\u00e9micos, y respecto de los cuales se determinan distintos niveles de protecci\u00f3n.<\/span><\/p>\n<p class=\"v1gmail-MsoNoSpacing\" style=\"text-align: justify;\"><b><span lang=\"X-NONE\">Comisi\u00f3n de Hacienda<\/span><\/b><\/p>\n<p class=\"v1gmail-MsoNoSpacing\" style=\"text-align: justify;\"><span lang=\"ES\">En marzo de 2022 la Comisi<\/span><span lang=\"X-NONE\">\u00f3n de Hacienda recibi\u00f3 el proyecto desde las Comisi\u00f3n de Medio Ambiente y reci\u00e9n hace algunos d\u00edas lo retom\u00f3, procediendo a aprobar las normas de su competencia.<\/span><\/p>\n<p class=\"v1gmail-MsoNoSpacing\" style=\"text-align: justify;\"><span lang=\"ES\">Entre<span class=\"v1gmail-Apple-converted-space\">\u00a0<\/span><\/span><span lang=\"X-NONE\">\u00e9stos, el art\u00edculo cuarto sobre el<span class=\"v1gmail-Apple-converted-space\">\u00a0<\/span><b>Inventario P\u00fablico Glaciol\u00f3gico<\/b>, a cargo de la Direcci\u00f3n General de Aguas y que incluir\u00e1 el Inventario P\u00fablico de Glaciares, el Inventario P\u00fablico del Entorno Glaciar y el Inventario P\u00fablico del Permafrost. Su operaci\u00f3n en detalle ser\u00e1 establecida por un reglamento dictado por el Ministerio de Obras P\u00fablicas en un plazo de seis meses, desde la fecha en que se publique la ley.<\/span><\/p>\n<p class=\"v1gmail-MsoNoSpacing\" style=\"text-align: justify;\"><span lang=\"ES\">En el art<\/span><span lang=\"X-NONE\">\u00edculo<span class=\"v1gmail-Apple-converted-space\">\u00a0<\/span><\/span><span lang=\"ES\">s<\/span><span lang=\"X-NONE\">\u00e9ptimo<\/span><span lang=\"X-NONE\"><span class=\"v1gmail-Apple-converted-space\">\u00a0<\/span><\/span><span lang=\"ES\">se establece que las actividades desarrolladas en<span class=\"v1gmail-Apple-converted-space\">\u00a0<\/span><\/span><span lang=\"X-NONE\">\u00e1reas de<span class=\"v1gmail-Apple-converted-space\">\u00a0<\/span><\/span><span lang=\"ES\">permafrost deber<\/span><span lang=\"X-NONE\">\u00e1n someterse al Sistema de Evaluaci\u00f3n de Impacto Ambiental. La Comisi\u00f3n de Hacienda aprob\u00f3, adem\u00e1s, que estas acciones<span class=\"v1gmail-Apple-converted-space\">\u00a0<\/span><b>deber\u00e1n contar con un<span class=\"v1gmail-Apple-converted-space\">\u00a0<\/span><\/b><\/span><b><span lang=\"ES\">permiso especial de la DGA<\/span><\/b><span lang=\"ES\"><span class=\"v1gmail-Apple-converted-space\">\u00a0<\/span>certificando que<span class=\"v1gmail-Apple-converted-space\">\u00a0<\/span><\/span><span lang=\"X-NONE\">no afectar\u00e1n \u00ab<\/span><span lang=\"ES\">significativamente la escorrent\u00eda actual y potencial a la cuenca inmediata a la que el glaciar aporta recursos h\u00eddricos, ni tampoco su estabilidad mec\u00e1nica o cuando verifique que se han mitigado, reparado o compensado debidamente dichos impactos<\/span><span lang=\"ES\">\u00ab.<\/span><\/p>\n<p class=\"v1gmail-MsoNoSpacing\" style=\"text-align: justify;\"><span lang=\"ES\">El ar<\/span><span lang=\"X-NONE\">t\u00edculo m\u00e1s discutido fue el octavo,<span class=\"v1gmail-Apple-converted-space\">\u00a0<\/span><b>sobre sanciones<\/b>. \u00c9ste se aprob\u00f3 con el voto favorable de Daniel N\u00fa\u00f1ez (PC, presidente de la comisi\u00f3n) y Jos\u00e9 Miguel Insulza (PS), en contra de Juan Antonio Coloma (UDI) y las abstenciones de Pedro Garc\u00eda (RN) y Rojo Edwards (ind. de derecha). El texto zanjado<span class=\"v1gmail-Apple-converted-space\">\u00a0<\/span><\/span><span lang=\"ES\">autoriza \u00aba la Direcci\u00f3n General de Aguas para fiscalizar y sancionar las infracciones a esta ley en todas aquellas materias e instrumentos que no sean de competencia de la Superintendencia del Medio Ambiente, pudiendo imponer multas a beneficio fiscal de acuerdo con lo establecido en los par\u00e1grafos segundo y tercero, del t\u00edtulo primero, del libro segundo del C\u00f3digo de Aguas\u00bb.<\/span><\/p>\n<p class=\"v1gmail-MsoNoSpacing\" style=\"text-align: justify;\"><span lang=\"ES\">Asimismo<\/span><span lang=\"X-NONE\">, se acord\u00f3 el siguiente inciso: \u00ab<\/span><span lang=\"ES\">Para el caso que el infractor no interponga reclamo de ilegalidad ante el tribunal ambiental en contra de las resoluciones de la Direcci\u00f3n que impongan sanciones pecuniarias y pague la respectiva multa dentro del plazo de cinco d\u00edas h\u00e1biles, contado desde la notificaci\u00f3n de la resoluci\u00f3n, se le reducir\u00e1 a un 25% del valor de la multa. El pago deber\u00e1 ser acreditado en el plazo se\u00f1alado, presentando copia de la consignaci\u00f3n del valor de la multa reducida efectuada en la Tesorer\u00eda General de la Rep\u00fablica<\/span><span lang=\"ES\">\u00ab.<\/span><\/p>\n<p class=\"v1gmail-MsoNoSpacing\" style=\"text-align: justify;\"><span lang=\"ES\">Tras este tr<\/span><span lang=\"X-NONE\">\u00e1mite, el proyecto fue despachado al pleno de la C\u00e1mara Alta para su votaci\u00f3n (a esta fecha a\u00fan no ha sido puesto en tabla para las pr\u00f3ximas semanas), luego de lo cual pasar\u00e1 a la C\u00e1mara de Diputados para su segundo tr\u00e1mite constitucional.<\/span><\/p>\n<\/div><\/section><\/div><div  style='height:50px' class='hr hr-invisible   avia-builder-el-6  el_after_av_one_full  el_before_av_social_share '><span class='hr-inner ' ><span class='hr-inner-style'><\/span><\/span><\/div><\/p>\n<div  class='av-social-sharing-box  avia-builder-el-7  el_after_av_hr  el_before_av_hr  '><div class='av-share-box'><h5 class='av-share-link-description av-no-toc '>Compartir esta noticia<\/h5><ul class='av-share-box-list noLightbox'><li class='av-share-link av-social-link-facebook' ><a target=\"_blank\" aria-label=\"Compartir en Facebook\" href='https:\/\/www.facebook.com\/sharer.php?u=https:\/\/radiorevelacionfm.cl\/?p=34376&#038;t=Senado%20descongela%20proyecto%20de%20protecci%C3%B3n%20de%20glaciares' aria-hidden='false' data-av_icon='\ue8f3' data-av_iconfont='entypo-fontello' title='' data-avia-related-tooltip='Compartir en Facebook' rel=\"noopener\"><span class='avia_hidden_link_text'>Compartir en Facebook<\/span><\/a><\/li><li class='av-share-link av-social-link-twitter' ><a target=\"_blank\" aria-label=\"Compartir en Twitter\" href='https:\/\/twitter.com\/share?text=Senado%20descongela%20proyecto%20de%20protecci%C3%B3n%20de%20glaciares&#038;url=https:\/\/radiorevelacionfm.cl\/?p=34376' aria-hidden='false' data-av_icon='\ue8f1' data-av_iconfont='entypo-fontello' title='' data-avia-related-tooltip='Compartir en Twitter' rel=\"noopener\"><span class='avia_hidden_link_text'>Compartir en Twitter<\/span><\/a><\/li><li class='av-share-link av-social-link-whatsapp' ><a target=\"_blank\" aria-label=\"Compartir en Whatsapp\" href='https:\/\/api.whatsapp.com\/send?text=https:\/\/radiorevelacionfm.cl\/?p=34376' aria-hidden='false' data-av_icon='\uf232' data-av_iconfont='entypo-fontello' title='' data-avia-related-tooltip='Compartir en Whatsapp' rel=\"noopener\"><span class='avia_hidden_link_text'>Compartir en Whatsapp<\/span><\/a><\/li><li class='av-share-link av-social-link-linkedin' ><a target=\"_blank\" aria-label=\"Compartir en LinkedIn\" href='https:\/\/linkedin.com\/shareArticle?mini=true&#038;title=Senado%20descongela%20proyecto%20de%20protecci%C3%B3n%20de%20glaciares&#038;url=https:\/\/radiorevelacionfm.cl\/?p=34376' aria-hidden='false' data-av_icon='\ue8fc' data-av_iconfont='entypo-fontello' title='' data-avia-related-tooltip='Compartir en LinkedIn' rel=\"noopener\"><span class='avia_hidden_link_text'>Compartir en LinkedIn<\/span><\/a><\/li><li class='av-share-link av-social-link-mail' ><a  aria-label=\"Compartir por correo\" href='mailto:?subject=Senado%20descongela%20proyecto%20de%20protecci%C3%B3n%20de%20glaciares&#038;body=https:\/\/radiorevelacionfm.cl\/?p=34376' aria-hidden='false' data-av_icon='\ue805' data-av_iconfont='entypo-fontello' title='' data-avia-related-tooltip='Compartir por correo'><span class='avia_hidden_link_text'>Compartir por correo<\/span><\/a><\/li><\/ul><\/div><\/div>\n<div  style='height:50px' class='hr hr-invisible   avia-builder-el-8  el_after_av_social_share  el_before_av_comments_list '><span class='hr-inner ' ><span class='hr-inner-style'><\/span><\/span><\/div>\n<div  class='av-buildercomment  av-blog-meta-html-info-disabled av-blog-meta-tag-disabled  '><\/div>\n","protected":false},"excerpt":{"rendered":"","protected":false},"author":1,"featured_media":34377,"comment_status":"open","ping_status":"open","sticky":false,"template":"","format":"standard","meta":{"footnotes":""},"categories":[61],"tags":[],"class_list":["post-34376","post","type-post","status-publish","format-standard","has-post-thumbnail","hentry","category-nacional"],"jetpack_featured_media_url":"https:\/\/radiorevelacionfm.cl\/wp-content\/uploads\/2023\/08\/glaciar-2-800x535-1-1.jpg","_links":{"self":[{"href":"https:\/\/radiorevelacionfm.cl\/index.php?rest_route=\/wp\/v2\/posts\/34376","targetHints":{"allow":["GET"]}}],"collection":[{"href":"https:\/\/radiorevelacionfm.cl\/index.php?rest_route=\/wp\/v2\/posts"}],"about":[{"href":"https:\/\/radiorevelacionfm.cl\/index.php?rest_route=\/wp\/v2\/types\/post"}],"author":[{"embeddable":true,"href":"https:\/\/radiorevelacionfm.cl\/index.php?rest_route=\/wp\/v2\/users\/1"}],"replies":[{"embeddable":true,"href":"https:\/\/radiorevelacionfm.cl\/index.php?rest_route=%2Fwp%2Fv2%2Fcomments&post=34376"}],"version-history":[{"count":1,"href":"https:\/\/radiorevelacionfm.cl\/index.php?rest_route=\/wp\/v2\/posts\/34376\/revisions"}],"predecessor-version":[{"id":34378,"href":"https:\/\/radiorevelacionfm.cl\/index.php?rest_route=\/wp\/v2\/posts\/34376\/revisions\/34378"}],"wp:featuredmedia":[{"embeddable":true,"href":"https:\/\/radiorevelacionfm.cl\/index.php?rest_route=\/wp\/v2\/media\/34377"}],"wp:attachment":[{"href":"https:\/\/radiorevelacionfm.cl\/index.php?rest_route=%2Fwp%2Fv2%2Fmedia&parent=34376"}],"wp:term":[{"taxonomy":"category","embeddable":true,"href":"https:\/\/radiorevelacionfm.cl\/index.php?rest_route=%2Fwp%2Fv2%2Fcategories&post=34376"},{"taxonomy":"post_tag","embeddable":true,"href":"https:\/\/radiorevelacionfm.cl\/index.php?rest_route=%2Fwp%2Fv2%2Ftags&post=34376"}],"curies":[{"name":"wp","href":"https:\/\/api.w.org\/{rel}","templated":true}]}}