{"id":34364,"date":"2023-08-29T14:27:34","date_gmt":"2023-08-29T17:27:34","guid":{"rendered":"https:\/\/radiorevelacionfm.cl\/?p=34364"},"modified":"2023-08-29T14:27:34","modified_gmt":"2023-08-29T17:27:34","slug":"mas-de-100-emprendedoras-es-de-aysen-y-guaitecas-dan-un-impulso-a-sus-negocios-con-apoyo-del-fosis","status":"publish","type":"post","link":"https:\/\/radiorevelacionfm.cl\/?p=34364","title":{"rendered":"M\u00e1s de 100 emprendedoras\/es de Ays\u00e9n y Guaitecas dan un impulso a sus negocios con apoyo del FOSIS"},"content":{"rendered":"<div class=\"flex_column av_one_full  flex_column_div av-zero-column-padding first  avia-builder-el-0  el_before_av_one_full  avia-builder-el-first  \" style='border-radius:0px; '><div  class='avia-image-container  av-styling-    avia-builder-el-1  avia-builder-el-no-sibling  avia-align-center '  itemprop=\"image\" itemscope=\"itemscope\" itemtype=\"https:\/\/schema.org\/ImageObject\"  ><div class='avia-image-container-inner'><div class='avia-image-overlay-wrap'><img decoding=\"async\" class='wp-image-34365 avia-img-lazy-loading-not-34365 avia_image' src=\"https:\/\/radiorevelacionfm.cl\/wp-content\/uploads\/2023\/08\/img_20230822_122104014-1_optimized.jpg\" alt='' title='img_20230822_122104014-(1)_optimized' height=\"600\" width=\"996\"  itemprop=\"thumbnailUrl\" srcset=\"https:\/\/radiorevelacionfm.cl\/wp-content\/uploads\/2023\/08\/img_20230822_122104014-1_optimized.jpg 996w, https:\/\/radiorevelacionfm.cl\/wp-content\/uploads\/2023\/08\/img_20230822_122104014-1_optimized-300x181.jpg 300w, https:\/\/radiorevelacionfm.cl\/wp-content\/uploads\/2023\/08\/img_20230822_122104014-1_optimized-768x463.jpg 768w, https:\/\/radiorevelacionfm.cl\/wp-content\/uploads\/2023\/08\/img_20230822_122104014-1_optimized-705x425.jpg 705w, https:\/\/radiorevelacionfm.cl\/wp-content\/uploads\/2023\/08\/img_20230822_122104014-1_optimized-450x271.jpg 450w, https:\/\/radiorevelacionfm.cl\/wp-content\/uploads\/2023\/08\/img_20230822_122104014-1_optimized-600x361.jpg 600w\" sizes=\"(max-width: 996px) 100vw, 996px\" \/><\/div><\/div><\/div><\/div><div class=\"flex_column av_one_full  flex_column_div av-zero-column-padding first  avia-builder-el-2  el_after_av_one_full  el_before_av_one_full  column-top-margin\" style='border-radius:0px; '><section class=\"av_textblock_section \"  itemscope=\"itemscope\" itemtype=\"https:\/\/schema.org\/BlogPosting\" itemprop=\"blogPost\" ><div class='avia_textblock  '   itemprop=\"text\" ><p style=\"text-align: center;\"><span style=\"font-size: 18pt;\"><b>M\u00e1s de 100 emprendedoras\/es de Ays\u00e9n y Guaitecas dan un impulso a sus negocios con apoyo del FOSIS<\/b><\/span><\/p>\n<div id=\"gtx-trans\" style=\"position: absolute; left: -50px; top: 4.31534px;\">\n<div class=\"gtx-trans-icon\"><\/div>\n<\/div>\n<\/div><\/section><\/div><div class=\"flex_column av_one_full  flex_column_div av-zero-column-padding first  avia-builder-el-4  el_after_av_one_full  el_before_av_hr  column-top-margin\" style='border-radius:0px; '><section class=\"av_textblock_section \"  itemscope=\"itemscope\" itemtype=\"https:\/\/schema.org\/BlogPosting\" itemprop=\"blogPost\" ><div class='avia_textblock  '   itemprop=\"text\" ><p class=\"v1MsoNormal\" style=\"text-align: justify;\">El inicio de los talleres de capacitaci\u00f3n y firma de acta de compromiso cont\u00f3 con la presencia del Delegado Presidencial Provincial de Ays\u00e9n, Jorge D\u00edaz y la Directora Regional del FOSIS Ays\u00e9n, Fernanda Leiva; quienes compartieron en esta instancia de bienvenida para 111 usuarias y usuarios de las comunas de Ays\u00e9n y Guaitecas que buscan concretar sus ideas de negocio o fortalecer emprendimientos ya existentes con apoyo del Fondo de Solidaridad e Inversi\u00f3n Social, FOSIS.<\/p>\n<p class=\"v1MsoNormal\" style=\"text-align: justify;\">Los usuarios y usuarias seleccionadas de los programas Emprendamos B\u00e1sico y Emprendamos Semilla para familias del Subsistema de Seguridades y Oportunidades reafirmaron su voluntad de participaci\u00f3n y se comprometieron a cumplir con todas las etapas consideradas por el proyecto, que les entregar\u00e1 capacitaciones, asesor\u00edas t\u00e9cnicas personalizadas y el financiamiento de un plan de negocios.<\/p>\n<p class=\"v1MsoNormal\" style=\"text-align: justify;\">El emprendedor Juan Bustamante de Caldero Patag\u00f3n, coment\u00f3 que \u00abmi emprendimiento tiene que ver con la fabricaci\u00f3n de comida tradicional chilota patagona, en formato de cocina m\u00f3vil que busca rescatar recetas tradicionales para compartir con los visitantes y poblaci\u00f3n local en funci\u00f3n de eventos y actividades que se hacen a lo largo y ancho de la carretera austral. Agradecer al FOSIS por la oportunidad de participar de este emprendimiento que sin dudas va a ser un gran apoyo para concretar necesidades estructurales que tienen mi emprendimiento y ser parte del desarrollo econ\u00f3mico de mi localidad\u00bb.<\/p>\n<p class=\"v1MsoNormal\" style=\"text-align: justify;\">El Delegado Presidencial Provincial de Ays\u00e9n, Jorge D\u00edaz, destac\u00f3 que \u00abpara nuestro Gobierno es muy importante que las personas puedan incorporarse a estos cursos, saber qu\u00e9 es lo que van a hacer, explorar las alternativas que tiene su mercado. Si bien los programas son de baja envergadura en t\u00e9rminos econ\u00f3micos, si son un paso importante para iniciarse. Muchos van a quedar en el camino, pero otros luego van a acceder a Sercotec, Corfo, la banca y pueden generarse unidades econ\u00f3micas que permitan mejorar sus condiciones de vida y generar espacios de trabajo para otras familias\u00bb.<\/p>\n<p class=\"v1MsoNormal\" style=\"text-align: justify;\">Fernanda Leiva, Directora Regional del FOSIS Ays\u00e9n, asegur\u00f3 que \u00abpara nosotros es importante marcar el hito del inicio de esta cobertura 2023, felicitando a quienes quedaron seleccionados, de las muchas personas que postularon, e invitar a todas la usuarias y usuarios a aprovechar esta oportunidad. Para nosotros como Gobierno es muy importante entregar herramientas y fortalecer las capacidades de las personas. Los programas del FOSIS buscan llegara las personas m\u00e1s vulnerables para que ellos a trav\u00e9s de su propio esfuerzo tengan posibilidades, generen autonom\u00eda y puedan sacar adelante a sus familias\u00bb.<\/p>\n<p class=\"v1MsoNormal\" style=\"text-align: justify;\">Los programas Emprendamos Semilla y B\u00e1sico entregan apoyo para iniciar y desarrollar un negocio o trabajo independiente que permita generar o aumentar ingresos y est\u00e1 dirigido a quienes tienen una idea de negocio y a quienes ya tienen un emprendimiento en funcionamiento.<\/p>\n<\/div><\/section><\/div><div  style='height:50px' class='hr hr-invisible   avia-builder-el-6  el_after_av_one_full  el_before_av_social_share '><span class='hr-inner ' ><span class='hr-inner-style'><\/span><\/span><\/div><\/p>\n<div  class='av-social-sharing-box  avia-builder-el-7  el_after_av_hr  el_before_av_hr  '><div class='av-share-box'><h5 class='av-share-link-description av-no-toc '>Compartir esta noticia<\/h5><ul class='av-share-box-list noLightbox'><li class='av-share-link av-social-link-facebook' ><a target=\"_blank\" aria-label=\"Compartir en Facebook\" href='https:\/\/www.facebook.com\/sharer.php?u=https:\/\/radiorevelacionfm.cl\/?p=34364&#038;t=M%C3%A1s%20de%20100%20emprendedoras%2Fes%20de%20Ays%C3%A9n%20y%20Guaitecas%20dan%20un%20impulso%20a%20sus%20negocios%20con%20apoyo%20del%20FOSIS' aria-hidden='false' data-av_icon='\ue8f3' data-av_iconfont='entypo-fontello' title='' data-avia-related-tooltip='Compartir en Facebook' rel=\"noopener\"><span class='avia_hidden_link_text'>Compartir en Facebook<\/span><\/a><\/li><li class='av-share-link av-social-link-twitter' ><a target=\"_blank\" aria-label=\"Compartir en Twitter\" href='https:\/\/twitter.com\/share?text=M%C3%A1s%20de%20100%20emprendedoras%2Fes%20de%20Ays%C3%A9n%20y%20Guaitecas%20dan%20un%20impulso%20a%20sus%20negocios%20con%20apoyo%20del%20FOSIS&#038;url=https:\/\/radiorevelacionfm.cl\/?p=34364' aria-hidden='false' data-av_icon='\ue8f1' data-av_iconfont='entypo-fontello' title='' data-avia-related-tooltip='Compartir en Twitter' rel=\"noopener\"><span class='avia_hidden_link_text'>Compartir en Twitter<\/span><\/a><\/li><li class='av-share-link av-social-link-whatsapp' ><a target=\"_blank\" aria-label=\"Compartir en Whatsapp\" href='https:\/\/api.whatsapp.com\/send?text=https:\/\/radiorevelacionfm.cl\/?p=34364' aria-hidden='false' data-av_icon='\uf232' data-av_iconfont='entypo-fontello' title='' data-avia-related-tooltip='Compartir en Whatsapp' rel=\"noopener\"><span class='avia_hidden_link_text'>Compartir en Whatsapp<\/span><\/a><\/li><li class='av-share-link av-social-link-linkedin' ><a target=\"_blank\" aria-label=\"Compartir en LinkedIn\" href='https:\/\/linkedin.com\/shareArticle?mini=true&#038;title=M%C3%A1s%20de%20100%20emprendedoras%2Fes%20de%20Ays%C3%A9n%20y%20Guaitecas%20dan%20un%20impulso%20a%20sus%20negocios%20con%20apoyo%20del%20FOSIS&#038;url=https:\/\/radiorevelacionfm.cl\/?p=34364' aria-hidden='false' data-av_icon='\ue8fc' data-av_iconfont='entypo-fontello' title='' data-avia-related-tooltip='Compartir en LinkedIn' rel=\"noopener\"><span class='avia_hidden_link_text'>Compartir en LinkedIn<\/span><\/a><\/li><li class='av-share-link av-social-link-mail' ><a  aria-label=\"Compartir por correo\" href='mailto:?subject=M%C3%A1s%20de%20100%20emprendedoras%2Fes%20de%20Ays%C3%A9n%20y%20Guaitecas%20dan%20un%20impulso%20a%20sus%20negocios%20con%20apoyo%20del%20FOSIS&#038;body=https:\/\/radiorevelacionfm.cl\/?p=34364' aria-hidden='false' data-av_icon='\ue805' data-av_iconfont='entypo-fontello' title='' data-avia-related-tooltip='Compartir por correo'><span class='avia_hidden_link_text'>Compartir por correo<\/span><\/a><\/li><\/ul><\/div><\/div>\n<div  style='height:50px' class='hr hr-invisible   avia-builder-el-8  el_after_av_social_share  el_before_av_comments_list '><span class='hr-inner ' ><span class='hr-inner-style'><\/span><\/span><\/div>\n<div  class='av-buildercomment  av-blog-meta-html-info-disabled av-blog-meta-tag-disabled  '><\/div>\n","protected":false},"excerpt":{"rendered":"","protected":false},"author":1,"featured_media":34365,"comment_status":"open","ping_status":"open","sticky":false,"template":"","format":"standard","meta":{"footnotes":""},"categories":[38],"tags":[],"class_list":["post-34364","post","type-post","status-publish","format-standard","has-post-thumbnail","hentry","category-regional"],"jetpack_featured_media_url":"https:\/\/radiorevelacionfm.cl\/wp-content\/uploads\/2023\/08\/img_20230822_122104014-1_optimized.jpg","_links":{"self":[{"href":"https:\/\/radiorevelacionfm.cl\/index.php?rest_route=\/wp\/v2\/posts\/34364","targetHints":{"allow":["GET"]}}],"collection":[{"href":"https:\/\/radiorevelacionfm.cl\/index.php?rest_route=\/wp\/v2\/posts"}],"about":[{"href":"https:\/\/radiorevelacionfm.cl\/index.php?rest_route=\/wp\/v2\/types\/post"}],"author":[{"embeddable":true,"href":"https:\/\/radiorevelacionfm.cl\/index.php?rest_route=\/wp\/v2\/users\/1"}],"replies":[{"embeddable":true,"href":"https:\/\/radiorevelacionfm.cl\/index.php?rest_route=%2Fwp%2Fv2%2Fcomments&post=34364"}],"version-history":[{"count":1,"href":"https:\/\/radiorevelacionfm.cl\/index.php?rest_route=\/wp\/v2\/posts\/34364\/revisions"}],"predecessor-version":[{"id":34366,"href":"https:\/\/radiorevelacionfm.cl\/index.php?rest_route=\/wp\/v2\/posts\/34364\/revisions\/34366"}],"wp:featuredmedia":[{"embeddable":true,"href":"https:\/\/radiorevelacionfm.cl\/index.php?rest_route=\/wp\/v2\/media\/34365"}],"wp:attachment":[{"href":"https:\/\/radiorevelacionfm.cl\/index.php?rest_route=%2Fwp%2Fv2%2Fmedia&parent=34364"}],"wp:term":[{"taxonomy":"category","embeddable":true,"href":"https:\/\/radiorevelacionfm.cl\/index.php?rest_route=%2Fwp%2Fv2%2Fcategories&post=34364"},{"taxonomy":"post_tag","embeddable":true,"href":"https:\/\/radiorevelacionfm.cl\/index.php?rest_route=%2Fwp%2Fv2%2Ftags&post=34364"}],"curies":[{"name":"wp","href":"https:\/\/api.w.org\/{rel}","templated":true}]}}