{"id":34361,"date":"2023-08-29T16:25:04","date_gmt":"2023-08-29T19:25:04","guid":{"rendered":"https:\/\/radiorevelacionfm.cl\/?p=34361"},"modified":"2023-08-29T16:25:04","modified_gmt":"2023-08-29T19:25:04","slug":"calisto-pide-a-nueva-ministra-de-desarrollo-regional-incluir-aumento-de-cobertura-y-monto-del-bono-lena-en-ley-de-presupuesto-2024","status":"publish","type":"post","link":"https:\/\/radiorevelacionfm.cl\/?p=34361","title":{"rendered":"Calisto pide a nueva ministra de Desarrollo Regional incluir aumento de cobertura y monto del Bono Le\u00f1a en ley de presupuesto 2024"},"content":{"rendered":"<div class=\"flex_column av_one_full  flex_column_div av-zero-column-padding first  avia-builder-el-0  el_before_av_one_full  avia-builder-el-first  \" style='border-radius:0px; '><div  class='avia-image-container  av-styling-    avia-builder-el-1  avia-builder-el-no-sibling  avia-align-center '  itemprop=\"image\" itemscope=\"itemscope\" itemtype=\"https:\/\/schema.org\/ImageObject\"  ><div class='avia-image-container-inner'><div class='avia-image-overlay-wrap'><img decoding=\"async\" class='wp-image-34362 avia-img-lazy-loading-not-34362 avia_image' src=\"https:\/\/radiorevelacionfm.cl\/wp-content\/uploads\/2023\/08\/foto-calisto-javiera-toro-1_optimized.jpeg\" alt='' title='foto-calisto-javiera-toro-(1)_optimized' height=\"600\" width=\"794\"  itemprop=\"thumbnailUrl\" srcset=\"https:\/\/radiorevelacionfm.cl\/wp-content\/uploads\/2023\/08\/foto-calisto-javiera-toro-1_optimized.jpeg 794w, https:\/\/radiorevelacionfm.cl\/wp-content\/uploads\/2023\/08\/foto-calisto-javiera-toro-1_optimized-300x227.jpeg 300w, https:\/\/radiorevelacionfm.cl\/wp-content\/uploads\/2023\/08\/foto-calisto-javiera-toro-1_optimized-768x580.jpeg 768w, https:\/\/radiorevelacionfm.cl\/wp-content\/uploads\/2023\/08\/foto-calisto-javiera-toro-1_optimized-705x533.jpeg 705w, https:\/\/radiorevelacionfm.cl\/wp-content\/uploads\/2023\/08\/foto-calisto-javiera-toro-1_optimized-450x340.jpeg 450w, https:\/\/radiorevelacionfm.cl\/wp-content\/uploads\/2023\/08\/foto-calisto-javiera-toro-1_optimized-600x453.jpeg 600w\" sizes=\"(max-width: 794px) 100vw, 794px\" \/><\/div><\/div><\/div><\/div><div class=\"flex_column av_one_full  flex_column_div av-zero-column-padding first  avia-builder-el-2  el_after_av_one_full  el_before_av_one_full  column-top-margin\" style='border-radius:0px; '><section class=\"av_textblock_section \"  itemscope=\"itemscope\" itemtype=\"https:\/\/schema.org\/BlogPosting\" itemprop=\"blogPost\" ><div class='avia_textblock  '   itemprop=\"text\" ><p style=\"text-align: center;\"><strong><span style=\"font-size: 18pt;\">Calisto pide a nueva ministra de Desarrollo Regional incluir aumento de cobertura y monto del Bono Le\u00f1a en ley de presupuesto 2024<\/span><\/strong><\/p>\n<div id=\"gtx-trans\" style=\"position: absolute; left: -50px; top: 4.31534px;\">\n<div class=\"gtx-trans-icon\"><\/div>\n<\/div>\n<\/div><\/section><\/div><div class=\"flex_column av_one_full  flex_column_div av-zero-column-padding first  avia-builder-el-4  el_after_av_one_full  el_before_av_hr  column-top-margin\" style='border-radius:0px; '><section class=\"av_textblock_section \"  itemscope=\"itemscope\" itemtype=\"https:\/\/schema.org\/BlogPosting\" itemprop=\"blogPost\" ><div class='avia_textblock  '   itemprop=\"text\" ><p style=\"font-weight: 400; text-align: justify;\">El diputado Miguel \u00c1ngel Calisto se reuni\u00f3 con la nueva ministra de Desarrollo Social, Javiera Toro, instancia en la que pudo plantearle su preocupaci\u00f3n por el monto y el alcance del bono de calefacci\u00f3n, por lo que plante\u00f3 la urgente necesidad que estas modificaciones sean consideradas en la ley de presupuesto 2024.<\/p>\n<p style=\"font-weight: 400; text-align: justify;\">Seg\u00fan el legislador, \u201cle planteamos a la Ministra la necesidad para que con miras al presupuesto 2024, se considere la asignaci\u00f3n del bono le\u00f1a con un reajuste en monto y tambi\u00e9n en cobertura. Vimos que este a\u00f1o lamentablemente el Gobierno no avanz\u00f3 en ampliar la cobertura a todas las personas que cumplan los requisitos\u201d.<\/p>\n<p style=\"font-weight: 400; text-align: justify;\">\u201cQued\u00f3 un porcentaje importante de familias sin bono le\u00f1a, por lo tanto lo primero que tenemos que asegurar en el presupuesto 2024 es que el 100% de las personas que cumplen el requisito, puedan acceder a este beneficio\u201d, se\u00f1al\u00f3.<\/p>\n<p style=\"font-weight: 400; text-align: justify;\">Calisto agreg\u00f3 que \u201cen segundo lugar, es importante avanzar en el aumento de este bono. Hoy ya ni siquiera est\u00e1 alcanzando para dos metros de le\u00f1a. Un metro est\u00e1 costando 60 o 70 mil pesos, por lo tanto, el bono est\u00e1 descontextualizado, fuera de la realidad econ\u00f3mica de las familias\u201d.<\/p>\n<p style=\"font-weight: 400; text-align: justify;\">Finalmente, Miguel \u00c1ngel Calisto se\u00f1al\u00f3 que \u201cesta pelea tenemos que darla ahora, no cuando se est\u00e1 entregando el bono que es en abril o mayo del pr\u00f3ximo a\u00f1o, hay que darla ahora con miras a la discusi\u00f3n que viene y as\u00ed dejar amarrado este aumento en la ley de presupuesto que regir\u00e1 para el pr\u00f3ximo a\u00f1o\u201d.<\/p>\n<\/div><\/section><\/div><div  style='height:50px' class='hr hr-invisible   avia-builder-el-6  el_after_av_one_full  el_before_av_social_share '><span class='hr-inner ' ><span class='hr-inner-style'><\/span><\/span><\/div><\/p>\n<div  class='av-social-sharing-box  avia-builder-el-7  el_after_av_hr  el_before_av_hr  '><div class='av-share-box'><h5 class='av-share-link-description av-no-toc '>Compartir esta noticia<\/h5><ul class='av-share-box-list noLightbox'><li class='av-share-link av-social-link-facebook' ><a target=\"_blank\" aria-label=\"Compartir en Facebook\" href='https:\/\/www.facebook.com\/sharer.php?u=https:\/\/radiorevelacionfm.cl\/?p=34361&#038;t=Calisto%20pide%20a%20nueva%20ministra%20de%20Desarrollo%20Regional%20incluir%20aumento%20de%20cobertura%20y%20monto%20del%20Bono%20Le%C3%B1a%20en%20ley%20de%20presupuesto%202024' aria-hidden='false' data-av_icon='\ue8f3' data-av_iconfont='entypo-fontello' title='' data-avia-related-tooltip='Compartir en Facebook' rel=\"noopener\"><span class='avia_hidden_link_text'>Compartir en Facebook<\/span><\/a><\/li><li class='av-share-link av-social-link-twitter' ><a target=\"_blank\" aria-label=\"Compartir en Twitter\" href='https:\/\/twitter.com\/share?text=Calisto%20pide%20a%20nueva%20ministra%20de%20Desarrollo%20Regional%20incluir%20aumento%20de%20cobertura%20y%20monto%20del%20Bono%20Le%C3%B1a%20en%20ley%20de%20presupuesto%202024&#038;url=https:\/\/radiorevelacionfm.cl\/?p=34361' aria-hidden='false' data-av_icon='\ue8f1' data-av_iconfont='entypo-fontello' title='' data-avia-related-tooltip='Compartir en Twitter' rel=\"noopener\"><span class='avia_hidden_link_text'>Compartir en Twitter<\/span><\/a><\/li><li class='av-share-link av-social-link-whatsapp' ><a target=\"_blank\" aria-label=\"Compartir en Whatsapp\" href='https:\/\/api.whatsapp.com\/send?text=https:\/\/radiorevelacionfm.cl\/?p=34361' aria-hidden='false' data-av_icon='\uf232' data-av_iconfont='entypo-fontello' title='' data-avia-related-tooltip='Compartir en Whatsapp' rel=\"noopener\"><span class='avia_hidden_link_text'>Compartir en Whatsapp<\/span><\/a><\/li><li class='av-share-link av-social-link-linkedin' ><a target=\"_blank\" aria-label=\"Compartir en LinkedIn\" href='https:\/\/linkedin.com\/shareArticle?mini=true&#038;title=Calisto%20pide%20a%20nueva%20ministra%20de%20Desarrollo%20Regional%20incluir%20aumento%20de%20cobertura%20y%20monto%20del%20Bono%20Le%C3%B1a%20en%20ley%20de%20presupuesto%202024&#038;url=https:\/\/radiorevelacionfm.cl\/?p=34361' aria-hidden='false' data-av_icon='\ue8fc' data-av_iconfont='entypo-fontello' title='' data-avia-related-tooltip='Compartir en LinkedIn' rel=\"noopener\"><span class='avia_hidden_link_text'>Compartir en LinkedIn<\/span><\/a><\/li><li class='av-share-link av-social-link-mail' ><a  aria-label=\"Compartir por correo\" href='mailto:?subject=Calisto%20pide%20a%20nueva%20ministra%20de%20Desarrollo%20Regional%20incluir%20aumento%20de%20cobertura%20y%20monto%20del%20Bono%20Le%C3%B1a%20en%20ley%20de%20presupuesto%202024&#038;body=https:\/\/radiorevelacionfm.cl\/?p=34361' aria-hidden='false' data-av_icon='\ue805' data-av_iconfont='entypo-fontello' title='' data-avia-related-tooltip='Compartir por correo'><span class='avia_hidden_link_text'>Compartir por correo<\/span><\/a><\/li><\/ul><\/div><\/div>\n<div  style='height:50px' class='hr hr-invisible   avia-builder-el-8  el_after_av_social_share  el_before_av_comments_list '><span class='hr-inner ' ><span class='hr-inner-style'><\/span><\/span><\/div>\n<div  class='av-buildercomment  av-blog-meta-html-info-disabled av-blog-meta-tag-disabled  '><\/div>\n","protected":false},"excerpt":{"rendered":"","protected":false},"author":1,"featured_media":34362,"comment_status":"open","ping_status":"open","sticky":false,"template":"","format":"standard","meta":{"footnotes":""},"categories":[35],"tags":[],"class_list":["post-34361","post","type-post","status-publish","format-standard","has-post-thumbnail","hentry","category-politica"],"jetpack_featured_media_url":"https:\/\/radiorevelacionfm.cl\/wp-content\/uploads\/2023\/08\/foto-calisto-javiera-toro-1_optimized.jpeg","_links":{"self":[{"href":"https:\/\/radiorevelacionfm.cl\/index.php?rest_route=\/wp\/v2\/posts\/34361","targetHints":{"allow":["GET"]}}],"collection":[{"href":"https:\/\/radiorevelacionfm.cl\/index.php?rest_route=\/wp\/v2\/posts"}],"about":[{"href":"https:\/\/radiorevelacionfm.cl\/index.php?rest_route=\/wp\/v2\/types\/post"}],"author":[{"embeddable":true,"href":"https:\/\/radiorevelacionfm.cl\/index.php?rest_route=\/wp\/v2\/users\/1"}],"replies":[{"embeddable":true,"href":"https:\/\/radiorevelacionfm.cl\/index.php?rest_route=%2Fwp%2Fv2%2Fcomments&post=34361"}],"version-history":[{"count":1,"href":"https:\/\/radiorevelacionfm.cl\/index.php?rest_route=\/wp\/v2\/posts\/34361\/revisions"}],"predecessor-version":[{"id":34363,"href":"https:\/\/radiorevelacionfm.cl\/index.php?rest_route=\/wp\/v2\/posts\/34361\/revisions\/34363"}],"wp:featuredmedia":[{"embeddable":true,"href":"https:\/\/radiorevelacionfm.cl\/index.php?rest_route=\/wp\/v2\/media\/34362"}],"wp:attachment":[{"href":"https:\/\/radiorevelacionfm.cl\/index.php?rest_route=%2Fwp%2Fv2%2Fmedia&parent=34361"}],"wp:term":[{"taxonomy":"category","embeddable":true,"href":"https:\/\/radiorevelacionfm.cl\/index.php?rest_route=%2Fwp%2Fv2%2Fcategories&post=34361"},{"taxonomy":"post_tag","embeddable":true,"href":"https:\/\/radiorevelacionfm.cl\/index.php?rest_route=%2Fwp%2Fv2%2Ftags&post=34361"}],"curies":[{"name":"wp","href":"https:\/\/api.w.org\/{rel}","templated":true}]}}