{"id":34359,"date":"2023-08-29T14:07:23","date_gmt":"2023-08-29T17:07:23","guid":{"rendered":"https:\/\/radiorevelacionfm.cl\/?p=34359"},"modified":"2023-08-29T14:07:23","modified_gmt":"2023-08-29T17:07:23","slug":"tres-imputados-por-disparos-desde-el-interior-de-una-casa-en-coyhaique-quedaron-en-prision-preventiva-e-internacion-provisoria","status":"publish","type":"post","link":"https:\/\/radiorevelacionfm.cl\/?p=34359","title":{"rendered":"Tres imputados por disparos desde el interior de una casa en Coyhaique quedaron en prisi\u00f3n preventiva e internaci\u00f3n provisoria"},"content":{"rendered":"<div class=\"flex_column av_one_full  flex_column_div av-zero-column-padding first  avia-builder-el-0  el_before_av_one_full  avia-builder-el-first  \" style='border-radius:0px; '><div  class='avia-image-container  av-styling-    avia-builder-el-1  avia-builder-el-no-sibling  avia-align-center '  itemprop=\"image\" itemscope=\"itemscope\" itemtype=\"https:\/\/schema.org\/ImageObject\"  ><div class='avia-image-container-inner'><div class='avia-image-overlay-wrap'><img decoding=\"async\" class='wp-image-30466 avia-img-lazy-loading-not-30466 avia_image' src=\"https:\/\/radiorevelacionfm.cl\/wp-content\/uploads\/2023\/04\/fiscalia-1_optimized.jpeg\" alt='' title='fiscalia-(1)_optimized' height=\"600\" width=\"919\"  itemprop=\"thumbnailUrl\" srcset=\"https:\/\/radiorevelacionfm.cl\/wp-content\/uploads\/2023\/04\/fiscalia-1_optimized.jpeg 919w, https:\/\/radiorevelacionfm.cl\/wp-content\/uploads\/2023\/04\/fiscalia-1_optimized-300x196.jpeg 300w, https:\/\/radiorevelacionfm.cl\/wp-content\/uploads\/2023\/04\/fiscalia-1_optimized-768x501.jpeg 768w, https:\/\/radiorevelacionfm.cl\/wp-content\/uploads\/2023\/04\/fiscalia-1_optimized-705x460.jpeg 705w, https:\/\/radiorevelacionfm.cl\/wp-content\/uploads\/2023\/04\/fiscalia-1_optimized-450x294.jpeg 450w, https:\/\/radiorevelacionfm.cl\/wp-content\/uploads\/2023\/04\/fiscalia-1_optimized-600x392.jpeg 600w\" sizes=\"(max-width: 919px) 100vw, 919px\" \/><\/div><\/div><\/div><\/div><div class=\"flex_column av_one_full  flex_column_div av-zero-column-padding first  avia-builder-el-2  el_after_av_one_full  el_before_av_one_full  column-top-margin\" style='border-radius:0px; '><section class=\"av_textblock_section \"  itemscope=\"itemscope\" itemtype=\"https:\/\/schema.org\/BlogPosting\" itemprop=\"blogPost\" ><div class='avia_textblock  '   itemprop=\"text\" ><p style=\"text-align: center;\"><span style=\"font-size: 18pt;\"><strong>Tres imputados por disparos desde el interior de una casa en Coyhaique quedaron en prisi\u00f3n preventiva e internaci\u00f3n provisoria<\/strong><\/span><\/p>\n<div id=\"gtx-trans\" style=\"position: absolute; left: -50px; top: 4.31534px;\">\n<div class=\"gtx-trans-icon\"><\/div>\n<\/div>\n<\/div><\/section><\/div><div class=\"flex_column av_one_full  flex_column_div av-zero-column-padding first  avia-builder-el-4  el_after_av_one_full  el_before_av_hr  column-top-margin\" style='border-radius:0px; '><section class=\"av_textblock_section \"  itemscope=\"itemscope\" itemtype=\"https:\/\/schema.org\/BlogPosting\" itemprop=\"blogPost\" ><div class='avia_textblock  '   itemprop=\"text\" ><p class=\"v1MsoNormal\" style=\"text-align: justify;\"><span lang=\"ES\">La Fiscal\u00eda Local de Coyhaique formaliz\u00f3 a tres imputados, uno de ellos adolescente, por el delito de porte de arma prohibida, quienes fueron detenidos el s\u00e1bado reci\u00e9n pasado por personal de la Primera Comisar\u00eda de Coyhaique, luego de una denuncia por disparos efectuados desde el interior de un domicilio en el sector alto de la ciudad.\u00a0\u00a0<\/span><\/p>\n<p class=\"v1MsoNormal\" style=\"text-align: justify;\"><span lang=\"ES\">Seg\u00fan explic\u00f3 el fiscal subrogante, Mat\u00edas Manzano, Carabineros recibi\u00f3 un llamado para trasladarse al sector de calle Thomas Anderson de Coyhaique, \u201cpor haberse gestado un procedimiento de disparos desde el interior de un domicilio\u201d. Al llegar personal policial, \u201cen ese instante, en la v\u00eda p\u00fablica, se encuentran con un veh\u00edculo con tres ocupantes en su interior\u201d.<\/span><\/p>\n<p class=\"v1MsoNormal\" style=\"text-align: justify;\"><span lang=\"ES\">En dicha circunstancia, Carabineros logra detectar que al menos uno de los sujetos manten\u00eda un arma de fuego en sus vestimentas. \u201cSe inicia una huida por parte de los imputados hacia el interior del domicilio, donde posteriormente Carabineros encuentra tres rev\u00f3lveres, armas de fuego, de los cuales uno de ellos no manten\u00eda su n\u00famero de serie\u201d.<\/span><\/p>\n<p class=\"v1MsoNormal\" style=\"text-align: justify;\"><span lang=\"ES\">Los tres imputados, dos adultos y un adolescente, fueron aprehendidos por Carabineros y formalizados este domingo ante el Juzgado de Garant\u00eda. Respecto de todos, la Fiscal\u00eda solicit\u00f3 la prisi\u00f3n preventiva e internaci\u00f3n provisoria, la cual fue otorgada por el Juzgado de Garant\u00eda respecto de los adultos y luego de la apelaci\u00f3n efectuada por el Ministerio P\u00fablico, la Ilustr\u00edsima Corte de Apelaciones decret\u00f3 la internaci\u00f3n provisoria del adolescente en el Centro de Justicia Juvenil del sector Tejas Verdes. Los dos imputados mayores de edad permanecen en el Complejo Penitenciario de Coyhaique.<\/span><\/p>\n<p class=\"v1MsoNormal\" style=\"text-align: justify;\"><span lang=\"ES\">El plazo para el t\u00e9rmino de la investigaci\u00f3n, que dirige el Ministerio P\u00fablico junto a Carabineros, es de 60 d\u00edas.<\/span><\/p>\n<\/div><\/section><\/div><div  style='height:50px' class='hr hr-invisible   avia-builder-el-6  el_after_av_one_full  el_before_av_social_share '><span class='hr-inner ' ><span class='hr-inner-style'><\/span><\/span><\/div><\/p>\n<div  class='av-social-sharing-box  avia-builder-el-7  el_after_av_hr  el_before_av_hr  '><div class='av-share-box'><h5 class='av-share-link-description av-no-toc '>Compartir esta noticia<\/h5><ul class='av-share-box-list noLightbox'><li class='av-share-link av-social-link-facebook' ><a target=\"_blank\" aria-label=\"Compartir en Facebook\" href='https:\/\/www.facebook.com\/sharer.php?u=https:\/\/radiorevelacionfm.cl\/?p=34359&#038;t=Tres%20imputados%20por%20disparos%20desde%20el%20interior%20de%20una%20casa%20en%20Coyhaique%20quedaron%20en%20prisi%C3%B3n%20preventiva%20e%20internaci%C3%B3n%20provisoria' aria-hidden='false' data-av_icon='\ue8f3' data-av_iconfont='entypo-fontello' title='' data-avia-related-tooltip='Compartir en Facebook' rel=\"noopener\"><span class='avia_hidden_link_text'>Compartir en Facebook<\/span><\/a><\/li><li class='av-share-link av-social-link-twitter' ><a target=\"_blank\" aria-label=\"Compartir en Twitter\" href='https:\/\/twitter.com\/share?text=Tres%20imputados%20por%20disparos%20desde%20el%20interior%20de%20una%20casa%20en%20Coyhaique%20quedaron%20en%20prisi%C3%B3n%20preventiva%20e%20internaci%C3%B3n%20provisoria&#038;url=https:\/\/radiorevelacionfm.cl\/?p=34359' aria-hidden='false' data-av_icon='\ue8f1' data-av_iconfont='entypo-fontello' title='' data-avia-related-tooltip='Compartir en Twitter' rel=\"noopener\"><span class='avia_hidden_link_text'>Compartir en Twitter<\/span><\/a><\/li><li class='av-share-link av-social-link-whatsapp' ><a target=\"_blank\" aria-label=\"Compartir en Whatsapp\" href='https:\/\/api.whatsapp.com\/send?text=https:\/\/radiorevelacionfm.cl\/?p=34359' aria-hidden='false' data-av_icon='\uf232' data-av_iconfont='entypo-fontello' title='' data-avia-related-tooltip='Compartir en Whatsapp' rel=\"noopener\"><span class='avia_hidden_link_text'>Compartir en Whatsapp<\/span><\/a><\/li><li class='av-share-link av-social-link-linkedin' ><a target=\"_blank\" aria-label=\"Compartir en LinkedIn\" href='https:\/\/linkedin.com\/shareArticle?mini=true&#038;title=Tres%20imputados%20por%20disparos%20desde%20el%20interior%20de%20una%20casa%20en%20Coyhaique%20quedaron%20en%20prisi%C3%B3n%20preventiva%20e%20internaci%C3%B3n%20provisoria&#038;url=https:\/\/radiorevelacionfm.cl\/?p=34359' aria-hidden='false' data-av_icon='\ue8fc' data-av_iconfont='entypo-fontello' title='' data-avia-related-tooltip='Compartir en LinkedIn' rel=\"noopener\"><span class='avia_hidden_link_text'>Compartir en LinkedIn<\/span><\/a><\/li><li class='av-share-link av-social-link-mail' ><a  aria-label=\"Compartir por correo\" href='mailto:?subject=Tres%20imputados%20por%20disparos%20desde%20el%20interior%20de%20una%20casa%20en%20Coyhaique%20quedaron%20en%20prisi%C3%B3n%20preventiva%20e%20internaci%C3%B3n%20provisoria&#038;body=https:\/\/radiorevelacionfm.cl\/?p=34359' aria-hidden='false' data-av_icon='\ue805' data-av_iconfont='entypo-fontello' title='' data-avia-related-tooltip='Compartir por correo'><span class='avia_hidden_link_text'>Compartir por correo<\/span><\/a><\/li><\/ul><\/div><\/div>\n<div  style='height:50px' class='hr hr-invisible   avia-builder-el-8  el_after_av_social_share  el_before_av_comments_list '><span class='hr-inner ' ><span class='hr-inner-style'><\/span><\/span><\/div>\n<div  class='av-buildercomment  av-blog-meta-html-info-disabled av-blog-meta-tag-disabled  '><\/div>\n","protected":false},"excerpt":{"rendered":"","protected":false},"author":1,"featured_media":30466,"comment_status":"open","ping_status":"open","sticky":false,"template":"","format":"standard","meta":{"footnotes":""},"categories":[36],"tags":[],"class_list":["post-34359","post","type-post","status-publish","format-standard","has-post-thumbnail","hentry","category-policial"],"jetpack_featured_media_url":"https:\/\/radiorevelacionfm.cl\/wp-content\/uploads\/2023\/04\/fiscalia-1_optimized.jpeg","_links":{"self":[{"href":"https:\/\/radiorevelacionfm.cl\/index.php?rest_route=\/wp\/v2\/posts\/34359","targetHints":{"allow":["GET"]}}],"collection":[{"href":"https:\/\/radiorevelacionfm.cl\/index.php?rest_route=\/wp\/v2\/posts"}],"about":[{"href":"https:\/\/radiorevelacionfm.cl\/index.php?rest_route=\/wp\/v2\/types\/post"}],"author":[{"embeddable":true,"href":"https:\/\/radiorevelacionfm.cl\/index.php?rest_route=\/wp\/v2\/users\/1"}],"replies":[{"embeddable":true,"href":"https:\/\/radiorevelacionfm.cl\/index.php?rest_route=%2Fwp%2Fv2%2Fcomments&post=34359"}],"version-history":[{"count":1,"href":"https:\/\/radiorevelacionfm.cl\/index.php?rest_route=\/wp\/v2\/posts\/34359\/revisions"}],"predecessor-version":[{"id":34360,"href":"https:\/\/radiorevelacionfm.cl\/index.php?rest_route=\/wp\/v2\/posts\/34359\/revisions\/34360"}],"wp:featuredmedia":[{"embeddable":true,"href":"https:\/\/radiorevelacionfm.cl\/index.php?rest_route=\/wp\/v2\/media\/30466"}],"wp:attachment":[{"href":"https:\/\/radiorevelacionfm.cl\/index.php?rest_route=%2Fwp%2Fv2%2Fmedia&parent=34359"}],"wp:term":[{"taxonomy":"category","embeddable":true,"href":"https:\/\/radiorevelacionfm.cl\/index.php?rest_route=%2Fwp%2Fv2%2Fcategories&post=34359"},{"taxonomy":"post_tag","embeddable":true,"href":"https:\/\/radiorevelacionfm.cl\/index.php?rest_route=%2Fwp%2Fv2%2Ftags&post=34359"}],"curies":[{"name":"wp","href":"https:\/\/api.w.org\/{rel}","templated":true}]}}