{"id":34356,"date":"2023-08-29T16:17:59","date_gmt":"2023-08-29T19:17:59","guid":{"rendered":"https:\/\/radiorevelacionfm.cl\/?p=34356"},"modified":"2023-09-10T16:18:20","modified_gmt":"2023-09-10T19:18:20","slug":"agrupaciones-de-derechos-humanos-conmemoran-50-anos-del-golpe-de-estado-con-actividades-artisticas-y-formativas","status":"publish","type":"post","link":"https:\/\/radiorevelacionfm.cl\/?p=34356","title":{"rendered":"Agrupaciones de derechos humanos conmemoran 50 a\u00f1os del Golpe de Estado con actividades art\u00edsticas y formativas"},"content":{"rendered":"<div class=\"flex_column av_one_full  flex_column_div av-zero-column-padding first  avia-builder-el-0  el_before_av_one_full  avia-builder-el-first  \" style='border-radius:0px; '><div  class='avia-image-container  av-styling-    avia-builder-el-1  avia-builder-el-no-sibling  avia-align-center '  itemprop=\"image\" itemscope=\"itemscope\" itemtype=\"https:\/\/schema.org\/ImageObject\"  ><div class='avia-image-container-inner'><div class='avia-image-overlay-wrap'><img decoding=\"async\" class='wp-image-34357 avia-img-lazy-loading-not-34357 avia_image' src=\"https:\/\/radiorevelacionfm.cl\/wp-content\/uploads\/2023\/08\/sitio-memoria-aysen-1_optimized.jpg\" alt='' title='sitio-memoria-aysen-(1)_optimized' height=\"600\" width=\"899\"  itemprop=\"thumbnailUrl\" srcset=\"https:\/\/radiorevelacionfm.cl\/wp-content\/uploads\/2023\/08\/sitio-memoria-aysen-1_optimized.jpg 899w, https:\/\/radiorevelacionfm.cl\/wp-content\/uploads\/2023\/08\/sitio-memoria-aysen-1_optimized-300x200.jpg 300w, https:\/\/radiorevelacionfm.cl\/wp-content\/uploads\/2023\/08\/sitio-memoria-aysen-1_optimized-768x513.jpg 768w, https:\/\/radiorevelacionfm.cl\/wp-content\/uploads\/2023\/08\/sitio-memoria-aysen-1_optimized-705x471.jpg 705w, https:\/\/radiorevelacionfm.cl\/wp-content\/uploads\/2023\/08\/sitio-memoria-aysen-1_optimized-450x300.jpg 450w, https:\/\/radiorevelacionfm.cl\/wp-content\/uploads\/2023\/08\/sitio-memoria-aysen-1_optimized-600x400.jpg 600w\" sizes=\"(max-width: 899px) 100vw, 899px\" \/><\/div><\/div><\/div><\/div><div class=\"flex_column av_one_full  flex_column_div av-zero-column-padding first  avia-builder-el-2  el_after_av_one_full  el_before_av_one_full  column-top-margin\" style='border-radius:0px; '><section class=\"av_textblock_section \"  itemscope=\"itemscope\" itemtype=\"https:\/\/schema.org\/BlogPosting\" itemprop=\"blogPost\" ><div class='avia_textblock  '   itemprop=\"text\" ><p style=\"text-align: center;\"><span style=\"font-size: 18pt;\"><strong>Agrupaciones de derechos humanos conmemoran 50 a\u00f1os del Golpe de Estado con actividades art\u00edsticas y formativas <\/strong><\/span><\/p>\n<div id=\"gtx-trans\" style=\"position: absolute; left: -50px; top: 4.31534px;\">\n<div class=\"gtx-trans-icon\"><\/div>\n<\/div>\n<\/div><\/section><\/div><div class=\"flex_column av_one_full  flex_column_div av-zero-column-padding first  avia-builder-el-4  el_after_av_one_full  el_before_av_hr  column-top-margin\" style='border-radius:0px; '><section class=\"av_textblock_section \"  itemscope=\"itemscope\" itemtype=\"https:\/\/schema.org\/BlogPosting\" itemprop=\"blogPost\" ><div class='avia_textblock  '   itemprop=\"text\" ><p style=\"text-align: justify;\">Bajo convenio de la Seremi de las Culturas Ays\u00e9n, mediante la Unidad de Cultura, Memoria y DD.HH y el programa Fortalecimiento de la Identidad Cultural Regional (FICR), la Agrupaci\u00f3n de Derechos Humanos de Coyhaique y Trinchera Utop\u00eda Biblioteca se encuentran realizando un activo trabajo en el tejido social. Para este a\u00f1o, de manera paralela, han programado actividades en varios puntos del territorio para propiciar espacios de reflexi\u00f3n en torno a la memoria y derechos humanos.<\/p>\n<p style=\"text-align: justify;\">Las iniciativas estrat\u00e9gicas regionales \u201cA cincuenta a\u00f1os del Golpe, sembramos memoria para cultivar justicia\u201d de Trinchera Utop\u00eda Biblioteca y \u201cHaciendo memoria en los 50 a\u00f1os\u201d de la Agrupaci\u00f3n de Derechos Humanos de Coyhaique, emergen a partir de reuniones sostenidas en el trascurso del a\u00f1o para abordar diversas acciones en la conmemoraci\u00f3n impulsada por el Gobierno y la cartera cultural desde la mirada formativa, art\u00edstica, adem\u00e1s de la apertura a la identificaci\u00f3n de nuevos sitios o lugares de memoria en Ays\u00e9n.<\/p>\n<p style=\"text-align: justify;\">Al respecto, el seremi de Culturas Ays\u00e9n, Felipe Quiroz valor\u00f3 el compromiso de quienes mantienen latente los espacios destinados a preservar la historia, recalcando que es \u201cfundamental este ejercicio de memoria y trabajo incansable que han desarrollado las agrupaciones durante d\u00e9cadas para mantener vigente la deuda que tenemos como sociedad respecto a garant\u00edas de reparaci\u00f3n y a la memoria hist\u00f3rica\u201d.<\/p>\n<p style=\"text-align: justify;\">Glor\u00eda Hern\u00e1ndez, integrante de Trinchera Utop\u00eda Biblioteca pone el acento en el presente, la necesidad contin\u00faa de educarse mutuamente y de hacer investigaci\u00f3n en torno a la materia. \u201cLa memoria la construimos en conjunto, ya que todas y todos tenemos experiencias de violaci\u00f3n a los derechos humanos\u201d a lo que agreg\u00f3: \u201cLa memoria no est\u00e1 circunscrita al pasado, sino que vive hoy\u201d.<\/p>\n<p style=\"text-align: justify;\"><strong>Actividades art\u00edsticas<\/strong><\/p>\n<p style=\"text-align: justify;\">Hace algunos meses, Trinchera Utop\u00eda Biblioteca en conjunto a Diversa Patagonia efect\u00faan el Taller de Arpillera para poner en valor la memoria de las disidencias. \u201cHa sido una experiencia preciosa, de mucho encuentro entre personas, de mucho aprendizaje, de mucho conocer las luchas invisibilizadas tanto a trav\u00e9s de la historia como las actuales de las diversidades\u201d, explic\u00f3 Hern\u00e1ndez.<\/p>\n<p style=\"text-align: justify;\">Por otra parte, la Agrupaci\u00f3n de Derechos Humanos de Coyhaique despunt\u00f3 su calendario el 5 de agosto con las jornadas asociadas a la Segunda Comisaria de Puerto Ays\u00e9n, declarada Monumento Nacional bajo la ley 17.288. Mar\u00eda Vera, integrante de la organizaci\u00f3n detall\u00f3 que la instancia estuvo monitoreada por la docente Sandra Pi\u00f1eiro. \u201cElla es reconocida a nivel nacional por su vasta experiencia en pedagog\u00eda de la memoria y trabajos de investigaci\u00f3n en DD.HH y memoria\u201d. En la ocasi\u00f3n participaron 20 personas provenientes de la comuna de Ays\u00e9n. \u201cEn su mayor\u00eda eran profesores, lo que nos dej\u00f3 muy satisfechos\u201d.<\/p>\n<p style=\"text-align: justify;\">Otra actividad orientada a equipos formativos, es el Encuentro con Agentes Educadores para compartir una caja did\u00e1ctica y cuadernillo pedag\u00f3gico. El material busca trabajar \u201ccontenidos relacionados con memoria y derechos humanos, tanto con pre b\u00e1sica o primer ciclo, como tambi\u00e9n con ni\u00f1os, j\u00f3venes o personas m\u00e1s grandes. La cajita que est\u00e1 dirigida a personas m\u00e1s peque\u00f1as tiene relaci\u00f3n con memorias de la infancia latinoamericana, entonces tienen, por ejemplo, cuentos de las Abuelas de la Plaza de Mayo\u201d, detall\u00f3 Hern\u00e1ndez.<\/p>\n<p style=\"text-align: justify;\">Para el D\u00eda en contra de la Desaparici\u00f3n Forzada, en el paseo Horn, habr\u00e1 una intervenci\u00f3n urbana acompa\u00f1ada de una muestra fotogr\u00e1fica de detenidos desaparecidos. Le siguen la exposici\u00f3n \u201cMemorias ayseninas en los 50 a\u00f1os\u201d en el Centro Cultural Coyhaique el 4 de septiembre, para luego, el 11 del mismo mes, llevar a cabo el acto conmemorativo en el memorial de la capital regional con registros visuales y dos n\u00fameros art\u00edsticos, a cargo de la Agrupaci\u00f3n de Derechos Humanos de Coyhaique.<\/p>\n<p style=\"text-align: justify;\">En tanto, Trinchera Utop\u00eda Biblioteca, junto a la compa\u00f1\u00eda Teatro El \u00daltimo Carnaval y Malot\u00fan Ortiga, desde el 28 de agosto se encuentran coordinando ensayos para la intervenci\u00f3n teatral-musical que tendr\u00e1 lugar en Puerto Ays\u00e9n el 11 de septiembre. Los pr\u00f3ximos ensayos ser\u00e1n el 30 de agosto, 1, 6, 8 y 9 de septiembre. Las inscripciones son al correo <a href=\"mailto:convocatoria.elultimocarnaval@gmail.com\">convocatoria.elultimocarnaval@gmail.com<\/a>.<\/p>\n<p style=\"text-align: justify;\">Cabe destacar que ambas agrupaciones estar\u00e1n hasta finales de a\u00f1o con un intenso itinerario. Octubre, noviembre y diciembre consideran lenguajes art\u00edsticos que fluct\u00faan entre cuentos, muestras fotogr\u00e1ficas, artes esc\u00e9nicas y cine. Todos los detalles pueden consultarse en las redes sociales de Trinchera Utop\u00eda Biblioteca y la Agrupaci\u00f3n de Derechos Humanos de Coyhaique.<\/p>\n<\/div><\/section><\/div><div  style='height:50px' class='hr hr-invisible   avia-builder-el-6  el_after_av_one_full  el_before_av_social_share '><span class='hr-inner ' ><span class='hr-inner-style'><\/span><\/span><\/div><\/p>\n<div  class='av-social-sharing-box  avia-builder-el-7  el_after_av_hr  el_before_av_hr  '><div class='av-share-box'><h5 class='av-share-link-description av-no-toc '>Compartir esta noticia<\/h5><ul class='av-share-box-list noLightbox'><li class='av-share-link av-social-link-facebook' ><a target=\"_blank\" aria-label=\"Compartir en Facebook\" href='https:\/\/www.facebook.com\/sharer.php?u=https:\/\/radiorevelacionfm.cl\/?p=34356&#038;t=Agrupaciones%20de%20derechos%20humanos%20conmemoran%2050%20a%C3%B1os%20del%20Golpe%20de%20Estado%20con%20actividades%20art%C3%ADsticas%20y%20formativas' aria-hidden='false' data-av_icon='\ue8f3' data-av_iconfont='entypo-fontello' title='' data-avia-related-tooltip='Compartir en Facebook' rel=\"noopener\"><span class='avia_hidden_link_text'>Compartir en Facebook<\/span><\/a><\/li><li class='av-share-link av-social-link-twitter' ><a target=\"_blank\" aria-label=\"Compartir en Twitter\" href='https:\/\/twitter.com\/share?text=Agrupaciones%20de%20derechos%20humanos%20conmemoran%2050%20a%C3%B1os%20del%20Golpe%20de%20Estado%20con%20actividades%20art%C3%ADsticas%20y%20formativas&#038;url=https:\/\/radiorevelacionfm.cl\/?p=34356' aria-hidden='false' data-av_icon='\ue8f1' data-av_iconfont='entypo-fontello' title='' data-avia-related-tooltip='Compartir en Twitter' rel=\"noopener\"><span class='avia_hidden_link_text'>Compartir en Twitter<\/span><\/a><\/li><li class='av-share-link av-social-link-whatsapp' ><a target=\"_blank\" aria-label=\"Compartir en Whatsapp\" href='https:\/\/api.whatsapp.com\/send?text=https:\/\/radiorevelacionfm.cl\/?p=34356' aria-hidden='false' data-av_icon='\uf232' data-av_iconfont='entypo-fontello' title='' data-avia-related-tooltip='Compartir en Whatsapp' rel=\"noopener\"><span class='avia_hidden_link_text'>Compartir en Whatsapp<\/span><\/a><\/li><li class='av-share-link av-social-link-linkedin' ><a target=\"_blank\" aria-label=\"Compartir en LinkedIn\" href='https:\/\/linkedin.com\/shareArticle?mini=true&#038;title=Agrupaciones%20de%20derechos%20humanos%20conmemoran%2050%20a%C3%B1os%20del%20Golpe%20de%20Estado%20con%20actividades%20art%C3%ADsticas%20y%20formativas&#038;url=https:\/\/radiorevelacionfm.cl\/?p=34356' aria-hidden='false' data-av_icon='\ue8fc' data-av_iconfont='entypo-fontello' title='' data-avia-related-tooltip='Compartir en LinkedIn' rel=\"noopener\"><span class='avia_hidden_link_text'>Compartir en LinkedIn<\/span><\/a><\/li><li class='av-share-link av-social-link-mail' ><a  aria-label=\"Compartir por correo\" href='mailto:?subject=Agrupaciones%20de%20derechos%20humanos%20conmemoran%2050%20a%C3%B1os%20del%20Golpe%20de%20Estado%20con%20actividades%20art%C3%ADsticas%20y%20formativas&#038;body=https:\/\/radiorevelacionfm.cl\/?p=34356' aria-hidden='false' data-av_icon='\ue805' data-av_iconfont='entypo-fontello' title='' data-avia-related-tooltip='Compartir por correo'><span class='avia_hidden_link_text'>Compartir por correo<\/span><\/a><\/li><\/ul><\/div><\/div>\n<div  style='height:50px' class='hr hr-invisible   avia-builder-el-8  el_after_av_social_share  el_before_av_comments_list '><span class='hr-inner ' ><span class='hr-inner-style'><\/span><\/span><\/div>\n<div  class='av-buildercomment  av-blog-meta-html-info-disabled av-blog-meta-tag-disabled  '><\/div>\n","protected":false},"excerpt":{"rendered":"","protected":false},"author":1,"featured_media":34357,"comment_status":"open","ping_status":"open","sticky":false,"template":"","format":"standard","meta":{"footnotes":""},"categories":[38],"tags":[],"class_list":["post-34356","post","type-post","status-publish","format-standard","has-post-thumbnail","hentry","category-regional"],"jetpack_featured_media_url":"https:\/\/radiorevelacionfm.cl\/wp-content\/uploads\/2023\/08\/sitio-memoria-aysen-1_optimized.jpg","_links":{"self":[{"href":"https:\/\/radiorevelacionfm.cl\/index.php?rest_route=\/wp\/v2\/posts\/34356","targetHints":{"allow":["GET"]}}],"collection":[{"href":"https:\/\/radiorevelacionfm.cl\/index.php?rest_route=\/wp\/v2\/posts"}],"about":[{"href":"https:\/\/radiorevelacionfm.cl\/index.php?rest_route=\/wp\/v2\/types\/post"}],"author":[{"embeddable":true,"href":"https:\/\/radiorevelacionfm.cl\/index.php?rest_route=\/wp\/v2\/users\/1"}],"replies":[{"embeddable":true,"href":"https:\/\/radiorevelacionfm.cl\/index.php?rest_route=%2Fwp%2Fv2%2Fcomments&post=34356"}],"version-history":[{"count":1,"href":"https:\/\/radiorevelacionfm.cl\/index.php?rest_route=\/wp\/v2\/posts\/34356\/revisions"}],"predecessor-version":[{"id":34358,"href":"https:\/\/radiorevelacionfm.cl\/index.php?rest_route=\/wp\/v2\/posts\/34356\/revisions\/34358"}],"wp:featuredmedia":[{"embeddable":true,"href":"https:\/\/radiorevelacionfm.cl\/index.php?rest_route=\/wp\/v2\/media\/34357"}],"wp:attachment":[{"href":"https:\/\/radiorevelacionfm.cl\/index.php?rest_route=%2Fwp%2Fv2%2Fmedia&parent=34356"}],"wp:term":[{"taxonomy":"category","embeddable":true,"href":"https:\/\/radiorevelacionfm.cl\/index.php?rest_route=%2Fwp%2Fv2%2Fcategories&post=34356"},{"taxonomy":"post_tag","embeddable":true,"href":"https:\/\/radiorevelacionfm.cl\/index.php?rest_route=%2Fwp%2Fv2%2Ftags&post=34356"}],"curies":[{"name":"wp","href":"https:\/\/api.w.org\/{rel}","templated":true}]}}