{"id":34353,"date":"2023-08-29T13:23:52","date_gmt":"2023-08-29T16:23:52","guid":{"rendered":"https:\/\/radiorevelacionfm.cl\/?p=34353"},"modified":"2023-08-29T13:23:52","modified_gmt":"2023-08-29T16:23:52","slug":"finalizaron-los-primeros-15-proyectos-de-mejoramiento-termico-con-estandar-pda-en-la-comuna-de-cochrane","status":"publish","type":"post","link":"https:\/\/radiorevelacionfm.cl\/?p=34353","title":{"rendered":"Finalizaron los primeros 15 proyectos de mejoramiento t\u00e9rmico con est\u00e1ndar PDA en la comuna de Cochrane"},"content":{"rendered":"<div class=\"flex_column av_one_full  flex_column_div av-zero-column-padding first  avia-builder-el-0  el_before_av_one_full  avia-builder-el-first  \" style='border-radius:0px; '><div  class='avia-image-container  av-styling-    avia-builder-el-1  avia-builder-el-no-sibling  avia-align-center '  itemprop=\"image\" itemscope=\"itemscope\" itemtype=\"https:\/\/schema.org\/ImageObject\"  ><div class='avia-image-container-inner'><div class='avia-image-overlay-wrap'><img decoding=\"async\" class='wp-image-34354 avia-img-lazy-loading-not-34354 avia_image' src=\"https:\/\/radiorevelacionfm.cl\/wp-content\/uploads\/2023\/08\/vivienda-mejorada-con-subsidio-termico-estandar-pda-en-cochrane-copia-1_optimized.jpeg\" alt='' title='vivienda-mejorada-con-subsidio-t\u00e9rmico-estandar-pda-en-cochrane---copia-(1)_optimized' height=\"600\" width=\"800\"  itemprop=\"thumbnailUrl\" srcset=\"https:\/\/radiorevelacionfm.cl\/wp-content\/uploads\/2023\/08\/vivienda-mejorada-con-subsidio-termico-estandar-pda-en-cochrane-copia-1_optimized.jpeg 800w, https:\/\/radiorevelacionfm.cl\/wp-content\/uploads\/2023\/08\/vivienda-mejorada-con-subsidio-termico-estandar-pda-en-cochrane-copia-1_optimized-300x225.jpeg 300w, https:\/\/radiorevelacionfm.cl\/wp-content\/uploads\/2023\/08\/vivienda-mejorada-con-subsidio-termico-estandar-pda-en-cochrane-copia-1_optimized-768x576.jpeg 768w, https:\/\/radiorevelacionfm.cl\/wp-content\/uploads\/2023\/08\/vivienda-mejorada-con-subsidio-termico-estandar-pda-en-cochrane-copia-1_optimized-705x529.jpeg 705w, https:\/\/radiorevelacionfm.cl\/wp-content\/uploads\/2023\/08\/vivienda-mejorada-con-subsidio-termico-estandar-pda-en-cochrane-copia-1_optimized-450x338.jpeg 450w, https:\/\/radiorevelacionfm.cl\/wp-content\/uploads\/2023\/08\/vivienda-mejorada-con-subsidio-termico-estandar-pda-en-cochrane-copia-1_optimized-600x450.jpeg 600w\" sizes=\"(max-width: 800px) 100vw, 800px\" \/><\/div><\/div><\/div><\/div><div class=\"flex_column av_one_full  flex_column_div av-zero-column-padding first  avia-builder-el-2  el_after_av_one_full  el_before_av_one_full  column-top-margin\" style='border-radius:0px; '><section class=\"av_textblock_section \"  itemscope=\"itemscope\" itemtype=\"https:\/\/schema.org\/BlogPosting\" itemprop=\"blogPost\" ><div class='avia_textblock  '   itemprop=\"text\" ><p style=\"text-align: center;\"><span style=\"font-size: 18pt;\"><strong>Finalizaron los primeros 15 proyectos de mejoramiento t\u00e9rmico con est\u00e1ndar PDA en la comuna de Cochrane<\/strong><\/span><\/p>\n<div id=\"gtx-trans\" style=\"position: absolute; left: -50px; top: 4.31534px;\">\n<div class=\"gtx-trans-icon\"><\/div>\n<\/div>\n<\/div><\/section><\/div><div class=\"flex_column av_one_full  flex_column_div av-zero-column-padding first  avia-builder-el-4  el_after_av_one_full  el_before_av_hr  column-top-margin\" style='border-radius:0px; '><section class=\"av_textblock_section \"  itemscope=\"itemscope\" itemtype=\"https:\/\/schema.org\/BlogPosting\" itemprop=\"blogPost\" ><div class='avia_textblock  '   itemprop=\"text\" ><p style=\"text-align: justify;\">Con pleno \u00e9xito, con gran alegr\u00eda de los beneficiarios y de acuerdo a lo programado finalizaron recientemente los primeros proyectos de acondicionamiento t\u00e9rmico que se construyen en Cochrane con el est\u00e1ndar exigido en el marco del Plan de Descontaminaci\u00f3n Atmosf\u00e9rica (PDA).<\/p>\n<p style=\"text-align: justify;\">Seg\u00fan confirm\u00f3 la Seremi de Vivienda, Paulina Ruz, fueron 15 las familias de la comuna beneficiadas con este subsidio que otorga el Ministerio de Vivienda y Urbanismo, permitiendo concretar proyectos que eran muy esperados por los integrantes del comit\u00e9 R\u00edo Nef. \u201cEstamos felices de ver los resultados concretos de esta primera postulaci\u00f3n para acceder al revestimiento t\u00e9rmico con altos niveles de materialidad, dise\u00f1o y calidad, ya que son adelantos que mejoran mucho la calidad de vida de las familias. Con esto conseguimos un menor consumo en calefacci\u00f3n con el consiguiente beneficio para la econom\u00eda familiar, ayudando adem\u00e1s a reducir la emisi\u00f3n de material particulado, que es una de nuestras grandes tareas en toda la regi\u00f3n. Esperamos que estas experiencias pioneras en cuanto al mejoramiento t\u00e9rmico con niveles PDA motiven a nuevos postulantes, para que entre todos sigamos mejorando la vida de nuestros vecinos y vecinas\u201d, se\u00f1al\u00f3.<\/p>\n<p style=\"text-align: justify;\">Tras verificar en terreno los buenos resultados en la ejecuci\u00f3n de los proyectos, la Delegada Serviu de la provincia Capit\u00e1n Prat, Tatiana Aguilera, destac\u00f3 la coordinaci\u00f3n con la entidad patrocinante y la empresa constructora, lo que permiti\u00f3 finalizar con pleno \u00e9xito el desaf\u00edo de implementar los subsidios. \u201cEl proyecto sali\u00f3 r\u00e1pido, postularon en 2022 y quedaron en el segundo cierre de selecci\u00f3n, para dar paso al trabajo de la empresa y la fiscalizaci\u00f3n que debemos hacer a cada obra. Pudimos ver mucha alegr\u00eda entre los vecinos y gran conformidad respecto de los tiempos y la calidad de las obras. Adem\u00e1s de estas 15 familias beneficiadas tenemos en ejecuci\u00f3n otro comit\u00e9 y se est\u00e1n organizando dos grupos m\u00e1s para postular en el llamado Austral, lo que permitir\u00e1 tener en el mediano plazo cerca de 80 viviendas con el acondicionamiento t\u00e9rmico PDA en la comuna, lo que viene a mejorar profundamente la calidad de vida de las familias de Cochrane\u201d, precis\u00f3.<\/p>\n<p style=\"text-align: justify;\">Sin duda los m\u00e1s felices eran los beneficiarios, destacando la pareja de adultos mayores de Marta Nahuel y Francisco Vel\u00e1squez, quienes despu\u00e9s de muchos a\u00f1os pueden disfrutar de los cambios que tanto se merecen. \u201cEsto es una mejor calidad de vida para nosotros, a\u00f1os atr\u00e1s se hab\u00eda quemado el techo y por ah\u00ed pasaba el agua y el fr\u00edo. Hicimos un tr\u00e1mite grande con eso y no se logr\u00f3 nada, entonces que ahora todo esto se lograra solo en unos meses y que ahora ya est\u00e9 lista nuestra casa es algo muy positivo que nos tiene muy contentos\u201d, manifestaron.<\/p>\n<p style=\"text-align: justify;\">La Entidad Patrocinante del comit\u00e9 R\u00edo Nef fue la empresa T\u00e9rmica Austral, en tanto que la ejecuci\u00f3n de las obras estuvo a cargo de la constructora Santa Rosal\u00eda 5. La supervisi\u00f3n t\u00e9cnica fue realizada por el profesional del SERVIU, Felipe Bustamante, sumando todos los proyectos una inversi\u00f3n sectorial que alcanz\u00f3 los 270 millones de pesos.<\/p>\n<\/div><\/section><\/div><div  style='height:50px' class='hr hr-invisible   avia-builder-el-6  el_after_av_one_full  el_before_av_social_share '><span class='hr-inner ' ><span class='hr-inner-style'><\/span><\/span><\/div><\/p>\n<div  class='av-social-sharing-box  avia-builder-el-7  el_after_av_hr  el_before_av_hr  '><div class='av-share-box'><h5 class='av-share-link-description av-no-toc '>Compartir esta noticia<\/h5><ul class='av-share-box-list noLightbox'><li class='av-share-link av-social-link-facebook' ><a target=\"_blank\" aria-label=\"Compartir en Facebook\" href='https:\/\/www.facebook.com\/sharer.php?u=https:\/\/radiorevelacionfm.cl\/?p=34353&#038;t=Finalizaron%20los%20primeros%2015%20proyectos%20de%20mejoramiento%20t%C3%A9rmico%20con%20est%C3%A1ndar%20PDA%20en%20la%20comuna%20de%20Cochrane' aria-hidden='false' data-av_icon='\ue8f3' data-av_iconfont='entypo-fontello' title='' data-avia-related-tooltip='Compartir en Facebook' rel=\"noopener\"><span class='avia_hidden_link_text'>Compartir en Facebook<\/span><\/a><\/li><li class='av-share-link av-social-link-twitter' ><a target=\"_blank\" aria-label=\"Compartir en Twitter\" href='https:\/\/twitter.com\/share?text=Finalizaron%20los%20primeros%2015%20proyectos%20de%20mejoramiento%20t%C3%A9rmico%20con%20est%C3%A1ndar%20PDA%20en%20la%20comuna%20de%20Cochrane&#038;url=https:\/\/radiorevelacionfm.cl\/?p=34353' aria-hidden='false' data-av_icon='\ue8f1' data-av_iconfont='entypo-fontello' title='' data-avia-related-tooltip='Compartir en Twitter' rel=\"noopener\"><span class='avia_hidden_link_text'>Compartir en Twitter<\/span><\/a><\/li><li class='av-share-link av-social-link-whatsapp' ><a target=\"_blank\" aria-label=\"Compartir en Whatsapp\" href='https:\/\/api.whatsapp.com\/send?text=https:\/\/radiorevelacionfm.cl\/?p=34353' aria-hidden='false' data-av_icon='\uf232' data-av_iconfont='entypo-fontello' title='' data-avia-related-tooltip='Compartir en Whatsapp' rel=\"noopener\"><span class='avia_hidden_link_text'>Compartir en Whatsapp<\/span><\/a><\/li><li class='av-share-link av-social-link-linkedin' ><a target=\"_blank\" aria-label=\"Compartir en LinkedIn\" href='https:\/\/linkedin.com\/shareArticle?mini=true&#038;title=Finalizaron%20los%20primeros%2015%20proyectos%20de%20mejoramiento%20t%C3%A9rmico%20con%20est%C3%A1ndar%20PDA%20en%20la%20comuna%20de%20Cochrane&#038;url=https:\/\/radiorevelacionfm.cl\/?p=34353' aria-hidden='false' data-av_icon='\ue8fc' data-av_iconfont='entypo-fontello' title='' data-avia-related-tooltip='Compartir en LinkedIn' rel=\"noopener\"><span class='avia_hidden_link_text'>Compartir en LinkedIn<\/span><\/a><\/li><li class='av-share-link av-social-link-mail' ><a  aria-label=\"Compartir por correo\" href='mailto:?subject=Finalizaron%20los%20primeros%2015%20proyectos%20de%20mejoramiento%20t%C3%A9rmico%20con%20est%C3%A1ndar%20PDA%20en%20la%20comuna%20de%20Cochrane&#038;body=https:\/\/radiorevelacionfm.cl\/?p=34353' aria-hidden='false' data-av_icon='\ue805' data-av_iconfont='entypo-fontello' title='' data-avia-related-tooltip='Compartir por correo'><span class='avia_hidden_link_text'>Compartir por correo<\/span><\/a><\/li><\/ul><\/div><\/div>\n<div  style='height:50px' class='hr hr-invisible   avia-builder-el-8  el_after_av_social_share  el_before_av_comments_list '><span class='hr-inner ' ><span class='hr-inner-style'><\/span><\/span><\/div>\n<div  class='av-buildercomment  av-blog-meta-html-info-disabled av-blog-meta-tag-disabled  '><\/div>\n","protected":false},"excerpt":{"rendered":"","protected":false},"author":1,"featured_media":34354,"comment_status":"open","ping_status":"open","sticky":false,"template":"","format":"standard","meta":{"footnotes":""},"categories":[57],"tags":[],"class_list":["post-34353","post","type-post","status-publish","format-standard","has-post-thumbnail","hentry","category-vivienda"],"jetpack_featured_media_url":"https:\/\/radiorevelacionfm.cl\/wp-content\/uploads\/2023\/08\/vivienda-mejorada-con-subsidio-termico-estandar-pda-en-cochrane-copia-1_optimized.jpeg","_links":{"self":[{"href":"https:\/\/radiorevelacionfm.cl\/index.php?rest_route=\/wp\/v2\/posts\/34353","targetHints":{"allow":["GET"]}}],"collection":[{"href":"https:\/\/radiorevelacionfm.cl\/index.php?rest_route=\/wp\/v2\/posts"}],"about":[{"href":"https:\/\/radiorevelacionfm.cl\/index.php?rest_route=\/wp\/v2\/types\/post"}],"author":[{"embeddable":true,"href":"https:\/\/radiorevelacionfm.cl\/index.php?rest_route=\/wp\/v2\/users\/1"}],"replies":[{"embeddable":true,"href":"https:\/\/radiorevelacionfm.cl\/index.php?rest_route=%2Fwp%2Fv2%2Fcomments&post=34353"}],"version-history":[{"count":1,"href":"https:\/\/radiorevelacionfm.cl\/index.php?rest_route=\/wp\/v2\/posts\/34353\/revisions"}],"predecessor-version":[{"id":34355,"href":"https:\/\/radiorevelacionfm.cl\/index.php?rest_route=\/wp\/v2\/posts\/34353\/revisions\/34355"}],"wp:featuredmedia":[{"embeddable":true,"href":"https:\/\/radiorevelacionfm.cl\/index.php?rest_route=\/wp\/v2\/media\/34354"}],"wp:attachment":[{"href":"https:\/\/radiorevelacionfm.cl\/index.php?rest_route=%2Fwp%2Fv2%2Fmedia&parent=34353"}],"wp:term":[{"taxonomy":"category","embeddable":true,"href":"https:\/\/radiorevelacionfm.cl\/index.php?rest_route=%2Fwp%2Fv2%2Fcategories&post=34353"},{"taxonomy":"post_tag","embeddable":true,"href":"https:\/\/radiorevelacionfm.cl\/index.php?rest_route=%2Fwp%2Fv2%2Ftags&post=34353"}],"curies":[{"name":"wp","href":"https:\/\/api.w.org\/{rel}","templated":true}]}}