{"id":34350,"date":"2023-08-29T12:17:31","date_gmt":"2023-08-29T15:17:31","guid":{"rendered":"https:\/\/radiorevelacionfm.cl\/?p=34350"},"modified":"2023-08-29T12:17:31","modified_gmt":"2023-08-29T15:17:31","slug":"finaliza-en-region-de-aysen-encuesta-de-actividades-de-ninos-ninas-y-adolescentes","status":"publish","type":"post","link":"https:\/\/radiorevelacionfm.cl\/?p=34350","title":{"rendered":"Finaliza en regi\u00f3n de Ays\u00e9n Encuesta de Actividades de Ni\u00f1os, Ni\u00f1as y Adolescentes"},"content":{"rendered":"<div class=\"flex_column av_one_full  flex_column_div av-zero-column-padding first  avia-builder-el-0  el_before_av_one_full  avia-builder-el-first  \" style='border-radius:0px; '><div  class='avia-image-container  av-styling-    avia-builder-el-1  avia-builder-el-no-sibling  avia-align-center '  itemprop=\"image\" itemscope=\"itemscope\" itemtype=\"https:\/\/schema.org\/ImageObject\"  ><div class='avia-image-container-inner'><div class='avia-image-overlay-wrap'><img decoding=\"async\" class='wp-image-34351 avia-img-lazy-loading-not-34351 avia_image' src=\"https:\/\/radiorevelacionfm.cl\/wp-content\/uploads\/2023\/08\/INEySeremi-1-1.jpeg\" alt='' title='INEySeremi (1) (1)' height=\"600\" width=\"863\"  itemprop=\"thumbnailUrl\" srcset=\"https:\/\/radiorevelacionfm.cl\/wp-content\/uploads\/2023\/08\/INEySeremi-1-1.jpeg 863w, https:\/\/radiorevelacionfm.cl\/wp-content\/uploads\/2023\/08\/INEySeremi-1-1-300x209.jpeg 300w, https:\/\/radiorevelacionfm.cl\/wp-content\/uploads\/2023\/08\/INEySeremi-1-1-768x534.jpeg 768w, https:\/\/radiorevelacionfm.cl\/wp-content\/uploads\/2023\/08\/INEySeremi-1-1-705x490.jpeg 705w, https:\/\/radiorevelacionfm.cl\/wp-content\/uploads\/2023\/08\/INEySeremi-1-1-450x313.jpeg 450w, https:\/\/radiorevelacionfm.cl\/wp-content\/uploads\/2023\/08\/INEySeremi-1-1-600x417.jpeg 600w\" sizes=\"(max-width: 863px) 100vw, 863px\" \/><\/div><\/div><\/div><\/div><div class=\"flex_column av_one_full  flex_column_div av-zero-column-padding first  avia-builder-el-2  el_after_av_one_full  el_before_av_one_full  column-top-margin\" style='border-radius:0px; '><section class=\"av_textblock_section \"  itemscope=\"itemscope\" itemtype=\"https:\/\/schema.org\/BlogPosting\" itemprop=\"blogPost\" ><div class='avia_textblock  '   itemprop=\"text\" ><p style=\"text-align: center;\"><span style=\"font-size: 18pt;\"><b>Finaliza en regi\u00f3n de Ays\u00e9n Encuesta de Actividades de Ni\u00f1os, Ni\u00f1as y Adolescentes\u00a0<\/b><\/span><\/p>\n<div id=\"gtx-trans\" style=\"position: absolute; left: -50px; top: 4.31534px;\">\n<div class=\"gtx-trans-icon\"><\/div>\n<\/div>\n<\/div><\/section><\/div><div class=\"flex_column av_one_full  flex_column_div av-zero-column-padding first  avia-builder-el-4  el_after_av_one_full  el_before_av_hr  column-top-margin\" style='border-radius:0px; '><section class=\"av_textblock_section \"  itemscope=\"itemscope\" itemtype=\"https:\/\/schema.org\/BlogPosting\" itemprop=\"blogPost\" ><div class='avia_textblock  '   itemprop=\"text\" ><p class=\"v1MsoNormal\" style=\"text-align: justify;\"><span lang=\"ES-TRAD\">Una positiva respuesta en la Regi\u00f3n de Ays\u00e9n ha tenido la aplicaci\u00f3n de la\u00a0<\/span>Encuesta de Actividades de Ni\u00f1os, Ni\u00f1as y Adolescentes (EANNA) 2023 que culmin\u00f3 recientemente, llevada a cabo en 8 comunas\u00a0por el Instituto Nacional de Estad\u00edsticas (INE) local.<\/p>\n<p class=\"v1MsoNormal\" style=\"text-align: justify;\"><span lang=\"ES-TRAD\">Hay que recordar que esta encuesta\u00a0<\/span>se realiz\u00f3 en el 2012, por lo que, a 11 a\u00f1os de su primera recolecci\u00f3n de datos y creaci\u00f3n de pol\u00edticas p\u00fablicas, permitir\u00e1 actualizar el diagn\u00f3stico. El\u00a0<span lang=\"ES-TRAD\">objetivo de EANNA es conocer las actividades de la vida diaria que realizan ni\u00f1as, ni\u00f1os y adolescentes entre los 5 y 17 a\u00f1os,\u00a0por ejemplo, temas como educaci\u00f3n, deportes y otros, lo que permitir\u00e1 contar con informaci\u00f3n actualizada para elaborar pol\u00edticas p\u00fablicas conducentes a mejorar su bienestar y garantizar sus derechos.<\/span><\/p>\n<p class=\"v1MsoNormal\" style=\"text-align: justify;\"><span lang=\"ES-TRAD\">As\u00ed lo describi\u00f3 la Seremi de Desarrollo Social y Familia en Ays\u00e9n Karina Acevedo, agregando que fueron m\u00e1s de 600 encuestados, de las comunas de Tortel, Chile Chico, Ib\u00e1\u00f1ez, Cochrane, Coyhaique, Lago Verde, Ays\u00e9n y Cisnes \u00abEsta encuesta para nosotros es tremendamente importante porque nos va a permitir justamente actualizar los datos que tenemos, por ejemplo, en qu\u00e9 ocupan el tiempo las ni\u00f1as, ni\u00f1os y adolescentes de la regi\u00f3n, qu\u00e9 hacen el fin de semana, qu\u00e9 pasatiempos tienen, etc. Nos interesa conocer las diferencias que hay entre comunas y con eso, sin duda, nos permite tomar decisiones con mayores antecedentes, ya que sumado a datos recabados con otras encuestas nos permite armar un mapa global de la situaci\u00f3n real que vive cada una de las localidades de nuestro territorio, entendiendo que cada uno es tan distinto y especial\u00bb.<\/span><\/p>\n<p class=\"v1MsoNormal\" style=\"text-align: justify;\">Por su parte<span lang=\"ES-TRAD\"> el director de INE Daniel Pavez valor\u00f3 la buena disposici\u00f3n de las familias para contestar la encuesta \u00abLos datos son estrictamente confidenciales y s\u00f3lo se usan con fines estad\u00edsticos en el contexto del estudio, hacemos un llamado a quienes habitan en las viviendas. Tambi\u00e9n aprovechamos de agradecer a quienes nos han abierto las puertas de su hogar para desarrollar esta encuesta, lo que ha permitido llevar a cabo de forma exitosa este operativo en nuestra regi\u00f3n\u00bb.<\/span><\/p>\n<p class=\"v1MsoNormal\" style=\"text-align: justify;\">La Encuesta de Actividades de Ni\u00f1os Ni\u00f1as y Adolescentes (EANNA) permitir\u00e1 recopilar antecedentes de actividades en cuanto a educaci\u00f3n, pr\u00e1cticas de deportes y actividades f\u00edsicas, redes de apoyo, participaci\u00f3n y actividades sociales, tareas dom\u00e9sticas, sus rutinas y otros. Lo anterior permitir\u00e1 dimensionar la magnitud, entre otros puntos, de\u00a0existencia de trabajo infantil en el pa\u00eds a trav\u00e9s del an\u00e1lisis de sus condiciones de vida.<\/p>\n<p class=\"v1MsoNormal\" style=\"text-align: justify;\"><span lang=\"ES-TRAD\">\u00a0<\/span><\/p>\n<\/div><\/section><\/div><div  style='height:50px' class='hr hr-invisible   avia-builder-el-6  el_after_av_one_full  el_before_av_social_share '><span class='hr-inner ' ><span class='hr-inner-style'><\/span><\/span><\/div><\/p>\n<div  class='av-social-sharing-box  avia-builder-el-7  el_after_av_hr  el_before_av_hr  '><div class='av-share-box'><h5 class='av-share-link-description av-no-toc '>Compartir esta noticia<\/h5><ul class='av-share-box-list noLightbox'><li class='av-share-link av-social-link-facebook' ><a target=\"_blank\" aria-label=\"Compartir en Facebook\" href='https:\/\/www.facebook.com\/sharer.php?u=https:\/\/radiorevelacionfm.cl\/?p=34350&#038;t=Finaliza%20en%20regi%C3%B3n%20de%20Ays%C3%A9n%20Encuesta%20de%20Actividades%20de%20Ni%C3%B1os%2C%20Ni%C3%B1as%20y%20Adolescentes' aria-hidden='false' data-av_icon='\ue8f3' data-av_iconfont='entypo-fontello' title='' data-avia-related-tooltip='Compartir en Facebook' rel=\"noopener\"><span class='avia_hidden_link_text'>Compartir en Facebook<\/span><\/a><\/li><li class='av-share-link av-social-link-twitter' ><a target=\"_blank\" aria-label=\"Compartir en Twitter\" href='https:\/\/twitter.com\/share?text=Finaliza%20en%20regi%C3%B3n%20de%20Ays%C3%A9n%20Encuesta%20de%20Actividades%20de%20Ni%C3%B1os%2C%20Ni%C3%B1as%20y%20Adolescentes&#038;url=https:\/\/radiorevelacionfm.cl\/?p=34350' aria-hidden='false' data-av_icon='\ue8f1' data-av_iconfont='entypo-fontello' title='' data-avia-related-tooltip='Compartir en Twitter' rel=\"noopener\"><span class='avia_hidden_link_text'>Compartir en Twitter<\/span><\/a><\/li><li class='av-share-link av-social-link-whatsapp' ><a target=\"_blank\" aria-label=\"Compartir en Whatsapp\" href='https:\/\/api.whatsapp.com\/send?text=https:\/\/radiorevelacionfm.cl\/?p=34350' aria-hidden='false' data-av_icon='\uf232' data-av_iconfont='entypo-fontello' title='' data-avia-related-tooltip='Compartir en Whatsapp' rel=\"noopener\"><span class='avia_hidden_link_text'>Compartir en Whatsapp<\/span><\/a><\/li><li class='av-share-link av-social-link-linkedin' ><a target=\"_blank\" aria-label=\"Compartir en LinkedIn\" href='https:\/\/linkedin.com\/shareArticle?mini=true&#038;title=Finaliza%20en%20regi%C3%B3n%20de%20Ays%C3%A9n%20Encuesta%20de%20Actividades%20de%20Ni%C3%B1os%2C%20Ni%C3%B1as%20y%20Adolescentes&#038;url=https:\/\/radiorevelacionfm.cl\/?p=34350' aria-hidden='false' data-av_icon='\ue8fc' data-av_iconfont='entypo-fontello' title='' data-avia-related-tooltip='Compartir en LinkedIn' rel=\"noopener\"><span class='avia_hidden_link_text'>Compartir en LinkedIn<\/span><\/a><\/li><li class='av-share-link av-social-link-mail' ><a  aria-label=\"Compartir por correo\" href='mailto:?subject=Finaliza%20en%20regi%C3%B3n%20de%20Ays%C3%A9n%20Encuesta%20de%20Actividades%20de%20Ni%C3%B1os%2C%20Ni%C3%B1as%20y%20Adolescentes&#038;body=https:\/\/radiorevelacionfm.cl\/?p=34350' aria-hidden='false' data-av_icon='\ue805' data-av_iconfont='entypo-fontello' title='' data-avia-related-tooltip='Compartir por correo'><span class='avia_hidden_link_text'>Compartir por correo<\/span><\/a><\/li><\/ul><\/div><\/div>\n<div  style='height:50px' class='hr hr-invisible   avia-builder-el-8  el_after_av_social_share  el_before_av_comments_list '><span class='hr-inner ' ><span class='hr-inner-style'><\/span><\/span><\/div>\n<div  class='av-buildercomment  av-blog-meta-html-info-disabled av-blog-meta-tag-disabled  '><\/div>\n","protected":false},"excerpt":{"rendered":"","protected":false},"author":1,"featured_media":34351,"comment_status":"open","ping_status":"open","sticky":false,"template":"","format":"standard","meta":{"footnotes":""},"categories":[38],"tags":[],"class_list":["post-34350","post","type-post","status-publish","format-standard","has-post-thumbnail","hentry","category-regional"],"jetpack_featured_media_url":"https:\/\/radiorevelacionfm.cl\/wp-content\/uploads\/2023\/08\/INEySeremi-1-1.jpeg","_links":{"self":[{"href":"https:\/\/radiorevelacionfm.cl\/index.php?rest_route=\/wp\/v2\/posts\/34350","targetHints":{"allow":["GET"]}}],"collection":[{"href":"https:\/\/radiorevelacionfm.cl\/index.php?rest_route=\/wp\/v2\/posts"}],"about":[{"href":"https:\/\/radiorevelacionfm.cl\/index.php?rest_route=\/wp\/v2\/types\/post"}],"author":[{"embeddable":true,"href":"https:\/\/radiorevelacionfm.cl\/index.php?rest_route=\/wp\/v2\/users\/1"}],"replies":[{"embeddable":true,"href":"https:\/\/radiorevelacionfm.cl\/index.php?rest_route=%2Fwp%2Fv2%2Fcomments&post=34350"}],"version-history":[{"count":1,"href":"https:\/\/radiorevelacionfm.cl\/index.php?rest_route=\/wp\/v2\/posts\/34350\/revisions"}],"predecessor-version":[{"id":34352,"href":"https:\/\/radiorevelacionfm.cl\/index.php?rest_route=\/wp\/v2\/posts\/34350\/revisions\/34352"}],"wp:featuredmedia":[{"embeddable":true,"href":"https:\/\/radiorevelacionfm.cl\/index.php?rest_route=\/wp\/v2\/media\/34351"}],"wp:attachment":[{"href":"https:\/\/radiorevelacionfm.cl\/index.php?rest_route=%2Fwp%2Fv2%2Fmedia&parent=34350"}],"wp:term":[{"taxonomy":"category","embeddable":true,"href":"https:\/\/radiorevelacionfm.cl\/index.php?rest_route=%2Fwp%2Fv2%2Fcategories&post=34350"},{"taxonomy":"post_tag","embeddable":true,"href":"https:\/\/radiorevelacionfm.cl\/index.php?rest_route=%2Fwp%2Fv2%2Ftags&post=34350"}],"curies":[{"name":"wp","href":"https:\/\/api.w.org\/{rel}","templated":true}]}}