{"id":34347,"date":"2023-08-29T11:15:53","date_gmt":"2023-08-29T14:15:53","guid":{"rendered":"https:\/\/radiorevelacionfm.cl\/?p=34347"},"modified":"2023-08-29T11:15:53","modified_gmt":"2023-08-29T14:15:53","slug":"con-enfasis-en-el-desarrollo-humano-sostenible-ministerio-de-educacion-destaco-los-81-anos-de-la-educacion-tecnico-profesional","status":"publish","type":"post","link":"https:\/\/radiorevelacionfm.cl\/?p=34347","title":{"rendered":"Con \u00e9nfasis en el desarrollo humano sostenible Ministerio de Educaci\u00f3n destac\u00f3 los 81 a\u00f1os de la Educaci\u00f3n T\u00e9cnico Profesional"},"content":{"rendered":"<div class=\"flex_column av_one_full  flex_column_div av-zero-column-padding first  avia-builder-el-0  el_before_av_one_full  avia-builder-el-first  \" style='border-radius:0px; '><div  class='avia-image-container  av-styling-    avia-builder-el-1  avia-builder-el-no-sibling  avia-align-center '  itemprop=\"image\" itemscope=\"itemscope\" itemtype=\"https:\/\/schema.org\/ImageObject\"  ><div class='avia-image-container-inner'><div class='avia-image-overlay-wrap'><img decoding=\"async\" class='wp-image-34348 avia-img-lazy-loading-not-34348 avia_image' src=\"https:\/\/radiorevelacionfm.cl\/wp-content\/uploads\/2023\/08\/img_3954-1_optimized.jpg\" alt='' title='img_3954-(1)_optimized' height=\"600\" width=\"800\"  itemprop=\"thumbnailUrl\" srcset=\"https:\/\/radiorevelacionfm.cl\/wp-content\/uploads\/2023\/08\/img_3954-1_optimized.jpg 800w, https:\/\/radiorevelacionfm.cl\/wp-content\/uploads\/2023\/08\/img_3954-1_optimized-300x225.jpg 300w, https:\/\/radiorevelacionfm.cl\/wp-content\/uploads\/2023\/08\/img_3954-1_optimized-768x576.jpg 768w, https:\/\/radiorevelacionfm.cl\/wp-content\/uploads\/2023\/08\/img_3954-1_optimized-705x529.jpg 705w, https:\/\/radiorevelacionfm.cl\/wp-content\/uploads\/2023\/08\/img_3954-1_optimized-450x338.jpg 450w, https:\/\/radiorevelacionfm.cl\/wp-content\/uploads\/2023\/08\/img_3954-1_optimized-600x450.jpg 600w\" sizes=\"(max-width: 800px) 100vw, 800px\" \/><\/div><\/div><\/div><\/div><div class=\"flex_column av_one_full  flex_column_div av-zero-column-padding first  avia-builder-el-2  el_after_av_one_full  el_before_av_one_full  column-top-margin\" style='border-radius:0px; '><section class=\"av_textblock_section \"  itemscope=\"itemscope\" itemtype=\"https:\/\/schema.org\/BlogPosting\" itemprop=\"blogPost\" ><div class='avia_textblock  '   itemprop=\"text\" ><p style=\"text-align: center;\"><span style=\"font-size: 18pt;\"><b>Con \u00e9nfasis en el desarrollo humano sostenible Ministerio de Educaci\u00f3n destac\u00f3 los 81 a\u00f1os de la Educaci\u00f3n T\u00e9cnico Profesional<\/b><\/span><\/p>\n<div id=\"gtx-trans\" style=\"position: absolute; left: -50px; top: 4.31534px;\">\n<div class=\"gtx-trans-icon\"><\/div>\n<\/div>\n<\/div><\/section><\/div><div class=\"flex_column av_one_full  flex_column_div av-zero-column-padding first  avia-builder-el-4  el_after_av_one_full  el_before_av_hr  column-top-margin\" style='border-radius:0px; '><section class=\"av_textblock_section \"  itemscope=\"itemscope\" itemtype=\"https:\/\/schema.org\/BlogPosting\" itemprop=\"blogPost\" ><div class='avia_textblock  '   itemprop=\"text\" ><p class=\"v1MsoNormal\" style=\"text-align: justify;\">El 26 de agosto se celebr\u00f3 en Chile el D\u00eda de la Educaci\u00f3n T\u00e9cnico Profesional (Educaci\u00f3n TP), conmemor\u00e1ndose 81 a\u00f1os desde la creaci\u00f3n de la Direcci\u00f3n General de Ense\u00f1anza Profesional, bajo la presidencia de Juan Antonio R\u00edos, d\u00f3nde se reconoci\u00f3 la importancia de la Educaci\u00f3n TP en el desarrollo productivo del pa\u00eds.<\/p>\n<p class=\"v1MsoNormal\" style=\"text-align: justify;\">Por ello, la \u00a0Seremi de Educaci\u00f3n de Ays\u00e9n Isabel Garrido junto a otras autoridades regionales destac\u00f3 a los 9 establecimientos educacionales de nuestra regi\u00f3n que dictan esta importante formaci\u00f3n diferenciada: Liceo Josefina Aguirre Montenegro de Coyhaique, Liceo T\u00e9cnico Profesional Profesor Ricardo Navarrete Barr\u00eda de Coyhaique, Liceo Bicentenario Agr\u00edcola e Industrial de la Patagonia de Coyhaique, Liceo T\u00e9cnico Profesional Juan Pablo II de Coyhaique, Liceo Polit\u00e9cnico A1 de Puerto Ays\u00e9n, Liceo Bicentenario Luisa Rabanal Palma de Chile Chico, Liceo Bicentenario Rural Cerro Castillo, Liceo Ma\u00f1ihuales y Liceo Arturo Prat Chac\u00f3n de Puerto Cisnes.<\/p>\n<p class=\"v1MsoNormal\" style=\"text-align: justify;\">En la ceremonia estuvieron presentes el Seremi de Medio Ambiente Yoal D\u00edaz, la Directora Regional de la Superintendencia de Educaci\u00f3n Escolar Pamela Adriazola y los directores de los liceos t\u00e9cnicos de la regi\u00f3n.<\/p>\n<p class=\"v1MsoNormal\" style=\"text-align: justify;\">En la oportunidad, Isabel Garrido se\u00f1al\u00f3 que \u201cLa Educaci\u00f3n TP es el espacio a trav\u00e9s del que el Mineduc facilita el desarrollo integral y de los proyectos de vida a las y los estudiantes en la formaci\u00f3n diferenciada, y aporta al desarrollo sostenible del pa\u00eds tras la pandemia. De este modo, a los esfuerzos para la Reactivaci\u00f3n Educativa integral, se suma un trabajo intersectorial por la reactivaci\u00f3n econ\u00f3mica y social del pa\u00eds\u201d.<\/p>\n<p class=\"v1MsoNormal\" style=\"text-align: justify;\">Lo anterior, fue refrendado por el Seremi de Medio Ambiente Yoal D\u00edaz quien coment\u00f3 que \u201cel trabajo intersectorial que estamos desarrollado en la regi\u00f3n busca potenciar una educaci\u00f3n t\u00e9cnico profesional que permita a los estudiantes de esa modalidad una vez egresados enfrentar los diversos \u00a0desaf\u00edos que tenemos como territorio en \u00a0Ays\u00e9n\u201d.<\/p>\n<p class=\"v1MsoNormal\" style=\"text-align: justify;\">Durante el acto se dirigi\u00f3 a los presentes Yessica Lagos egresada de la especialidad de Secretariado Contable Computacional del Liceo Polit\u00e9cnico A1 de Puerto Ays\u00e9n, y que \u00a0actualmente desempe\u00f1a \u00a0el cargo de Jefa \u00a0de la Divisi\u00f3n de Fomento e Industria del Gobierno Regional de Ays\u00e9n. Ella comparti\u00f3 la trascendencia que la Educaci\u00f3n Media T\u00e9cnico Profesional tuvo en su formaci\u00f3n personal y profesional y detall\u00f3 algunos pormenores y an\u00e9cdotas de su vida estudiantil y laboral.<\/p>\n<p class=\"v1MsoNormal\" style=\"text-align: justify;\">El momento art\u00edstico de la jornada lo aport\u00f3 el Grupo \u00abCamerata de cuerdas\u201d del Liceo T\u00e9cnico Ricardo Navarrete quienes interpretaron dos piezas de m\u00fasica cl\u00e1sica:\u00a0<span lang=\"EN-US\">\u201cThe Grotto\u201d y \u201c<\/span><span lang=\"ES\">My Mother Told Me &#8211; Valhalla Calling Me\u201d.<\/span><\/p>\n<p class=\"v1MsoNormal\" style=\"text-align: justify;\"><span lang=\"ES\">Este a\u00f1o la Secretar\u00eda Ministerial de Educaci\u00f3n de Ays\u00e9n quiso simbolizar y relevar la importancia de convivir en armon\u00eda con el medio ambiente y construir como sociedad un entorno sustentable y perdurable en el tiempo. Para ello, entreg\u00f3 a cada liceo una placa conmemorativa de los 81 a\u00f1os de la Educaci\u00f3n Media T\u00e9cnico Profesional y un \u00e1rbol nativo donado por Conaf de Ays\u00e9n para ser plantado \u00a0en un lugar significativo de su entorno.<\/span><\/p>\n<p class=\"v1MsoNormal\" style=\"text-align: justify;\"><span lang=\"ES\">Ra\u00fal \u00a0\u00c1lvarez, \u00a0director del Liceo T\u00e9cnico Profesional Profesor Ricardo Navarrete dijo que \u201cHoy m\u00e1s que nunca se est\u00e1n necesitando en Chile t\u00e9cnicos \u00a0que tengan una mirada y \u00a0conciencia distinta ante el contexto que nos rodea. Queremos que nuestros estudiantes desarrollen una capacidad de buscar el desarrollo econ\u00f3mico integral y que en el proceso haya resguardo del medio ambiente, que no se impacte negativamente. Nosotros como liceo tenemos dos especialidades; Mec\u00e1nica Automotriz donde estamos potenciando el tema de la electromovilidad porque creemos que ah\u00ed est\u00e1 el futuro para Chile y tambi\u00e9n la especialidad de \u00a0Conectividad y Redes donde queremos que nuestros estudiantes se acerquen a la tecnolog\u00eda. Esta fecha nos encuentra trabajando para normalizar nuestros procesos educativos tras la pandemia y tratando de formar los mejores t\u00e9cnicos de nivel medio\u201d.<\/span><\/p>\n<\/div><\/section><\/div><div  style='height:50px' class='hr hr-invisible   avia-builder-el-6  el_after_av_one_full  el_before_av_social_share '><span class='hr-inner ' ><span class='hr-inner-style'><\/span><\/span><\/div><\/p>\n<div  class='av-social-sharing-box  avia-builder-el-7  el_after_av_hr  el_before_av_hr  '><div class='av-share-box'><h5 class='av-share-link-description av-no-toc '>Compartir esta noticia<\/h5><ul class='av-share-box-list noLightbox'><li class='av-share-link av-social-link-facebook' ><a target=\"_blank\" aria-label=\"Compartir en Facebook\" href='https:\/\/www.facebook.com\/sharer.php?u=https:\/\/radiorevelacionfm.cl\/?p=34347&#038;t=Con%20%C3%A9nfasis%20en%20el%20desarrollo%20humano%20sostenible%20Ministerio%20de%20Educaci%C3%B3n%20destac%C3%B3%20los%2081%20a%C3%B1os%20de%20la%20Educaci%C3%B3n%20T%C3%A9cnico%20Profesional' aria-hidden='false' data-av_icon='\ue8f3' data-av_iconfont='entypo-fontello' title='' data-avia-related-tooltip='Compartir en Facebook' rel=\"noopener\"><span class='avia_hidden_link_text'>Compartir en Facebook<\/span><\/a><\/li><li class='av-share-link av-social-link-twitter' ><a target=\"_blank\" aria-label=\"Compartir en Twitter\" href='https:\/\/twitter.com\/share?text=Con%20%C3%A9nfasis%20en%20el%20desarrollo%20humano%20sostenible%20Ministerio%20de%20Educaci%C3%B3n%20destac%C3%B3%20los%2081%20a%C3%B1os%20de%20la%20Educaci%C3%B3n%20T%C3%A9cnico%20Profesional&#038;url=https:\/\/radiorevelacionfm.cl\/?p=34347' aria-hidden='false' data-av_icon='\ue8f1' data-av_iconfont='entypo-fontello' title='' data-avia-related-tooltip='Compartir en Twitter' rel=\"noopener\"><span class='avia_hidden_link_text'>Compartir en Twitter<\/span><\/a><\/li><li class='av-share-link av-social-link-whatsapp' ><a target=\"_blank\" aria-label=\"Compartir en Whatsapp\" href='https:\/\/api.whatsapp.com\/send?text=https:\/\/radiorevelacionfm.cl\/?p=34347' aria-hidden='false' data-av_icon='\uf232' data-av_iconfont='entypo-fontello' title='' data-avia-related-tooltip='Compartir en Whatsapp' rel=\"noopener\"><span class='avia_hidden_link_text'>Compartir en Whatsapp<\/span><\/a><\/li><li class='av-share-link av-social-link-linkedin' ><a target=\"_blank\" aria-label=\"Compartir en LinkedIn\" href='https:\/\/linkedin.com\/shareArticle?mini=true&#038;title=Con%20%C3%A9nfasis%20en%20el%20desarrollo%20humano%20sostenible%20Ministerio%20de%20Educaci%C3%B3n%20destac%C3%B3%20los%2081%20a%C3%B1os%20de%20la%20Educaci%C3%B3n%20T%C3%A9cnico%20Profesional&#038;url=https:\/\/radiorevelacionfm.cl\/?p=34347' aria-hidden='false' data-av_icon='\ue8fc' data-av_iconfont='entypo-fontello' title='' data-avia-related-tooltip='Compartir en LinkedIn' rel=\"noopener\"><span class='avia_hidden_link_text'>Compartir en LinkedIn<\/span><\/a><\/li><li class='av-share-link av-social-link-mail' ><a  aria-label=\"Compartir por correo\" href='mailto:?subject=Con%20%C3%A9nfasis%20en%20el%20desarrollo%20humano%20sostenible%20Ministerio%20de%20Educaci%C3%B3n%20destac%C3%B3%20los%2081%20a%C3%B1os%20de%20la%20Educaci%C3%B3n%20T%C3%A9cnico%20Profesional&#038;body=https:\/\/radiorevelacionfm.cl\/?p=34347' aria-hidden='false' data-av_icon='\ue805' data-av_iconfont='entypo-fontello' title='' data-avia-related-tooltip='Compartir por correo'><span class='avia_hidden_link_text'>Compartir por correo<\/span><\/a><\/li><\/ul><\/div><\/div>\n<div  style='height:50px' class='hr hr-invisible   avia-builder-el-8  el_after_av_social_share  el_before_av_comments_list '><span class='hr-inner ' ><span class='hr-inner-style'><\/span><\/span><\/div>\n<div  class='av-buildercomment  av-blog-meta-html-info-disabled av-blog-meta-tag-disabled  '><\/div>\n","protected":false},"excerpt":{"rendered":"","protected":false},"author":1,"featured_media":34348,"comment_status":"open","ping_status":"open","sticky":false,"template":"","format":"standard","meta":{"footnotes":""},"categories":[49],"tags":[],"class_list":["post-34347","post","type-post","status-publish","format-standard","has-post-thumbnail","hentry","category-educacion"],"jetpack_featured_media_url":"https:\/\/radiorevelacionfm.cl\/wp-content\/uploads\/2023\/08\/img_3954-1_optimized.jpg","_links":{"self":[{"href":"https:\/\/radiorevelacionfm.cl\/index.php?rest_route=\/wp\/v2\/posts\/34347","targetHints":{"allow":["GET"]}}],"collection":[{"href":"https:\/\/radiorevelacionfm.cl\/index.php?rest_route=\/wp\/v2\/posts"}],"about":[{"href":"https:\/\/radiorevelacionfm.cl\/index.php?rest_route=\/wp\/v2\/types\/post"}],"author":[{"embeddable":true,"href":"https:\/\/radiorevelacionfm.cl\/index.php?rest_route=\/wp\/v2\/users\/1"}],"replies":[{"embeddable":true,"href":"https:\/\/radiorevelacionfm.cl\/index.php?rest_route=%2Fwp%2Fv2%2Fcomments&post=34347"}],"version-history":[{"count":1,"href":"https:\/\/radiorevelacionfm.cl\/index.php?rest_route=\/wp\/v2\/posts\/34347\/revisions"}],"predecessor-version":[{"id":34349,"href":"https:\/\/radiorevelacionfm.cl\/index.php?rest_route=\/wp\/v2\/posts\/34347\/revisions\/34349"}],"wp:featuredmedia":[{"embeddable":true,"href":"https:\/\/radiorevelacionfm.cl\/index.php?rest_route=\/wp\/v2\/media\/34348"}],"wp:attachment":[{"href":"https:\/\/radiorevelacionfm.cl\/index.php?rest_route=%2Fwp%2Fv2%2Fmedia&parent=34347"}],"wp:term":[{"taxonomy":"category","embeddable":true,"href":"https:\/\/radiorevelacionfm.cl\/index.php?rest_route=%2Fwp%2Fv2%2Fcategories&post=34347"},{"taxonomy":"post_tag","embeddable":true,"href":"https:\/\/radiorevelacionfm.cl\/index.php?rest_route=%2Fwp%2Fv2%2Ftags&post=34347"}],"curies":[{"name":"wp","href":"https:\/\/api.w.org\/{rel}","templated":true}]}}