{"id":34344,"date":"2023-08-29T11:01:41","date_gmt":"2023-08-29T14:01:41","guid":{"rendered":"https:\/\/radiorevelacionfm.cl\/?p=34344"},"modified":"2023-08-29T11:01:41","modified_gmt":"2023-08-29T14:01:41","slug":"avanza-ley-de-plasticos-de-un-solo-uso-almacenes-y-tiendas-deberan-contar-con-opcion-de-botellas-retornables","status":"publish","type":"post","link":"https:\/\/radiorevelacionfm.cl\/?p=34344","title":{"rendered":"Avanza Ley de pl\u00e1sticos de un solo uso: Almacenes y tiendas deber\u00e1n contar con opci\u00f3n de botellas retornables"},"content":{"rendered":"<div class=\"flex_column av_one_full  flex_column_div av-zero-column-padding first  avia-builder-el-0  el_before_av_one_full  avia-builder-el-first  \" style='border-radius:0px; '><div  class='avia-image-container  av-styling-    avia-builder-el-1  avia-builder-el-no-sibling  avia-align-center '  itemprop=\"image\" itemscope=\"itemscope\" itemtype=\"https:\/\/schema.org\/ImageObject\"  ><div class='avia-image-container-inner'><div class='avia-image-overlay-wrap'><img decoding=\"async\" class='wp-image-34345 avia-img-lazy-loading-not-34345 avia_image' src=\"https:\/\/radiorevelacionfm.cl\/wp-content\/uploads\/2023\/08\/3-62-1-2.jpg\" alt='' title='3 (62) (1) (2)' height=\"600\" width=\"1067\"  itemprop=\"thumbnailUrl\" srcset=\"https:\/\/radiorevelacionfm.cl\/wp-content\/uploads\/2023\/08\/3-62-1-2.jpg 1067w, https:\/\/radiorevelacionfm.cl\/wp-content\/uploads\/2023\/08\/3-62-1-2-300x169.jpg 300w, https:\/\/radiorevelacionfm.cl\/wp-content\/uploads\/2023\/08\/3-62-1-2-1030x579.jpg 1030w, https:\/\/radiorevelacionfm.cl\/wp-content\/uploads\/2023\/08\/3-62-1-2-768x432.jpg 768w, https:\/\/radiorevelacionfm.cl\/wp-content\/uploads\/2023\/08\/3-62-1-2-705x396.jpg 705w, https:\/\/radiorevelacionfm.cl\/wp-content\/uploads\/2023\/08\/3-62-1-2-450x253.jpg 450w, https:\/\/radiorevelacionfm.cl\/wp-content\/uploads\/2023\/08\/3-62-1-2-600x337.jpg 600w\" sizes=\"(max-width: 1067px) 100vw, 1067px\" \/><\/div><\/div><\/div><\/div><div class=\"flex_column av_one_full  flex_column_div av-zero-column-padding first  avia-builder-el-2  el_after_av_one_full  el_before_av_one_full  column-top-margin\" style='border-radius:0px; '><section class=\"av_textblock_section \"  itemscope=\"itemscope\" itemtype=\"https:\/\/schema.org\/BlogPosting\" itemprop=\"blogPost\" ><div class='avia_textblock  '   itemprop=\"text\" ><p style=\"text-align: center;\"><strong><span style=\"font-size: 18pt;\">Avanza Ley de pl\u00e1sticos de un solo uso: Almacenes y tiendas deber\u00e1n contar con opci\u00f3n de botellas retornables<\/span><\/strong><\/p>\n<div id=\"gtx-trans\" style=\"position: absolute; left: -50px; top: 4.31534px;\">\n<div class=\"gtx-trans-icon\"><\/div>\n<\/div>\n<\/div><\/section><\/div><div class=\"flex_column av_one_full  flex_column_div av-zero-column-padding first  avia-builder-el-4  el_after_av_one_full  el_before_av_hr  column-top-margin\" style='border-radius:0px; '><section class=\"av_textblock_section \"  itemscope=\"itemscope\" itemtype=\"https:\/\/schema.org\/BlogPosting\" itemprop=\"blogPost\" ><div class='avia_textblock  '   itemprop=\"text\" ><p style=\"text-align: justify;\">En una gira por los locales comerciales de la ciudad de Coyhaique, el seremi del Medio Ambiente, Yoal D\u00edaz, convers\u00f3 con distintos locatarios sobre c\u00f3mo avanza la implementaci\u00f3n de la nueva etapa de la Ley N\u00b021.368 que regula los productos y pl\u00e1sticos de un solo uso, y que desde el pasado 13 de agosto ampl\u00eda la obligaci\u00f3n de retornabilidad a almacenes y tiendas de conveniencia.<\/p>\n<p style=\"text-align: justify;\">\u201cComienza la implementaci\u00f3n de retornabilidad en almacenes y tiendas de conveniencia, por lo tanto, tenemos que seguir fortaleciendo y trabajando, educando a la poblaci\u00f3n, acompa\u00f1ando, y tambi\u00e9n poniendo en foco en que estos productos son mucho m\u00e1s econ\u00f3micos, m\u00e1s amigables con el medio ambiente, generan menos residuos y eso genera un impacto inmediato en el cuidado del medio ambiente\u201d, destac\u00f3 el Seremi del Medio Ambiente, invitando a todos y todas a volver al retornable.<\/p>\n<p style=\"text-align: justify;\">Por su parte el due\u00f1o de la Panader\u00eda Stiebler de Coyhaique, Domingo Cofr\u00e9, valor\u00f3 la iniciativa que en su local ya estaba implementando hace un tiempo \u201cla campa\u00f1a se sum\u00f3 a mi porque yo hace tiempo que tengo botellas retornables, para m\u00ed es un objetivo bien importante y es una l\u00e1stima que poca gente se adhiera, espero que ahora se sumen m\u00e1s porque es una alternativa bastante positiva para la regi\u00f3n\u201d agregando que las empresas tambi\u00e9n cumplen un rol fundamental en la propuesta y promociones de valores atractivos y m\u00e1s accesibles para los retornables.<\/p>\n<p style=\"text-align: justify;\">La medida, que para los supermercados comenz\u00f3 a regir el a\u00f1o pasado, establece adem\u00e1s que los locales comerciales deber\u00e1n sensibilizar a los consumidores sobre la importancia de la retornabilidad de la botella, publicando en sus g\u00f3ndolas la obligaci\u00f3n de ofrecer a la venta este formato.<\/p>\n<p style=\"text-align: justify;\">\u201cNosotros nos sumamos desde el d\u00eda uno y con mucho entusiasmo y entendemos que esta propuesta est\u00e1 en los t\u00e9rminos en que todos debemos matricularnos, respecto de la ecolog\u00eda y el medio ambiente. As\u00ed que nuestra respuesta como S\u00faper Almac\u00e9n y la de nuestra gran familia de clientes ha sido muy positiva, aumentando con el tiempo, ya alrededor del 20% de nuestros clientes elijen esta opci\u00f3n\u201d, declar\u00f3 el administrador del S\u00faper Almac\u00e9n San Jos\u00e9, Pablo Celis,<\/p>\n<p style=\"text-align: justify;\"><span style=\"font-size: 12pt;\"><strong>Ley de Pl\u00e1sticos <\/strong><\/span><\/p>\n<p style=\"text-align: justify;\">Seg\u00fan indic\u00f3 la autoridad ambiental, la ley de pl\u00e1sticos busca prevenir la generaci\u00f3n de residuos promoviendo el uso de los envases reutilizables y cambiando los h\u00e1bitos de consumo para pasar de un modelo lineal de extraer-producir-consumir-botar a un modelo donde los productos y los materiales recirculan y se aprovechan durante el mayor tiempo posible. Para ello la Ley regula dos materias principales, la entrega de productos pl\u00e1sticos de un solo uso, considerando vasos, tazas, cubiertos, palillos, pocillos, mezcladores, bombillas, platos, copas, cajas o envases de comida preparada, bandejas, sachets e individuales en establecimientos de expendio de alimentos; y, la gesti\u00f3n de las botellas pl\u00e1sticas de bebestibles, tanto retornables como desechables.<\/p>\n<p style=\"text-align: justify;\">En el caso de la entrega de productos de un solo uso por parte de establecimientos para el consumo de alimentos realizado al interior del establecimiento, la Ley proh\u00edbe la entrega de productos de un solo uso, cualquiera sea su materialidad, mientras que, para el consumo realizado fuera del establecimiento, establece que estar\u00e1 permitida la entrega de productos desechables, siempre que estos sean de materiales valorizables distintos al pl\u00e1stico o que sean de pl\u00e1stico certificado.<\/p>\n<p style=\"text-align: justify;\">Para esto la Ley crea la figura de los pl\u00e1sticos certificados, los cuales deber\u00e1n estar compuestos total o parcialmente por materias producidas a partir de recursos renovables, junto con ser compostables a nivel domiciliario o industrial.<\/p>\n<p style=\"text-align: justify;\"><strong>Vuelven los retornables <\/strong><\/p>\n<p style=\"text-align: justify;\">En t\u00e9rminos de retornabilidad, la Ley establece que todos los comercializadores de bebestibles, definidos en la Ley como supermercados, almacenes y tiendas de conveniencia, deber\u00e1n ofrecer y recibir de los consumidores botellas en formato retornable, tanto en su venta presencial como por medios electr\u00f3nicos, agregando que el reglamento determinar\u00e1 el porcentaje de botellas de formato retornable disponibles en vitrina a la venta que deber\u00e1n ofrecer los supermercados, el cual no podr\u00e1 ser inferior al 30%, a partir del tercer a\u00f1o (agosto 2024) desde la publicaci\u00f3n de la Ley.<\/p>\n<p style=\"text-align: justify;\">Es importante indicar que estas obligaciones consideran las botellas pl\u00e1sticas de bebestibles para consumo humano que no contienen alcohol ni productos l\u00e1cteos. Es decir, dentro de los bebestibles se encuentra el agua, las bebidas, los jugos, etc. Otros productos l\u00edquidos, como aceites o endulzantes, no se encuentran incluidos.<\/p>\n<\/div><\/section><\/div><div  style='height:50px' class='hr hr-invisible   avia-builder-el-6  el_after_av_one_full  el_before_av_social_share '><span class='hr-inner ' ><span class='hr-inner-style'><\/span><\/span><\/div><\/p>\n<div  class='av-social-sharing-box  avia-builder-el-7  el_after_av_hr  el_before_av_hr  '><div class='av-share-box'><h5 class='av-share-link-description av-no-toc '>Compartir esta noticia<\/h5><ul class='av-share-box-list noLightbox'><li class='av-share-link av-social-link-facebook' ><a target=\"_blank\" aria-label=\"Compartir en Facebook\" href='https:\/\/www.facebook.com\/sharer.php?u=https:\/\/radiorevelacionfm.cl\/?p=34344&#038;t=Avanza%20Ley%20de%20pl%C3%A1sticos%20de%20un%20solo%20uso%3A%20Almacenes%20y%20tiendas%20deber%C3%A1n%20contar%20con%20opci%C3%B3n%20de%20botellas%20retornables' aria-hidden='false' data-av_icon='\ue8f3' data-av_iconfont='entypo-fontello' title='' data-avia-related-tooltip='Compartir en Facebook' rel=\"noopener\"><span class='avia_hidden_link_text'>Compartir en Facebook<\/span><\/a><\/li><li class='av-share-link av-social-link-twitter' ><a target=\"_blank\" aria-label=\"Compartir en Twitter\" href='https:\/\/twitter.com\/share?text=Avanza%20Ley%20de%20pl%C3%A1sticos%20de%20un%20solo%20uso%3A%20Almacenes%20y%20tiendas%20deber%C3%A1n%20contar%20con%20opci%C3%B3n%20de%20botellas%20retornables&#038;url=https:\/\/radiorevelacionfm.cl\/?p=34344' aria-hidden='false' data-av_icon='\ue8f1' data-av_iconfont='entypo-fontello' title='' data-avia-related-tooltip='Compartir en Twitter' rel=\"noopener\"><span class='avia_hidden_link_text'>Compartir en Twitter<\/span><\/a><\/li><li class='av-share-link av-social-link-whatsapp' ><a target=\"_blank\" aria-label=\"Compartir en Whatsapp\" href='https:\/\/api.whatsapp.com\/send?text=https:\/\/radiorevelacionfm.cl\/?p=34344' aria-hidden='false' data-av_icon='\uf232' data-av_iconfont='entypo-fontello' title='' data-avia-related-tooltip='Compartir en Whatsapp' rel=\"noopener\"><span class='avia_hidden_link_text'>Compartir en Whatsapp<\/span><\/a><\/li><li class='av-share-link av-social-link-linkedin' ><a target=\"_blank\" aria-label=\"Compartir en LinkedIn\" href='https:\/\/linkedin.com\/shareArticle?mini=true&#038;title=Avanza%20Ley%20de%20pl%C3%A1sticos%20de%20un%20solo%20uso%3A%20Almacenes%20y%20tiendas%20deber%C3%A1n%20contar%20con%20opci%C3%B3n%20de%20botellas%20retornables&#038;url=https:\/\/radiorevelacionfm.cl\/?p=34344' aria-hidden='false' data-av_icon='\ue8fc' data-av_iconfont='entypo-fontello' title='' data-avia-related-tooltip='Compartir en LinkedIn' rel=\"noopener\"><span class='avia_hidden_link_text'>Compartir en LinkedIn<\/span><\/a><\/li><li class='av-share-link av-social-link-mail' ><a  aria-label=\"Compartir por correo\" href='mailto:?subject=Avanza%20Ley%20de%20pl%C3%A1sticos%20de%20un%20solo%20uso%3A%20Almacenes%20y%20tiendas%20deber%C3%A1n%20contar%20con%20opci%C3%B3n%20de%20botellas%20retornables&#038;body=https:\/\/radiorevelacionfm.cl\/?p=34344' aria-hidden='false' data-av_icon='\ue805' data-av_iconfont='entypo-fontello' title='' data-avia-related-tooltip='Compartir por correo'><span class='avia_hidden_link_text'>Compartir por correo<\/span><\/a><\/li><\/ul><\/div><\/div>\n<div  style='height:50px' class='hr hr-invisible   avia-builder-el-8  el_after_av_social_share  el_before_av_comments_list '><span class='hr-inner ' ><span class='hr-inner-style'><\/span><\/span><\/div>\n<div  class='av-buildercomment  av-blog-meta-html-info-disabled av-blog-meta-tag-disabled  '><\/div>\n","protected":false},"excerpt":{"rendered":"","protected":false},"author":1,"featured_media":34345,"comment_status":"open","ping_status":"open","sticky":false,"template":"","format":"standard","meta":{"footnotes":""},"categories":[39],"tags":[],"class_list":["post-34344","post","type-post","status-publish","format-standard","has-post-thumbnail","hentry","category-medio-ambiente"],"jetpack_featured_media_url":"https:\/\/radiorevelacionfm.cl\/wp-content\/uploads\/2023\/08\/3-62-1-2.jpg","_links":{"self":[{"href":"https:\/\/radiorevelacionfm.cl\/index.php?rest_route=\/wp\/v2\/posts\/34344","targetHints":{"allow":["GET"]}}],"collection":[{"href":"https:\/\/radiorevelacionfm.cl\/index.php?rest_route=\/wp\/v2\/posts"}],"about":[{"href":"https:\/\/radiorevelacionfm.cl\/index.php?rest_route=\/wp\/v2\/types\/post"}],"author":[{"embeddable":true,"href":"https:\/\/radiorevelacionfm.cl\/index.php?rest_route=\/wp\/v2\/users\/1"}],"replies":[{"embeddable":true,"href":"https:\/\/radiorevelacionfm.cl\/index.php?rest_route=%2Fwp%2Fv2%2Fcomments&post=34344"}],"version-history":[{"count":1,"href":"https:\/\/radiorevelacionfm.cl\/index.php?rest_route=\/wp\/v2\/posts\/34344\/revisions"}],"predecessor-version":[{"id":34346,"href":"https:\/\/radiorevelacionfm.cl\/index.php?rest_route=\/wp\/v2\/posts\/34344\/revisions\/34346"}],"wp:featuredmedia":[{"embeddable":true,"href":"https:\/\/radiorevelacionfm.cl\/index.php?rest_route=\/wp\/v2\/media\/34345"}],"wp:attachment":[{"href":"https:\/\/radiorevelacionfm.cl\/index.php?rest_route=%2Fwp%2Fv2%2Fmedia&parent=34344"}],"wp:term":[{"taxonomy":"category","embeddable":true,"href":"https:\/\/radiorevelacionfm.cl\/index.php?rest_route=%2Fwp%2Fv2%2Fcategories&post=34344"},{"taxonomy":"post_tag","embeddable":true,"href":"https:\/\/radiorevelacionfm.cl\/index.php?rest_route=%2Fwp%2Fv2%2Ftags&post=34344"}],"curies":[{"name":"wp","href":"https:\/\/api.w.org\/{rel}","templated":true}]}}