{"id":34336,"date":"2023-08-28T18:29:33","date_gmt":"2023-08-28T21:29:33","guid":{"rendered":"https:\/\/radiorevelacionfm.cl\/?p=34336"},"modified":"2023-08-28T18:29:33","modified_gmt":"2023-08-28T21:29:33","slug":"desbaratan-trafico-de-mas-de-6-kilos-de-marihuana-prensada-con-destino-a-puerto-aysen","status":"publish","type":"post","link":"https:\/\/radiorevelacionfm.cl\/?p=34336","title":{"rendered":"Desbaratan tr\u00e1fico de m\u00e1s de 6 kilos de marihuana prensada con destino a Puerto Ays\u00e9n"},"content":{"rendered":"<div class=\"flex_column av_one_full  flex_column_div av-zero-column-padding first  avia-builder-el-0  el_before_av_one_full  avia-builder-el-first  \" style='border-radius:0px; '><div  class='avia-image-container  av-styling-    avia-builder-el-1  avia-builder-el-no-sibling  avia-align-center '  itemprop=\"image\" itemscope=\"itemscope\" itemtype=\"https:\/\/schema.org\/ImageObject\"  ><div class='avia-image-container-inner'><div class='avia-image-overlay-wrap'><img decoding=\"async\" class='wp-image-34337 avia-img-lazy-loading-not-34337 avia_image' src=\"https:\/\/radiorevelacionfm.cl\/wp-content\/uploads\/2023\/08\/28-08-2023-Evidencia-BRIANCO-Coyhaique-6-kilos-Puerto-Aysen-1-1.jpg\" alt='' title='28-08-2023 Evidencia BRIANCO Coyhaique - 6 kilos Puerto Ays\u00e9n (1) (1)' height=\"600\" width=\"804\"  itemprop=\"thumbnailUrl\" srcset=\"https:\/\/radiorevelacionfm.cl\/wp-content\/uploads\/2023\/08\/28-08-2023-Evidencia-BRIANCO-Coyhaique-6-kilos-Puerto-Aysen-1-1.jpg 804w, https:\/\/radiorevelacionfm.cl\/wp-content\/uploads\/2023\/08\/28-08-2023-Evidencia-BRIANCO-Coyhaique-6-kilos-Puerto-Aysen-1-1-300x224.jpg 300w, https:\/\/radiorevelacionfm.cl\/wp-content\/uploads\/2023\/08\/28-08-2023-Evidencia-BRIANCO-Coyhaique-6-kilos-Puerto-Aysen-1-1-768x573.jpg 768w, https:\/\/radiorevelacionfm.cl\/wp-content\/uploads\/2023\/08\/28-08-2023-Evidencia-BRIANCO-Coyhaique-6-kilos-Puerto-Aysen-1-1-705x526.jpg 705w, https:\/\/radiorevelacionfm.cl\/wp-content\/uploads\/2023\/08\/28-08-2023-Evidencia-BRIANCO-Coyhaique-6-kilos-Puerto-Aysen-1-1-450x336.jpg 450w, https:\/\/radiorevelacionfm.cl\/wp-content\/uploads\/2023\/08\/28-08-2023-Evidencia-BRIANCO-Coyhaique-6-kilos-Puerto-Aysen-1-1-600x448.jpg 600w\" sizes=\"(max-width: 804px) 100vw, 804px\" \/><\/div><\/div><\/div><\/div><div class=\"flex_column av_one_full  flex_column_div av-zero-column-padding first  avia-builder-el-2  el_after_av_one_full  el_before_av_one_full  column-top-margin\" style='border-radius:0px; '><section class=\"av_textblock_section \"  itemscope=\"itemscope\" itemtype=\"https:\/\/schema.org\/BlogPosting\" itemprop=\"blogPost\" ><div class='avia_textblock  '   itemprop=\"text\" ><p style=\"text-align: center;\"><strong><span style=\"font-size: 18pt;\">Desbaratan tr\u00e1fico de m\u00e1s de 6 kilos de marihuana prensada con destino a Puerto Ays\u00e9n<\/span><\/strong><\/p>\n<div id=\"gtx-trans\" style=\"position: absolute; left: -50px; top: 4.31534px;\">\n<div class=\"gtx-trans-icon\"><\/div>\n<\/div>\n<\/div><\/section><\/div><div class=\"flex_column av_one_full  flex_column_div av-zero-column-padding first  avia-builder-el-4  el_after_av_one_full  el_before_av_hr  column-top-margin\" style='border-radius:0px; '><section class=\"av_textblock_section \"  itemscope=\"itemscope\" itemtype=\"https:\/\/schema.org\/BlogPosting\" itemprop=\"blogPost\" ><div class='avia_textblock  '   itemprop=\"text\" ><p style=\"font-weight: 400; text-align: justify;\">En el marco de una investigaci\u00f3n conjunta entre la Unidad de Drogas de la Fiscal\u00eda Regional de Ays\u00e9n y la Polic\u00eda de Investigaciones de Chile, fue detenida una imputada de 27 a\u00f1os, funcionaria p\u00fablica domiciliada en Puerto Ays\u00e9n, como autora del delito de tr\u00e1fico de drogas.<\/p>\n<p style=\"font-weight: 400; text-align: justify;\">Seg\u00fan explic\u00f3 la fiscal Mar\u00eda In\u00e9s N\u00fa\u00f1ez Briso en la audiencia de control de la detenci\u00f3n, diversas diligencias policiales efectuadas durante el jueves pasado, por la Brigada Antinarc\u00f3ticos y Contra el Crimen Organizado (BRIANCO) Coyhaique, permitieron localizar un env\u00edo con tres paquetes contenedores de 6 kilos 381 gramos de marihuana prensada.<\/p>\n<p style=\"font-weight: 400; text-align: justify;\">La fiscal del Ministerio P\u00fablico inform\u00f3 en la audiencia, efectuada este domingo en la ma\u00f1ana, que la imputada coordin\u00f3 el traslado de droga los d\u00edas 11 y 14 de agosto. El s\u00e1bado, a\u00f1adi\u00f3 la persecutora penal de la Unidad de Drogas, la imputada fue detenida cerca de las 14:00 horas por detectives de la PDI en su domicilio de Puerto Ays\u00e9n, lugar donde se aprestaba a recibir la droga.<\/p>\n<p style=\"font-weight: 400; text-align: justify;\">COORDINACI\u00d3N<\/p>\n<p style=\"font-weight: 400; text-align: justify;\">Al respecto, el subcomisario Ricardo Aedo de la BRIANCO Coyhaique se\u00f1al\u00f3 que \u201cel procedimiento se enmarca en una investigaci\u00f3n coordinada con el Ministerio P\u00fablico por el delito de Tr\u00e1fico Il\u00edcito de Drogas, donde mediante el uso de t\u00e9cnicas investigativas amparadas por nuestra legislaci\u00f3n, se permiti\u00f3 la detenci\u00f3n de la imputada, quien se dedicaba a la internaci\u00f3n de cannabis en la regi\u00f3n para su posterior dosificaci\u00f3n y venta en la comuna de Puerto Ays\u00e9n y sus alrededores, siendo oportunamente detectada por personal de esta brigada especializada\u201d.<\/p>\n<p style=\"font-weight: 400; text-align: justify;\">Conforme a lo establecido en el an\u00e1lisis de la evidencia y de los medios de prueba existentes, \u201cse obtuvo la entrada y registro de dos inmuebles en Puerto Ays\u00e9n, correspondiente a los investigados, instancia en la que se detectaron otras sustancias il\u00edcitas, tales como cannabis y ketamina\u201d, sostuvo el detective.<\/p>\n<p style=\"font-weight: 400; text-align: justify;\">As\u00ed, durante el procedimiento de la PDI, \u201cse incaut\u00f3 la cantidad de 6.381 gramos de cannabis, correspondiendo a 19.143 dosis y 22 gramos de ketamina, equivalente a 88 dosis de esta sustancia. Sobre la valorizaci\u00f3n total de la droga incautada, esta asciende a $95.715.000 asociados al cannabis y $660.000 correspondiente a la Ketamina\u201d, agreg\u00f3 el subcomisario de la brigada especializada. Adem\u00e1s, en el domicilio de la imputada se incautaron elementos para la dosificaci\u00f3n de la droga.<\/p>\n<p style=\"font-weight: 400; text-align: justify;\">PRISI\u00d3N PREVENTIVA<\/p>\n<p style=\"font-weight: 400; text-align: justify;\">En la audiencia de control de detenci\u00f3n y formalizaci\u00f3n de la investigaci\u00f3n, la fiscal Mar\u00eda In\u00e9s N\u00fa\u00f1ez solicit\u00f3 la prisi\u00f3n preventiva de la imputada, medida cautelar que fue acogida por el juez Juan Patricio Silva.<\/p>\n<p style=\"font-weight: 400; text-align: justify;\">El plazo para el t\u00e9rmino de las diligencias conjuntas entre la Unidad de Drogas de la Fiscal\u00eda y la Brigada Antinarc\u00f3ticos y Contra el Crimen Organizado de la PDI, fue fijado en 60 d\u00edas por el Juzgado de Garant\u00eda.<\/p>\n<\/div><\/section><\/div><div  style='height:50px' class='hr hr-invisible   avia-builder-el-6  el_after_av_one_full  el_before_av_social_share '><span class='hr-inner ' ><span class='hr-inner-style'><\/span><\/span><\/div><\/p>\n<div  class='av-social-sharing-box  avia-builder-el-7  el_after_av_hr  el_before_av_hr  '><div class='av-share-box'><h5 class='av-share-link-description av-no-toc '>Compartir esta noticia<\/h5><ul class='av-share-box-list noLightbox'><li class='av-share-link av-social-link-facebook' ><a target=\"_blank\" aria-label=\"Compartir en Facebook\" href='https:\/\/www.facebook.com\/sharer.php?u=https:\/\/radiorevelacionfm.cl\/?p=34336&#038;t=Desbaratan%20tr%C3%A1fico%20de%20m%C3%A1s%20de%206%20kilos%20de%20marihuana%20prensada%20con%20destino%20a%20Puerto%20Ays%C3%A9n' aria-hidden='false' data-av_icon='\ue8f3' data-av_iconfont='entypo-fontello' title='' data-avia-related-tooltip='Compartir en Facebook' rel=\"noopener\"><span class='avia_hidden_link_text'>Compartir en Facebook<\/span><\/a><\/li><li class='av-share-link av-social-link-twitter' ><a target=\"_blank\" aria-label=\"Compartir en Twitter\" href='https:\/\/twitter.com\/share?text=Desbaratan%20tr%C3%A1fico%20de%20m%C3%A1s%20de%206%20kilos%20de%20marihuana%20prensada%20con%20destino%20a%20Puerto%20Ays%C3%A9n&#038;url=https:\/\/radiorevelacionfm.cl\/?p=34336' aria-hidden='false' data-av_icon='\ue8f1' data-av_iconfont='entypo-fontello' title='' data-avia-related-tooltip='Compartir en Twitter' rel=\"noopener\"><span class='avia_hidden_link_text'>Compartir en Twitter<\/span><\/a><\/li><li class='av-share-link av-social-link-whatsapp' ><a target=\"_blank\" aria-label=\"Compartir en Whatsapp\" href='https:\/\/api.whatsapp.com\/send?text=https:\/\/radiorevelacionfm.cl\/?p=34336' aria-hidden='false' data-av_icon='\uf232' data-av_iconfont='entypo-fontello' title='' data-avia-related-tooltip='Compartir en Whatsapp' rel=\"noopener\"><span class='avia_hidden_link_text'>Compartir en Whatsapp<\/span><\/a><\/li><li class='av-share-link av-social-link-linkedin' ><a target=\"_blank\" aria-label=\"Compartir en LinkedIn\" href='https:\/\/linkedin.com\/shareArticle?mini=true&#038;title=Desbaratan%20tr%C3%A1fico%20de%20m%C3%A1s%20de%206%20kilos%20de%20marihuana%20prensada%20con%20destino%20a%20Puerto%20Ays%C3%A9n&#038;url=https:\/\/radiorevelacionfm.cl\/?p=34336' aria-hidden='false' data-av_icon='\ue8fc' data-av_iconfont='entypo-fontello' title='' data-avia-related-tooltip='Compartir en LinkedIn' rel=\"noopener\"><span class='avia_hidden_link_text'>Compartir en LinkedIn<\/span><\/a><\/li><li class='av-share-link av-social-link-mail' ><a  aria-label=\"Compartir por correo\" href='mailto:?subject=Desbaratan%20tr%C3%A1fico%20de%20m%C3%A1s%20de%206%20kilos%20de%20marihuana%20prensada%20con%20destino%20a%20Puerto%20Ays%C3%A9n&#038;body=https:\/\/radiorevelacionfm.cl\/?p=34336' aria-hidden='false' data-av_icon='\ue805' data-av_iconfont='entypo-fontello' title='' data-avia-related-tooltip='Compartir por correo'><span class='avia_hidden_link_text'>Compartir por correo<\/span><\/a><\/li><\/ul><\/div><\/div>\n<div  style='height:50px' class='hr hr-invisible   avia-builder-el-8  el_after_av_social_share  el_before_av_comments_list '><span class='hr-inner ' ><span class='hr-inner-style'><\/span><\/span><\/div>\n<div  class='av-buildercomment  av-blog-meta-html-info-disabled av-blog-meta-tag-disabled  '><\/div>\n","protected":false},"excerpt":{"rendered":"","protected":false},"author":1,"featured_media":34337,"comment_status":"open","ping_status":"open","sticky":false,"template":"","format":"standard","meta":{"footnotes":""},"categories":[35],"tags":[],"class_list":["post-34336","post","type-post","status-publish","format-standard","has-post-thumbnail","hentry","category-politica"],"jetpack_featured_media_url":"https:\/\/radiorevelacionfm.cl\/wp-content\/uploads\/2023\/08\/28-08-2023-Evidencia-BRIANCO-Coyhaique-6-kilos-Puerto-Aysen-1-1.jpg","_links":{"self":[{"href":"https:\/\/radiorevelacionfm.cl\/index.php?rest_route=\/wp\/v2\/posts\/34336","targetHints":{"allow":["GET"]}}],"collection":[{"href":"https:\/\/radiorevelacionfm.cl\/index.php?rest_route=\/wp\/v2\/posts"}],"about":[{"href":"https:\/\/radiorevelacionfm.cl\/index.php?rest_route=\/wp\/v2\/types\/post"}],"author":[{"embeddable":true,"href":"https:\/\/radiorevelacionfm.cl\/index.php?rest_route=\/wp\/v2\/users\/1"}],"replies":[{"embeddable":true,"href":"https:\/\/radiorevelacionfm.cl\/index.php?rest_route=%2Fwp%2Fv2%2Fcomments&post=34336"}],"version-history":[{"count":1,"href":"https:\/\/radiorevelacionfm.cl\/index.php?rest_route=\/wp\/v2\/posts\/34336\/revisions"}],"predecessor-version":[{"id":34338,"href":"https:\/\/radiorevelacionfm.cl\/index.php?rest_route=\/wp\/v2\/posts\/34336\/revisions\/34338"}],"wp:featuredmedia":[{"embeddable":true,"href":"https:\/\/radiorevelacionfm.cl\/index.php?rest_route=\/wp\/v2\/media\/34337"}],"wp:attachment":[{"href":"https:\/\/radiorevelacionfm.cl\/index.php?rest_route=%2Fwp%2Fv2%2Fmedia&parent=34336"}],"wp:term":[{"taxonomy":"category","embeddable":true,"href":"https:\/\/radiorevelacionfm.cl\/index.php?rest_route=%2Fwp%2Fv2%2Fcategories&post=34336"},{"taxonomy":"post_tag","embeddable":true,"href":"https:\/\/radiorevelacionfm.cl\/index.php?rest_route=%2Fwp%2Fv2%2Ftags&post=34336"}],"curies":[{"name":"wp","href":"https:\/\/api.w.org\/{rel}","templated":true}]}}