{"id":34333,"date":"2023-08-28T18:06:23","date_gmt":"2023-08-28T21:06:23","guid":{"rendered":"https:\/\/radiorevelacionfm.cl\/?p=34333"},"modified":"2023-08-28T18:06:23","modified_gmt":"2023-08-28T21:06:23","slug":"lanzan-convocatoria-para-participar-en-la-x-expo-feria-de-mujeres-emprendedoras-indigenas","status":"publish","type":"post","link":"https:\/\/radiorevelacionfm.cl\/?p=34333","title":{"rendered":"Lanzan convocatoria para participar en la X Expo Feria de Mujeres Emprendedoras Ind\u00edgenas"},"content":{"rendered":"<div class=\"flex_column av_one_full  flex_column_div av-zero-column-padding first  avia-builder-el-0  el_before_av_one_full  avia-builder-el-first  \" style='border-radius:0px; '><div  class='avia-image-container  av-styling-    avia-builder-el-1  avia-builder-el-no-sibling  avia-align-center '  itemprop=\"image\" itemscope=\"itemscope\" itemtype=\"https:\/\/schema.org\/ImageObject\"  ><div class='avia-image-container-inner'><div class='avia-image-overlay-wrap'><img decoding=\"async\" class='wp-image-34334 avia-img-lazy-loading-not-34334 avia_image' src=\"https:\/\/radiorevelacionfm.cl\/wp-content\/uploads\/2023\/08\/postulacion-expo-feria-8-1_optimized.jpg\" alt='' title='postulaci\u00f3n-expo-feria--(8)-(1)_optimized' height=\"600\" width=\"912\"  itemprop=\"thumbnailUrl\" srcset=\"https:\/\/radiorevelacionfm.cl\/wp-content\/uploads\/2023\/08\/postulacion-expo-feria-8-1_optimized.jpg 912w, https:\/\/radiorevelacionfm.cl\/wp-content\/uploads\/2023\/08\/postulacion-expo-feria-8-1_optimized-300x197.jpg 300w, https:\/\/radiorevelacionfm.cl\/wp-content\/uploads\/2023\/08\/postulacion-expo-feria-8-1_optimized-768x505.jpg 768w, https:\/\/radiorevelacionfm.cl\/wp-content\/uploads\/2023\/08\/postulacion-expo-feria-8-1_optimized-705x464.jpg 705w, https:\/\/radiorevelacionfm.cl\/wp-content\/uploads\/2023\/08\/postulacion-expo-feria-8-1_optimized-450x296.jpg 450w, https:\/\/radiorevelacionfm.cl\/wp-content\/uploads\/2023\/08\/postulacion-expo-feria-8-1_optimized-600x395.jpg 600w\" sizes=\"(max-width: 912px) 100vw, 912px\" \/><\/div><\/div><\/div><\/div><div class=\"flex_column av_one_full  flex_column_div av-zero-column-padding first  avia-builder-el-2  el_after_av_one_full  el_before_av_one_full  column-top-margin\" style='border-radius:0px; '><section class=\"av_textblock_section \"  itemscope=\"itemscope\" itemtype=\"https:\/\/schema.org\/BlogPosting\" itemprop=\"blogPost\" ><div class='avia_textblock  '   itemprop=\"text\" ><p style=\"text-align: center;\"><strong><span style=\"font-size: 18pt;\">Lanzan convocatoria para participar en la X Expo Feria de Mujeres Emprendedoras Ind\u00edgenas<\/span><\/strong><\/p>\n<div id=\"gtx-trans\" style=\"position: absolute; left: -50px; top: 4.31534px;\">\n<div class=\"gtx-trans-icon\"><\/div>\n<\/div>\n<\/div><\/section><\/div><div class=\"flex_column av_one_full  flex_column_div av-zero-column-padding first  avia-builder-el-4  el_after_av_one_full  el_before_av_hr  column-top-margin\" style='border-radius:0px; '><section class=\"av_textblock_section \"  itemscope=\"itemscope\" itemtype=\"https:\/\/schema.org\/BlogPosting\" itemprop=\"blogPost\" ><div class='avia_textblock  '   itemprop=\"text\" ><p style=\"text-align: justify;\">Desde el 24 de agosto hasta el 08 de septiembre se desarrollar\u00e1 la convocatoria para postular a la X ExpoFeria de Mujeres Emprendedoras Ind\u00edgenas 2023, espacio de comercializaci\u00f3n y visibilizaci\u00f3n, que desde 2012 convoca a emprendedoras de todo el pa\u00eds pertenecientes a los 11 pueblos ind\u00edgenas definidos por la ley 19.253.<\/p>\n<p style=\"text-align: justify;\">Las mujeres interesadas en participar y vender sus productos en la Expo Feria 2023, pueden postular a trav\u00e9s del sitio web del <a href=\"https:\/\/www.sernameg.gob.cl\/?page_id=42720\">Servicio Nacional de la Mujer y la Equidad de G\u00e9nero<\/a>, de la <a href=\"https:\/\/www.conadi.gob.cl\/convocatoria-10a-version-de-la-expo-feria-mujeres-emprendedoras-indigenas-2023\">Corporaci\u00f3n Nacional de Desarrollo Ind\u00edgena<\/a>; o a trav\u00e9s de las oficinas regionales de ambas instituciones presentando impresa la <a href=\"https:\/\/www.sernameg.gob.cl\/wp-content\/uploads\/2019\/07\/Ficha-de-postulacion-expo-feria-2023.pdf\">Ficha Oficial de Postulaci\u00f3n<\/a>.<\/p>\n<p style=\"text-align: justify;\">La d\u00e9cima versi\u00f3n de la Expo Feria que se realizar\u00e1 los d\u00edas 19, 20 y 21 de octubre en la Plaza de la Constituci\u00f3n, frente al Palacio de la Moneda, es un evento que busca relevar el rol de las mujeres emprendedoras ind\u00edgenas y sus liderazgos, en el \u00e1mbito del desarrollo social, cultural y econ\u00f3mico. Es una actividad nacional que contribuya a promover sus niveles de autonom\u00eda econ\u00f3mica, reactivaci\u00f3n del turismo y las econom\u00edas familiares.<\/p>\n<p style=\"text-align: justify;\">La Directora Nacional de SernamEG, Priscilla Carrasco Pizarro, precis\u00f3 que La Directora Nacional del SernamEG, Priscilla Carrasco Pizarro, precis\u00f3 que \u201cPara el SernamEG, es parte de un compromiso con las mujeres ind\u00edgenas, la revitalizaci\u00f3n de la cultura, la promoci\u00f3n de su autonom\u00eda econ\u00f3mica, la generaci\u00f3n de ingresos, y el trabajo de redes entre las emprendedoras de los distintos pueblos que las potencien a formar y robustecer sus redes de asociatividad. Este hito de encuentro de mujeres emprendedoras cumple 10 a\u00f1os y para nuestro servicio es muy importante empujar estos espacios donde se releve el comercio, pero tambi\u00e9n se ponga en valor la identidad de las mujeres ind\u00edgenas en toda su diversidad\u201d.<\/p>\n<p style=\"text-align: justify;\">Por su parte, la Directora Regional (S) de SernamEG, Marta Godoy Carvajal, dijo: \u201ctres pueden ser las mujeres que representen a la regi\u00f3n de Ays\u00e9n, en este evento de car\u00e1cter nacional; as\u00ed que las invitamos a postular. Pueden acercarse a realizar el tr\u00e1mite en horario de oficina a nuestras dependencias ubicadas en Avenida Baquedano 257, Coyhaique. Estamos disponibles para resolver cualquier duda y recepcionar su postulaci\u00f3n que finaliza el martes 08 de septiembre\u201d.<\/p>\n<\/div><\/section><\/div><div  style='height:50px' class='hr hr-invisible   avia-builder-el-6  el_after_av_one_full  el_before_av_social_share '><span class='hr-inner ' ><span class='hr-inner-style'><\/span><\/span><\/div><\/p>\n<div  class='av-social-sharing-box  avia-builder-el-7  el_after_av_hr  el_before_av_hr  '><div class='av-share-box'><h5 class='av-share-link-description av-no-toc '>Compartir esta noticia<\/h5><ul class='av-share-box-list noLightbox'><li class='av-share-link av-social-link-facebook' ><a target=\"_blank\" aria-label=\"Compartir en Facebook\" href='https:\/\/www.facebook.com\/sharer.php?u=https:\/\/radiorevelacionfm.cl\/?p=34333&#038;t=Lanzan%20convocatoria%20para%20participar%20en%20la%20X%20Expo%20Feria%20de%20Mujeres%20Emprendedoras%20Ind%C3%ADgenas' aria-hidden='false' data-av_icon='\ue8f3' data-av_iconfont='entypo-fontello' title='' data-avia-related-tooltip='Compartir en Facebook' rel=\"noopener\"><span class='avia_hidden_link_text'>Compartir en Facebook<\/span><\/a><\/li><li class='av-share-link av-social-link-twitter' ><a target=\"_blank\" aria-label=\"Compartir en Twitter\" href='https:\/\/twitter.com\/share?text=Lanzan%20convocatoria%20para%20participar%20en%20la%20X%20Expo%20Feria%20de%20Mujeres%20Emprendedoras%20Ind%C3%ADgenas&#038;url=https:\/\/radiorevelacionfm.cl\/?p=34333' aria-hidden='false' data-av_icon='\ue8f1' data-av_iconfont='entypo-fontello' title='' data-avia-related-tooltip='Compartir en Twitter' rel=\"noopener\"><span class='avia_hidden_link_text'>Compartir en Twitter<\/span><\/a><\/li><li class='av-share-link av-social-link-whatsapp' ><a target=\"_blank\" aria-label=\"Compartir en Whatsapp\" href='https:\/\/api.whatsapp.com\/send?text=https:\/\/radiorevelacionfm.cl\/?p=34333' aria-hidden='false' data-av_icon='\uf232' data-av_iconfont='entypo-fontello' title='' data-avia-related-tooltip='Compartir en Whatsapp' rel=\"noopener\"><span class='avia_hidden_link_text'>Compartir en Whatsapp<\/span><\/a><\/li><li class='av-share-link av-social-link-linkedin' ><a target=\"_blank\" aria-label=\"Compartir en LinkedIn\" href='https:\/\/linkedin.com\/shareArticle?mini=true&#038;title=Lanzan%20convocatoria%20para%20participar%20en%20la%20X%20Expo%20Feria%20de%20Mujeres%20Emprendedoras%20Ind%C3%ADgenas&#038;url=https:\/\/radiorevelacionfm.cl\/?p=34333' aria-hidden='false' data-av_icon='\ue8fc' data-av_iconfont='entypo-fontello' title='' data-avia-related-tooltip='Compartir en LinkedIn' rel=\"noopener\"><span class='avia_hidden_link_text'>Compartir en LinkedIn<\/span><\/a><\/li><li class='av-share-link av-social-link-mail' ><a  aria-label=\"Compartir por correo\" href='mailto:?subject=Lanzan%20convocatoria%20para%20participar%20en%20la%20X%20Expo%20Feria%20de%20Mujeres%20Emprendedoras%20Ind%C3%ADgenas&#038;body=https:\/\/radiorevelacionfm.cl\/?p=34333' aria-hidden='false' data-av_icon='\ue805' data-av_iconfont='entypo-fontello' title='' data-avia-related-tooltip='Compartir por correo'><span class='avia_hidden_link_text'>Compartir por correo<\/span><\/a><\/li><\/ul><\/div><\/div>\n<div  style='height:50px' class='hr hr-invisible   avia-builder-el-8  el_after_av_social_share  el_before_av_comments_list '><span class='hr-inner ' ><span class='hr-inner-style'><\/span><\/span><\/div>\n<div  class='av-buildercomment  av-blog-meta-html-info-disabled av-blog-meta-tag-disabled  '><\/div>\n","protected":false},"excerpt":{"rendered":"","protected":false},"author":1,"featured_media":34334,"comment_status":"open","ping_status":"open","sticky":false,"template":"","format":"standard","meta":{"footnotes":""},"categories":[38],"tags":[],"class_list":["post-34333","post","type-post","status-publish","format-standard","has-post-thumbnail","hentry","category-regional"],"jetpack_featured_media_url":"https:\/\/radiorevelacionfm.cl\/wp-content\/uploads\/2023\/08\/postulacion-expo-feria-8-1_optimized.jpg","_links":{"self":[{"href":"https:\/\/radiorevelacionfm.cl\/index.php?rest_route=\/wp\/v2\/posts\/34333","targetHints":{"allow":["GET"]}}],"collection":[{"href":"https:\/\/radiorevelacionfm.cl\/index.php?rest_route=\/wp\/v2\/posts"}],"about":[{"href":"https:\/\/radiorevelacionfm.cl\/index.php?rest_route=\/wp\/v2\/types\/post"}],"author":[{"embeddable":true,"href":"https:\/\/radiorevelacionfm.cl\/index.php?rest_route=\/wp\/v2\/users\/1"}],"replies":[{"embeddable":true,"href":"https:\/\/radiorevelacionfm.cl\/index.php?rest_route=%2Fwp%2Fv2%2Fcomments&post=34333"}],"version-history":[{"count":1,"href":"https:\/\/radiorevelacionfm.cl\/index.php?rest_route=\/wp\/v2\/posts\/34333\/revisions"}],"predecessor-version":[{"id":34335,"href":"https:\/\/radiorevelacionfm.cl\/index.php?rest_route=\/wp\/v2\/posts\/34333\/revisions\/34335"}],"wp:featuredmedia":[{"embeddable":true,"href":"https:\/\/radiorevelacionfm.cl\/index.php?rest_route=\/wp\/v2\/media\/34334"}],"wp:attachment":[{"href":"https:\/\/radiorevelacionfm.cl\/index.php?rest_route=%2Fwp%2Fv2%2Fmedia&parent=34333"}],"wp:term":[{"taxonomy":"category","embeddable":true,"href":"https:\/\/radiorevelacionfm.cl\/index.php?rest_route=%2Fwp%2Fv2%2Fcategories&post=34333"},{"taxonomy":"post_tag","embeddable":true,"href":"https:\/\/radiorevelacionfm.cl\/index.php?rest_route=%2Fwp%2Fv2%2Ftags&post=34333"}],"curies":[{"name":"wp","href":"https:\/\/api.w.org\/{rel}","templated":true}]}}