{"id":3432,"date":"2021-04-23T11:59:30","date_gmt":"2021-04-23T14:59:30","guid":{"rendered":"https:\/\/radiorevelacionfm.cl\/?p=3432"},"modified":"2021-04-23T12:09:35","modified_gmt":"2021-04-23T15:09:35","slug":"inauguran-cancha-deportiva-del-club-cerro-porteno-en-puerto-aysen","status":"publish","type":"post","link":"https:\/\/radiorevelacionfm.cl\/?p=3432","title":{"rendered":"Inauguran cancha deportiva del Club Cerro Porte\u00f1o en Puerto Ays\u00e9n"},"content":{"rendered":"<div class=\"flex_column av_one_full  flex_column_div av-zero-column-padding first  avia-builder-el-0  el_before_av_one_full  avia-builder-el-first  \" style='border-radius:0px; '><div  class='avia-image-container  av-styling-    avia-builder-el-1  avia-builder-el-no-sibling  avia-align-center '  itemprop=\"image\" itemscope=\"itemscope\" itemtype=\"https:\/\/schema.org\/ImageObject\"  ><div class='avia-image-container-inner'><div class='avia-image-overlay-wrap'><img decoding=\"async\" class='wp-image-0 avia-img-lazy-loading-not-0 avia_image' src=\"https:\/\/radiorevelacionfm.cl\/wp-content\/uploads\/2021\/04\/FOTO-inauguracion-cancha-cerro-porteno-1-1.jpeg\" alt='' title=''   itemprop=\"thumbnailUrl\"  \/><\/div><\/div><\/div><\/div>\n<div class=\"flex_column av_one_full  flex_column_div av-zero-column-padding first  avia-builder-el-2  el_after_av_one_full  el_before_av_one_full  column-top-margin\" style='border-radius:0px; '><section class=\"av_textblock_section \"  itemscope=\"itemscope\" itemtype=\"https:\/\/schema.org\/BlogPosting\" itemprop=\"blogPost\" ><div class='avia_textblock  '   itemprop=\"text\" ><p style=\"text-align: center;\"><strong><span style=\"font-size: 18pt;\">Inauguran cancha deportiva del Club Cerro Porte\u00f1o en Puerto Ays\u00e9n <\/span><\/strong><\/p>\n<div id=\"gtx-trans\" style=\"position: absolute; left: -50px; top: 4.31534px;\">\n<div class=\"gtx-trans-icon\"><\/div>\n<\/div>\n<\/div><\/section><\/div>\n<div class=\"flex_column av_one_full  flex_column_div av-zero-column-padding first  avia-builder-el-4  el_after_av_one_full  el_before_av_hr  column-top-margin\" style='border-radius:0px; '><section class=\"av_textblock_section \"  itemscope=\"itemscope\" itemtype=\"https:\/\/schema.org\/BlogPosting\" itemprop=\"blogPost\" ><div class='avia_textblock  '   itemprop=\"text\" ><p style=\"text-align: justify;\">La iniciativa se enmarca dentro las iniciativas de infraestructura \u201ccon sentido\u201d que imparte el Presidente Sebasti\u00e1n Pi\u00f1era para apoyar a los jugadores y a las comunidades del pa\u00eds.<\/p>\n<p style=\"text-align: justify;\">\u201cEsta cancha fue de tierra, de piedra, de lodo, donde tambi\u00e9n se practic\u00f3 deporte por muchos a\u00f1os, y varios dirigentes so\u00f1aron con tener lo que hoy d\u00eda es una realidad de tener un campo sint\u00e9tico, una infraestructura que cambia todo el panorama de una comuna y de un sector especial que es la Ribera Sur\u201d. Con esta frase del presidente del Club Deportivo Cerro Porte\u00f1o, C\u00e9sar Figueroa, \u00a0se inaugur\u00f3 \u2013el mi\u00e9rcoles pasado\u2013 el nuevo centro deportivo en la comuna de Puerto Ays\u00e9n.<\/p>\n<p style=\"text-align: justify;\">Gracias al trabajo mancomunado entre los vecinos, los dirigentes deportivos y el Gobierno del Presidente Sebasti\u00e1n Pi\u00f1era \u2013a trav\u00e9s de la Direcci\u00f3n Regional de Arquitectura del Ministerio de Obras P\u00fablicas\u2013 y su socio estrat\u00e9gico el Gobierno Regional de Ays\u00e9n, esta obra es una realidad, cuya inversi\u00f3n supera los 625 millones de pesos.<\/p>\n<p style=\"text-align: justify;\">La Intendenta de la Regi\u00f3n de Ays\u00e9n, Margarita Ossa, argument\u00f3 que \u201ces un proyecto que ha llevado tiempo, mucho esfuerzo entre todos, donde se ha sorteado una serie de dificultades y problemas propios de la pandemia como, por ejemplo, la falta de stock. Pero lo importante, y es lo que nos ha pedido el Presidente, es preservar en este tipo de proyectos y muchos otros, sobre todo en aquellos que est\u00e1n asociados a entregar una mejor calidad de vida de las personas\u201d.<\/p>\n<p style=\"text-align: justify;\">Asimismo, a\u00f1adi\u00f3: \u201cSomos testigos de la felicidad que produce el poder inaugurar una iniciativa como esta, de la proyecci\u00f3n y significancia que tiene para las familias porque entrega dignidad para el ejercicio del deporte\u201d.<\/p>\n<p style=\"text-align: justify;\">En tanto, el presidente del Consejo Regional, Sergio Gonz\u00e1lez, explic\u00f3 que \u201cestamos cumpliendo con los deportistas y con generar espacios deportivos para la gente de nuestra regi\u00f3n; y, obviamente, muy contentos porque los deportistas de Ays\u00e9n est\u00e1n complementando el trabajo no solamente en el club sino se ampl\u00eda hacia toda la comuna y eso, sin duda, que es importante\u201d.<\/p>\n<p style=\"text-align: justify;\"><strong>Segunda etapa<\/strong><\/p>\n<p style=\"text-align: justify;\">Este tipo de iniciativas modifican radicalmente las condiciones en que los deportistas y vecinos entrenan o practican deporte, mejorando la calidad de vida, la salud y las oportunidades de desarrollo tanto para el Club Deportivo Cerro Porte\u00f1o, para el sector Ribera Sur y para toda la ciudad de Puerto Ays\u00e9n.<\/p>\n<p style=\"text-align: justify;\">En ese sentido, el Seremi de Obras P\u00fablicas, N\u00e9stor Mera, destac\u00f3 todo el esfuerzo del equipo de trabajo de la Direcci\u00f3n de Arquitectura del ministerio y el soporte econ\u00f3mico del GORE a trav\u00e9s del Consejo Regional y la Intendenta de la regi\u00f3n.<\/p>\n<p style=\"text-align: justify;\">\u201cSabemos que han sido a\u00f1os complejos, especialmente para el deporte, y esperamos que este tipo de mejoramiento de infraestructura donde hay un evidente cambio de est\u00e1ndar permita mejorar notablemente las actividades\u201d, agreg\u00f3 el Seremi, a\u00f1adiendo que \u201cse terminan objetivos pero probablemente hay nuevas etapas hoy d\u00eda respecto a lo que han planteado los mismo dirigentes y que tienen que ver con grader\u00edas, camarines y ba\u00f1os. Bueno, nosotros estamos muy dispuestos a seguir trabajando en una segunda etapa de este tipo, que permita el desarrollo del deporte con la mayor dignidad posible en la Regi\u00f3n de Ays\u00e9n\u201d.<\/p>\n<\/div><\/section><\/div><div  style='height:50px' class='hr hr-invisible   avia-builder-el-6  el_after_av_one_full  el_before_av_social_share '><span class='hr-inner ' ><span class='hr-inner-style'><\/span><\/span><\/div><\/p>\n<div  class='av-social-sharing-box  avia-builder-el-7  el_after_av_hr  el_before_av_hr  '><div class='av-share-box'><h5 class='av-share-link-description av-no-toc '>Compartir esta noticia<\/h5><ul class='av-share-box-list noLightbox'><li class='av-share-link av-social-link-facebook' ><a target=\"_blank\" aria-label=\"Compartir en Facebook\" href='https:\/\/www.facebook.com\/sharer.php?u=https:\/\/radiorevelacionfm.cl\/?p=3432&#038;t=Inauguran%20cancha%20deportiva%20del%20Club%20Cerro%20Porte%C3%B1o%20en%20Puerto%20Ays%C3%A9n' aria-hidden='false' data-av_icon='\ue8f3' data-av_iconfont='entypo-fontello' title='' data-avia-related-tooltip='Compartir en Facebook' rel=\"noopener\"><span class='avia_hidden_link_text'>Compartir en Facebook<\/span><\/a><\/li><li class='av-share-link av-social-link-twitter' ><a target=\"_blank\" aria-label=\"Compartir en Twitter\" href='https:\/\/twitter.com\/share?text=Inauguran%20cancha%20deportiva%20del%20Club%20Cerro%20Porte%C3%B1o%20en%20Puerto%20Ays%C3%A9n&#038;url=https:\/\/radiorevelacionfm.cl\/?p=3432' aria-hidden='false' data-av_icon='\ue8f1' data-av_iconfont='entypo-fontello' title='' data-avia-related-tooltip='Compartir en Twitter' rel=\"noopener\"><span class='avia_hidden_link_text'>Compartir en Twitter<\/span><\/a><\/li><li class='av-share-link av-social-link-whatsapp' ><a target=\"_blank\" aria-label=\"Compartir en Whatsapp\" href='https:\/\/api.whatsapp.com\/send?text=https:\/\/radiorevelacionfm.cl\/?p=3432' aria-hidden='false' data-av_icon='\uf232' data-av_iconfont='entypo-fontello' title='' data-avia-related-tooltip='Compartir en Whatsapp' rel=\"noopener\"><span class='avia_hidden_link_text'>Compartir en Whatsapp<\/span><\/a><\/li><li class='av-share-link av-social-link-linkedin' ><a target=\"_blank\" aria-label=\"Compartir en LinkedIn\" href='https:\/\/linkedin.com\/shareArticle?mini=true&#038;title=Inauguran%20cancha%20deportiva%20del%20Club%20Cerro%20Porte%C3%B1o%20en%20Puerto%20Ays%C3%A9n&#038;url=https:\/\/radiorevelacionfm.cl\/?p=3432' aria-hidden='false' data-av_icon='\ue8fc' data-av_iconfont='entypo-fontello' title='' data-avia-related-tooltip='Compartir en LinkedIn' rel=\"noopener\"><span class='avia_hidden_link_text'>Compartir en LinkedIn<\/span><\/a><\/li><li class='av-share-link av-social-link-mail' ><a  aria-label=\"Compartir por correo\" href='mailto:?subject=Inauguran%20cancha%20deportiva%20del%20Club%20Cerro%20Porte%C3%B1o%20en%20Puerto%20Ays%C3%A9n&#038;body=https:\/\/radiorevelacionfm.cl\/?p=3432' aria-hidden='false' data-av_icon='\ue805' data-av_iconfont='entypo-fontello' title='' data-avia-related-tooltip='Compartir por correo'><span class='avia_hidden_link_text'>Compartir por correo<\/span><\/a><\/li><\/ul><\/div><\/div>\n<div  style='height:50px' class='hr hr-invisible   avia-builder-el-8  el_after_av_social_share  el_before_av_comments_list '><span class='hr-inner ' ><span class='hr-inner-style'><\/span><\/span><\/div>\n<div  class='av-buildercomment  av-blog-meta-html-info-disabled av-blog-meta-tag-disabled  '><\/div>\n","protected":false},"excerpt":{"rendered":"","protected":false},"author":1,"featured_media":0,"comment_status":"open","ping_status":"open","sticky":false,"template":"","format":"standard","meta":{"footnotes":""},"categories":[40],"tags":[],"class_list":["post-3432","post","type-post","status-publish","format-standard","hentry","category-deportes"],"jetpack_featured_media_url":"","_links":{"self":[{"href":"https:\/\/radiorevelacionfm.cl\/index.php?rest_route=\/wp\/v2\/posts\/3432","targetHints":{"allow":["GET"]}}],"collection":[{"href":"https:\/\/radiorevelacionfm.cl\/index.php?rest_route=\/wp\/v2\/posts"}],"about":[{"href":"https:\/\/radiorevelacionfm.cl\/index.php?rest_route=\/wp\/v2\/types\/post"}],"author":[{"embeddable":true,"href":"https:\/\/radiorevelacionfm.cl\/index.php?rest_route=\/wp\/v2\/users\/1"}],"replies":[{"embeddable":true,"href":"https:\/\/radiorevelacionfm.cl\/index.php?rest_route=%2Fwp%2Fv2%2Fcomments&post=3432"}],"version-history":[{"count":4,"href":"https:\/\/radiorevelacionfm.cl\/index.php?rest_route=\/wp\/v2\/posts\/3432\/revisions"}],"predecessor-version":[{"id":3438,"href":"https:\/\/radiorevelacionfm.cl\/index.php?rest_route=\/wp\/v2\/posts\/3432\/revisions\/3438"}],"wp:attachment":[{"href":"https:\/\/radiorevelacionfm.cl\/index.php?rest_route=%2Fwp%2Fv2%2Fmedia&parent=3432"}],"wp:term":[{"taxonomy":"category","embeddable":true,"href":"https:\/\/radiorevelacionfm.cl\/index.php?rest_route=%2Fwp%2Fv2%2Fcategories&post=3432"},{"taxonomy":"post_tag","embeddable":true,"href":"https:\/\/radiorevelacionfm.cl\/index.php?rest_route=%2Fwp%2Fv2%2Ftags&post=3432"}],"curies":[{"name":"wp","href":"https:\/\/api.w.org\/{rel}","templated":true}]}}