{"id":34314,"date":"2023-08-27T22:45:40","date_gmt":"2023-08-28T01:45:40","guid":{"rendered":"https:\/\/radiorevelacionfm.cl\/?p=34314"},"modified":"2023-08-27T22:45:40","modified_gmt":"2023-08-28T01:45:40","slug":"este-lunes-inician-en-guaitecas-operativo-medico-con-profesionales-del-hospital-sotero-del-rio","status":"publish","type":"post","link":"https:\/\/radiorevelacionfm.cl\/?p=34314","title":{"rendered":"Este lunes inician en Guaitecas operativo m\u00e9dico con profesionales del Hospital S\u00f3tero del R\u00edo"},"content":{"rendered":"<div class=\"flex_column av_one_full  flex_column_div av-zero-column-padding first  avia-builder-el-0  el_before_av_one_full  avia-builder-el-first  \" style='border-radius:0px; '><div  class='avia-image-container  av-styling-    avia-builder-el-1  avia-builder-el-no-sibling  avia-align-center '  itemprop=\"image\" itemscope=\"itemscope\" itemtype=\"https:\/\/schema.org\/ImageObject\"  ><div class='avia-image-container-inner'><div class='avia-image-overlay-wrap'><img decoding=\"async\" class='wp-image-34315 avia-img-lazy-loading-not-34315 avia_image' src=\"https:\/\/radiorevelacionfm.cl\/wp-content\/uploads\/2023\/08\/Imagen6-1-1.jpg\" alt='' title='Imagen6 (1) (1)' height=\"600\" width=\"801\"  itemprop=\"thumbnailUrl\" srcset=\"https:\/\/radiorevelacionfm.cl\/wp-content\/uploads\/2023\/08\/Imagen6-1-1.jpg 801w, https:\/\/radiorevelacionfm.cl\/wp-content\/uploads\/2023\/08\/Imagen6-1-1-300x225.jpg 300w, https:\/\/radiorevelacionfm.cl\/wp-content\/uploads\/2023\/08\/Imagen6-1-1-768x575.jpg 768w, https:\/\/radiorevelacionfm.cl\/wp-content\/uploads\/2023\/08\/Imagen6-1-1-705x528.jpg 705w, https:\/\/radiorevelacionfm.cl\/wp-content\/uploads\/2023\/08\/Imagen6-1-1-450x337.jpg 450w, https:\/\/radiorevelacionfm.cl\/wp-content\/uploads\/2023\/08\/Imagen6-1-1-600x449.jpg 600w\" sizes=\"(max-width: 801px) 100vw, 801px\" \/><\/div><\/div><\/div><\/div><div class=\"flex_column av_one_full  flex_column_div av-zero-column-padding first  avia-builder-el-2  el_after_av_one_full  el_before_av_one_full  column-top-margin\" style='border-radius:0px; '><section class=\"av_textblock_section \"  itemscope=\"itemscope\" itemtype=\"https:\/\/schema.org\/BlogPosting\" itemprop=\"blogPost\" ><div class='avia_textblock  '   itemprop=\"text\" ><p style=\"text-align: center;\"><strong><span style=\"font-size: 18pt;\">Este lunes inician en Guaitecas operativo m\u00e9dico con profesionales del Hospital S\u00f3tero del R\u00edo<\/span><\/strong><\/p>\n<div id=\"gtx-trans\" style=\"position: absolute; left: -50px; top: 4.31534px;\">\n<div class=\"gtx-trans-icon\"><\/div>\n<\/div>\n<\/div><\/section><\/div><div class=\"flex_column av_one_full  flex_column_div av-zero-column-padding first  avia-builder-el-4  el_after_av_one_full  el_before_av_hr  column-top-margin\" style='border-radius:0px; '><section class=\"av_textblock_section \"  itemscope=\"itemscope\" itemtype=\"https:\/\/schema.org\/BlogPosting\" itemprop=\"blogPost\" ><div class='avia_textblock  '   itemprop=\"text\" ><p style=\"text-align: justify;\">Desde el lunes 28 de agosto y hasta el pr\u00f3ximo viernes 8 de septiembre, se desarrollar\u00e1 en Guaitecas un operativo m\u00e9dico del Hospital S\u00f3tero del R\u00edo, que el alcalde Marco Silva gestion\u00f3 hace unos meses en Santiago.<\/p>\n<p style=\"text-align: justify;\">Se trata del sexto operativo que este hospital realizar\u00e1 en la comuna, como explic\u00f3 Margareth Kutscher, Secretaria Municipal de Guaitecas, quien se\u00f1al\u00f3 que este operativo contempla el arribo de unos 60 profesionales, t\u00e9cnicos, administrativos y apoyos log\u00edsticos para atender durante la semana a la comunidad.<\/p>\n<p style=\"text-align: justify;\">\u201cEl domingo van a estar instalados ac\u00e1 en la comuna para comenzar a trabajar el d\u00eda lunes 28 de agosto y las atenciones se van a prolongar hasta el d\u00eda ocho de septiembre y luego retornan. Van a haber varias especialidades y como siempre esto se coordin\u00f3 con el Servicio de Salud y la posta y desde marzo se han estado intercambiando agendas para los pacientes y se ha estado trabajando este aspecto con la posta y ya est\u00e1 todo coordinado\u201d, dijo la secretaria municipal de Guaitecas, quien a\u00f1adi\u00f3 que este equipo t\u00e9cnico y profesional traer\u00e1 consigo el equipamiento m\u00e9dico para las prestaciones de especialistas que se ofrecer\u00e1n a la comunidad.<\/p>\n<p style=\"text-align: justify;\">Con relaci\u00f3n a las especialidades m\u00e9dicas que incorporaron en este operativo, Margareth Kutscher se\u00f1al\u00f3 que son varias y muy necesarias, dadas las patolog\u00edas que se han detectado en los habitantes de la comuna.<\/p>\n<p style=\"text-align: justify;\">\u201cTenemos cirug\u00eda infantil, pues si bien no viene un pediatra, los profesionales que vienen nos han dicho que ellos pueden atender a los infantes. Viene tambi\u00e9n traumatolog\u00eda, endoscop\u00eda y viene tambi\u00e9n un servicio de oftalmolog\u00eda m\u00e1s especializada, para ver fondo de ojos y tratamientos m\u00e1s complejos\u201d, dijo la funcionaria de la Municipalidad de Guaitecas.<\/p>\n<p style=\"text-align: justify;\">Con relaci\u00f3n a la log\u00edstica para atender a esta delegaci\u00f3n, Margareth Kutscher dijo que hubo que acudir a otras redes de apoyo, pues en las versiones anteriores se usaban las dependencias del Liceo Melinka, que ahora est\u00e1n siendo usadas por sus estudiantes.<\/p>\n<p style=\"text-align: justify;\">Por \u00faltimo, en cuanto a las expectativas y a la evaluaci\u00f3n de los operativos m\u00e9dicos que en a\u00f1os anteriores realiz\u00f3 el Hospital S\u00f3tero del R\u00edo en Melinka, Margareth Kutscher dijo que son muy altas.<\/p>\n<p style=\"text-align: justify;\">\u201cMuy bien, pues en el \u00faltimo operativo, que fue en el a\u00f1o 2020, logramos hacer m\u00e1s de 2100 prestaciones m\u00e9dicas. Antes se hizo el operativo en el verano y log\u00edsticamente nosotros facilit\u00e1bamos el liceo y la cocina del liceo y ahora como estamos con clases, hemos tenido que acudir a otras redes para la log\u00edstica. Vamos a tener dispuesto alojamientos en la casa de hu\u00e9spedes, AquaChile nos va a apoyar con el alojamiento para 20 personas; Bomberos tambi\u00e9n nos va a facilitar sus dependencias y vamos a tener habilitado el centro cultural como espacio com\u00fan para los profesionales, que nos los espacios p\u00fablicos con los que contamos\u201d, indic\u00f3.<\/p>\n<\/div><\/section><\/div><div  style='height:50px' class='hr hr-invisible   avia-builder-el-6  el_after_av_one_full  el_before_av_social_share '><span class='hr-inner ' ><span class='hr-inner-style'><\/span><\/span><\/div><\/p>\n<div  class='av-social-sharing-box  avia-builder-el-7  el_after_av_hr  el_before_av_hr  '><div class='av-share-box'><h5 class='av-share-link-description av-no-toc '>Compartir esta noticia<\/h5><ul class='av-share-box-list noLightbox'><li class='av-share-link av-social-link-facebook' ><a target=\"_blank\" aria-label=\"Compartir en Facebook\" href='https:\/\/www.facebook.com\/sharer.php?u=https:\/\/radiorevelacionfm.cl\/?p=34314&#038;t=Este%20lunes%20inician%20en%20Guaitecas%20operativo%20m%C3%A9dico%20con%20profesionales%20del%20Hospital%20S%C3%B3tero%20del%20R%C3%ADo' aria-hidden='false' data-av_icon='\ue8f3' data-av_iconfont='entypo-fontello' title='' data-avia-related-tooltip='Compartir en Facebook' rel=\"noopener\"><span class='avia_hidden_link_text'>Compartir en Facebook<\/span><\/a><\/li><li class='av-share-link av-social-link-twitter' ><a target=\"_blank\" aria-label=\"Compartir en Twitter\" href='https:\/\/twitter.com\/share?text=Este%20lunes%20inician%20en%20Guaitecas%20operativo%20m%C3%A9dico%20con%20profesionales%20del%20Hospital%20S%C3%B3tero%20del%20R%C3%ADo&#038;url=https:\/\/radiorevelacionfm.cl\/?p=34314' aria-hidden='false' data-av_icon='\ue8f1' data-av_iconfont='entypo-fontello' title='' data-avia-related-tooltip='Compartir en Twitter' rel=\"noopener\"><span class='avia_hidden_link_text'>Compartir en Twitter<\/span><\/a><\/li><li class='av-share-link av-social-link-whatsapp' ><a target=\"_blank\" aria-label=\"Compartir en Whatsapp\" href='https:\/\/api.whatsapp.com\/send?text=https:\/\/radiorevelacionfm.cl\/?p=34314' aria-hidden='false' data-av_icon='\uf232' data-av_iconfont='entypo-fontello' title='' data-avia-related-tooltip='Compartir en Whatsapp' rel=\"noopener\"><span class='avia_hidden_link_text'>Compartir en Whatsapp<\/span><\/a><\/li><li class='av-share-link av-social-link-linkedin' ><a target=\"_blank\" aria-label=\"Compartir en LinkedIn\" href='https:\/\/linkedin.com\/shareArticle?mini=true&#038;title=Este%20lunes%20inician%20en%20Guaitecas%20operativo%20m%C3%A9dico%20con%20profesionales%20del%20Hospital%20S%C3%B3tero%20del%20R%C3%ADo&#038;url=https:\/\/radiorevelacionfm.cl\/?p=34314' aria-hidden='false' data-av_icon='\ue8fc' data-av_iconfont='entypo-fontello' title='' data-avia-related-tooltip='Compartir en LinkedIn' rel=\"noopener\"><span class='avia_hidden_link_text'>Compartir en LinkedIn<\/span><\/a><\/li><li class='av-share-link av-social-link-mail' ><a  aria-label=\"Compartir por correo\" href='mailto:?subject=Este%20lunes%20inician%20en%20Guaitecas%20operativo%20m%C3%A9dico%20con%20profesionales%20del%20Hospital%20S%C3%B3tero%20del%20R%C3%ADo&#038;body=https:\/\/radiorevelacionfm.cl\/?p=34314' aria-hidden='false' data-av_icon='\ue805' data-av_iconfont='entypo-fontello' title='' data-avia-related-tooltip='Compartir por correo'><span class='avia_hidden_link_text'>Compartir por correo<\/span><\/a><\/li><\/ul><\/div><\/div>\n<div  style='height:50px' class='hr hr-invisible   avia-builder-el-8  el_after_av_social_share  el_before_av_comments_list '><span class='hr-inner ' ><span class='hr-inner-style'><\/span><\/span><\/div>\n<div  class='av-buildercomment  av-blog-meta-html-info-disabled av-blog-meta-tag-disabled  '><\/div>\n","protected":false},"excerpt":{"rendered":"","protected":false},"author":1,"featured_media":34315,"comment_status":"open","ping_status":"open","sticky":false,"template":"","format":"standard","meta":{"footnotes":""},"categories":[38],"tags":[],"class_list":["post-34314","post","type-post","status-publish","format-standard","has-post-thumbnail","hentry","category-regional"],"jetpack_featured_media_url":"https:\/\/radiorevelacionfm.cl\/wp-content\/uploads\/2023\/08\/Imagen6-1-1.jpg","_links":{"self":[{"href":"https:\/\/radiorevelacionfm.cl\/index.php?rest_route=\/wp\/v2\/posts\/34314","targetHints":{"allow":["GET"]}}],"collection":[{"href":"https:\/\/radiorevelacionfm.cl\/index.php?rest_route=\/wp\/v2\/posts"}],"about":[{"href":"https:\/\/radiorevelacionfm.cl\/index.php?rest_route=\/wp\/v2\/types\/post"}],"author":[{"embeddable":true,"href":"https:\/\/radiorevelacionfm.cl\/index.php?rest_route=\/wp\/v2\/users\/1"}],"replies":[{"embeddable":true,"href":"https:\/\/radiorevelacionfm.cl\/index.php?rest_route=%2Fwp%2Fv2%2Fcomments&post=34314"}],"version-history":[{"count":1,"href":"https:\/\/radiorevelacionfm.cl\/index.php?rest_route=\/wp\/v2\/posts\/34314\/revisions"}],"predecessor-version":[{"id":34316,"href":"https:\/\/radiorevelacionfm.cl\/index.php?rest_route=\/wp\/v2\/posts\/34314\/revisions\/34316"}],"wp:featuredmedia":[{"embeddable":true,"href":"https:\/\/radiorevelacionfm.cl\/index.php?rest_route=\/wp\/v2\/media\/34315"}],"wp:attachment":[{"href":"https:\/\/radiorevelacionfm.cl\/index.php?rest_route=%2Fwp%2Fv2%2Fmedia&parent=34314"}],"wp:term":[{"taxonomy":"category","embeddable":true,"href":"https:\/\/radiorevelacionfm.cl\/index.php?rest_route=%2Fwp%2Fv2%2Fcategories&post=34314"},{"taxonomy":"post_tag","embeddable":true,"href":"https:\/\/radiorevelacionfm.cl\/index.php?rest_route=%2Fwp%2Fv2%2Ftags&post=34314"}],"curies":[{"name":"wp","href":"https:\/\/api.w.org\/{rel}","templated":true}]}}