{"id":34310,"date":"2023-08-27T19:11:36","date_gmt":"2023-08-27T22:11:36","guid":{"rendered":"https:\/\/radiorevelacionfm.cl\/?p=34310"},"modified":"2023-08-27T19:11:36","modified_gmt":"2023-08-27T22:11:36","slug":"junaeb-inicio-la-entrega-de-256-computadores-en-la-provincia-de-aysen","status":"publish","type":"post","link":"https:\/\/radiorevelacionfm.cl\/?p=34310","title":{"rendered":"Junaeb inici\u00f3 la entrega de 256 computadores en la provincia de Ays\u00e9n"},"content":{"rendered":"<div class=\"flex_column av_one_full  flex_column_div av-zero-column-padding first  avia-builder-el-0  el_before_av_one_full  avia-builder-el-first  \" style='border-radius:0px; '><div  class='avia-image-container  av-styling-    avia-builder-el-1  avia-builder-el-no-sibling  avia-align-center '  itemprop=\"image\" itemscope=\"itemscope\" itemtype=\"https:\/\/schema.org\/ImageObject\"  ><div class='avia-image-container-inner'><div class='avia-image-overlay-wrap'><img decoding=\"async\" class='wp-image-34311 avia-img-lazy-loading-not-34311 avia_image' src=\"https:\/\/radiorevelacionfm.cl\/wp-content\/uploads\/2023\/08\/Entrega-computadores-Aysen-1-1.jpg\" alt='' title='Entrega computadores Ays\u00e9n (1) (1)' height=\"600\" width=\"800\"  itemprop=\"thumbnailUrl\" srcset=\"https:\/\/radiorevelacionfm.cl\/wp-content\/uploads\/2023\/08\/Entrega-computadores-Aysen-1-1.jpg 800w, https:\/\/radiorevelacionfm.cl\/wp-content\/uploads\/2023\/08\/Entrega-computadores-Aysen-1-1-300x225.jpg 300w, https:\/\/radiorevelacionfm.cl\/wp-content\/uploads\/2023\/08\/Entrega-computadores-Aysen-1-1-768x576.jpg 768w, https:\/\/radiorevelacionfm.cl\/wp-content\/uploads\/2023\/08\/Entrega-computadores-Aysen-1-1-705x529.jpg 705w, https:\/\/radiorevelacionfm.cl\/wp-content\/uploads\/2023\/08\/Entrega-computadores-Aysen-1-1-450x338.jpg 450w, https:\/\/radiorevelacionfm.cl\/wp-content\/uploads\/2023\/08\/Entrega-computadores-Aysen-1-1-600x450.jpg 600w\" sizes=\"(max-width: 800px) 100vw, 800px\" \/><\/div><\/div><\/div><\/div><div class=\"flex_column av_one_full  flex_column_div av-zero-column-padding first  avia-builder-el-2  el_after_av_one_full  el_before_av_one_full  column-top-margin\" style='border-radius:0px; '><section class=\"av_textblock_section \"  itemscope=\"itemscope\" itemtype=\"https:\/\/schema.org\/BlogPosting\" itemprop=\"blogPost\" ><div class='avia_textblock  '   itemprop=\"text\" ><p style=\"text-align: center;\"><span style=\"font-size: 18pt;\"><b>Junaeb inici\u00f3 la entrega de 256 computadores en la provincia de Ays\u00e9n<\/b><\/span><\/p>\n<div id=\"gtx-trans\" style=\"position: absolute; left: -50px; top: 4.31534px;\">\n<div class=\"gtx-trans-icon\"><\/div>\n<\/div>\n<\/div><\/section><\/div><div class=\"flex_column av_one_full  flex_column_div av-zero-column-padding first  avia-builder-el-4  el_after_av_one_full  el_before_av_hr  column-top-margin\" style='border-radius:0px; '><section class=\"av_textblock_section \"  itemscope=\"itemscope\" itemtype=\"https:\/\/schema.org\/BlogPosting\" itemprop=\"blogPost\" ><div class='avia_textblock  '   itemprop=\"text\" ><p class=\"v1MsoNormal\" style=\"text-align: justify;\">Con la presencia del Delegado Presidencial Provincial de Ays\u00e9n Jorge D\u00edaz Guzm\u00e1n, el Director\u00a0 Regional de Junaeb Manuel Vivar \u00c1guila y el Alcalde\u00a0 Julio Uribe Alvarado se llev\u00f3 a cabo en el gimnasio de \u00a0la Escuela Ays\u00e9n la entrega equipos computacionales en la comuna y provincia de Ays\u00e9n.<\/p>\n<p class=\"v1MsoNormal\" style=\"text-align: justify;\">Lo anterior en el marco \u00a0del programa Becas TIC que tiene como fin acortar la brecha de acceso y uso de las Tecnolog\u00edas de la Informaci\u00f3n y Comunicaci\u00f3n (TIC) y apoyar los procesos de aprendizaje de las y los estudiantes, a trav\u00e9s de la entrega de un set de herramientas para el estudio, que corresponden a un computador con los softwares necesarios y conectividad a internet por 12 meses.<\/p>\n<p class=\"v1MsoNormal\" style=\"text-align: justify;\">En la oportunidad, el Delegado Presidencial Provincial de Ays\u00e9n Jorge D\u00edaz manifest\u00f3 que \u00abEsta es una pol\u00edtica p\u00fablica que entrega una herramienta a un estudiante y tambi\u00e9n a su familia que muchas veces no tienen recursos para acceder a la compra de un equipo de estas caracter\u00edsticas y que los acerca al mundo digital del conocimiento. Destacar tambi\u00e9n que este programa se extiende a todos los estudiantes de s\u00e9ptimo a\u00f1o b\u00e1sico del sector municipal y aquellos del sector particular subvencionado que califican por su ingreso socioecon\u00f3mico. La educaci\u00f3n es prioridad de nuestro gobierno y con programas como este queremos garantizar las mismas condiciones a los estudiantes para enfrentar el proceso educativo\u00bb.<\/p>\n<p class=\"v1MsoNormal\" style=\"text-align: justify;\">Manuel Vivar, Director Regional de Junaeb destac\u00f3: \u00abEstamos iniciando el proceso de entrega de computadores en la regi\u00f3n, con \u00a01.050 equipos distribuidos en las distintas comunas. Ya entregamos 460 equipos en Coyhaique y\u00a0 hoy hacemos lo propio \u00a0en Puerto Ays\u00e9n. Estamos contentos porque nuestra misi\u00f3n institucional es generar instrumentos de apoyo que vinculen a los estudiantes con la escuela y que se facilite su trayectoria educativa. La \u00a0entrega de estos equipos permite disminuir brechas digitales en un territorio donde la conectividad es un tema muy sensible, reforzando tambi\u00e9n el desaf\u00edo de la reactivaci\u00f3n educativa\u00bb.<\/p>\n<p class=\"v1MsoNormal\" style=\"text-align: justify;\">Por su parte, el Alcalde Julio Uribe expres\u00f3 que \u00abHoy estamos\u00a0 acompa\u00f1ando a las familias cuyos hijos reciben este beneficio que es una tremenda herramienta, un computador y la conexi\u00f3n gratuita a internet por un a\u00f1o. Vemos a los padres que est\u00e1n contentos porque en definitiva esto es un tremendo apoyo para el aprendizaje de sus hijos\u00bb.<\/p>\n<p class=\"v1MsoNormal\" style=\"text-align: justify;\">La apoderada Katherine Parra, madre de Isabella de la Escuela Poetisa Gabriela Mistral de Puerto Ays\u00e9n expres\u00f3 que \u00abEsta es una herramienta para que ellos reciban conocimientos de algunos temas que no conocen. Es muy importante que nosotros como padres lo acompa\u00f1emos ya que en la internet hay muchas cosas buenas, pero tambi\u00e9n otras que no lo son. Agradecemos este apoyo del Estado ya que este es el primer computador de mi hija\u00bb.<\/p>\n<p class=\"v1MsoNormal\" style=\"text-align: justify;\">Durante el 2023 se logr\u00f3 un aumento en la compra de los equipos, gracias a gestiones internas de Junaeb, permitiendo la entrega este a\u00f1o de 143.544 equipos a nivel nacional, aumentando en 23% los adquiridos respecto\u00a0 al a\u00f1o anterior.<\/p>\n<p class=\"v1MsoNormal\" style=\"text-align: justify;\">El Programa Beca TIC 2023 se asigna de manera universal a estudiantes de 7\u00b0 b\u00e1sico de establecimientos p\u00fablicos, y en el caso de estudiantes de establecimientos particulares subvencionados, los computadores disponibles, se asignan de acuerdo a requisitos establecidos por el Ministerio de Desarrollo Social, priorizando a los estudiantes que presentan mayores \u00edndices de vulnerabilidad social. La entrega de equipos se desarrollar\u00e1 durante agosto y septiembre para poder llegar a los distintos establecimientos educacionales presentes en la regi\u00f3n.<\/p>\n<\/div><\/section><\/div><div  style='height:50px' class='hr hr-invisible   avia-builder-el-6  el_after_av_one_full  el_before_av_social_share '><span class='hr-inner ' ><span class='hr-inner-style'><\/span><\/span><\/div><\/p>\n<div  class='av-social-sharing-box  avia-builder-el-7  el_after_av_hr  el_before_av_hr  '><div class='av-share-box'><h5 class='av-share-link-description av-no-toc '>Compartir esta noticia<\/h5><ul class='av-share-box-list noLightbox'><li class='av-share-link av-social-link-facebook' ><a target=\"_blank\" aria-label=\"Compartir en Facebook\" href='https:\/\/www.facebook.com\/sharer.php?u=https:\/\/radiorevelacionfm.cl\/?p=34310&#038;t=Junaeb%20inici%C3%B3%20la%20entrega%20de%20256%20computadores%20en%20la%20provincia%20de%20Ays%C3%A9n' aria-hidden='false' data-av_icon='\ue8f3' data-av_iconfont='entypo-fontello' title='' data-avia-related-tooltip='Compartir en Facebook' rel=\"noopener\"><span class='avia_hidden_link_text'>Compartir en Facebook<\/span><\/a><\/li><li class='av-share-link av-social-link-twitter' ><a target=\"_blank\" aria-label=\"Compartir en Twitter\" href='https:\/\/twitter.com\/share?text=Junaeb%20inici%C3%B3%20la%20entrega%20de%20256%20computadores%20en%20la%20provincia%20de%20Ays%C3%A9n&#038;url=https:\/\/radiorevelacionfm.cl\/?p=34310' aria-hidden='false' data-av_icon='\ue8f1' data-av_iconfont='entypo-fontello' title='' data-avia-related-tooltip='Compartir en Twitter' rel=\"noopener\"><span class='avia_hidden_link_text'>Compartir en Twitter<\/span><\/a><\/li><li class='av-share-link av-social-link-whatsapp' ><a target=\"_blank\" aria-label=\"Compartir en Whatsapp\" href='https:\/\/api.whatsapp.com\/send?text=https:\/\/radiorevelacionfm.cl\/?p=34310' aria-hidden='false' data-av_icon='\uf232' data-av_iconfont='entypo-fontello' title='' data-avia-related-tooltip='Compartir en Whatsapp' rel=\"noopener\"><span class='avia_hidden_link_text'>Compartir en Whatsapp<\/span><\/a><\/li><li class='av-share-link av-social-link-linkedin' ><a target=\"_blank\" aria-label=\"Compartir en LinkedIn\" href='https:\/\/linkedin.com\/shareArticle?mini=true&#038;title=Junaeb%20inici%C3%B3%20la%20entrega%20de%20256%20computadores%20en%20la%20provincia%20de%20Ays%C3%A9n&#038;url=https:\/\/radiorevelacionfm.cl\/?p=34310' aria-hidden='false' data-av_icon='\ue8fc' data-av_iconfont='entypo-fontello' title='' data-avia-related-tooltip='Compartir en LinkedIn' rel=\"noopener\"><span class='avia_hidden_link_text'>Compartir en LinkedIn<\/span><\/a><\/li><li class='av-share-link av-social-link-mail' ><a  aria-label=\"Compartir por correo\" href='mailto:?subject=Junaeb%20inici%C3%B3%20la%20entrega%20de%20256%20computadores%20en%20la%20provincia%20de%20Ays%C3%A9n&#038;body=https:\/\/radiorevelacionfm.cl\/?p=34310' aria-hidden='false' data-av_icon='\ue805' data-av_iconfont='entypo-fontello' title='' data-avia-related-tooltip='Compartir por correo'><span class='avia_hidden_link_text'>Compartir por correo<\/span><\/a><\/li><\/ul><\/div><\/div>\n<div  style='height:50px' class='hr hr-invisible   avia-builder-el-8  el_after_av_social_share  el_before_av_comments_list '><span class='hr-inner ' ><span class='hr-inner-style'><\/span><\/span><\/div>\n<div  class='av-buildercomment  av-blog-meta-html-info-disabled av-blog-meta-tag-disabled  '><\/div>\n","protected":false},"excerpt":{"rendered":"","protected":false},"author":1,"featured_media":34311,"comment_status":"open","ping_status":"open","sticky":false,"template":"","format":"standard","meta":{"footnotes":""},"categories":[49],"tags":[],"class_list":["post-34310","post","type-post","status-publish","format-standard","has-post-thumbnail","hentry","category-educacion"],"jetpack_featured_media_url":"https:\/\/radiorevelacionfm.cl\/wp-content\/uploads\/2023\/08\/Entrega-computadores-Aysen-1-1.jpg","_links":{"self":[{"href":"https:\/\/radiorevelacionfm.cl\/index.php?rest_route=\/wp\/v2\/posts\/34310","targetHints":{"allow":["GET"]}}],"collection":[{"href":"https:\/\/radiorevelacionfm.cl\/index.php?rest_route=\/wp\/v2\/posts"}],"about":[{"href":"https:\/\/radiorevelacionfm.cl\/index.php?rest_route=\/wp\/v2\/types\/post"}],"author":[{"embeddable":true,"href":"https:\/\/radiorevelacionfm.cl\/index.php?rest_route=\/wp\/v2\/users\/1"}],"replies":[{"embeddable":true,"href":"https:\/\/radiorevelacionfm.cl\/index.php?rest_route=%2Fwp%2Fv2%2Fcomments&post=34310"}],"version-history":[{"count":1,"href":"https:\/\/radiorevelacionfm.cl\/index.php?rest_route=\/wp\/v2\/posts\/34310\/revisions"}],"predecessor-version":[{"id":34312,"href":"https:\/\/radiorevelacionfm.cl\/index.php?rest_route=\/wp\/v2\/posts\/34310\/revisions\/34312"}],"wp:featuredmedia":[{"embeddable":true,"href":"https:\/\/radiorevelacionfm.cl\/index.php?rest_route=\/wp\/v2\/media\/34311"}],"wp:attachment":[{"href":"https:\/\/radiorevelacionfm.cl\/index.php?rest_route=%2Fwp%2Fv2%2Fmedia&parent=34310"}],"wp:term":[{"taxonomy":"category","embeddable":true,"href":"https:\/\/radiorevelacionfm.cl\/index.php?rest_route=%2Fwp%2Fv2%2Fcategories&post=34310"},{"taxonomy":"post_tag","embeddable":true,"href":"https:\/\/radiorevelacionfm.cl\/index.php?rest_route=%2Fwp%2Fv2%2Ftags&post=34310"}],"curies":[{"name":"wp","href":"https:\/\/api.w.org\/{rel}","templated":true}]}}