{"id":34308,"date":"2023-08-27T18:06:52","date_gmt":"2023-08-27T21:06:52","guid":{"rendered":"https:\/\/radiorevelacionfm.cl\/?p=34308"},"modified":"2023-08-27T18:06:52","modified_gmt":"2023-08-27T21:06:52","slug":"comunidad-debera-informar-extraccion-efectiva-de-aguas-superficiales-y-de-aguas-subterraneas","status":"publish","type":"post","link":"https:\/\/radiorevelacionfm.cl\/?p=34308","title":{"rendered":"Comunidad deber\u00e1 informar extracci\u00f3n efectiva de aguas superficiales y de aguas subterr\u00e1neas"},"content":{"rendered":"<div class=\"flex_column av_one_full  flex_column_div av-zero-column-padding first  avia-builder-el-0  el_before_av_one_full  avia-builder-el-first  \" style='border-radius:0px; '><div  class='avia-image-container  av-styling-    avia-builder-el-1  avia-builder-el-no-sibling  avia-align-center '  itemprop=\"image\" itemscope=\"itemscope\" itemtype=\"https:\/\/schema.org\/ImageObject\"  ><div class='avia-image-container-inner'><div class='avia-image-overlay-wrap'><img decoding=\"async\" class='wp-image-13073 avia-img-lazy-loading-not-13073 avia_image' src=\"https:\/\/radiorevelacionfm.cl\/wp-content\/uploads\/2022\/01\/rio-pascua-nacimiento-cuenca-1_optimized.jpg\" alt='' title='rio-pascua-nacimiento--cuenca-(1)_optimized' height=\"600\" width=\"1770\"  itemprop=\"thumbnailUrl\" srcset=\"https:\/\/radiorevelacionfm.cl\/wp-content\/uploads\/2022\/01\/rio-pascua-nacimiento-cuenca-1_optimized.jpg 1770w, https:\/\/radiorevelacionfm.cl\/wp-content\/uploads\/2022\/01\/rio-pascua-nacimiento-cuenca-1_optimized-300x102.jpg 300w, https:\/\/radiorevelacionfm.cl\/wp-content\/uploads\/2022\/01\/rio-pascua-nacimiento-cuenca-1_optimized-1030x349.jpg 1030w, https:\/\/radiorevelacionfm.cl\/wp-content\/uploads\/2022\/01\/rio-pascua-nacimiento-cuenca-1_optimized-768x260.jpg 768w, https:\/\/radiorevelacionfm.cl\/wp-content\/uploads\/2022\/01\/rio-pascua-nacimiento-cuenca-1_optimized-1536x521.jpg 1536w, https:\/\/radiorevelacionfm.cl\/wp-content\/uploads\/2022\/01\/rio-pascua-nacimiento-cuenca-1_optimized-1500x508.jpg 1500w, https:\/\/radiorevelacionfm.cl\/wp-content\/uploads\/2022\/01\/rio-pascua-nacimiento-cuenca-1_optimized-705x239.jpg 705w, https:\/\/radiorevelacionfm.cl\/wp-content\/uploads\/2022\/01\/rio-pascua-nacimiento-cuenca-1_optimized-600x203.jpg 600w\" sizes=\"(max-width: 1770px) 100vw, 1770px\" \/><\/div><\/div><\/div><\/div><div class=\"flex_column av_one_full  flex_column_div av-zero-column-padding first  avia-builder-el-2  el_after_av_one_full  el_before_av_one_full  column-top-margin\" style='border-radius:0px; '><section class=\"av_textblock_section \"  itemscope=\"itemscope\" itemtype=\"https:\/\/schema.org\/BlogPosting\" itemprop=\"blogPost\" ><div class='avia_textblock  '   itemprop=\"text\" ><p style=\"text-align: center;\"><strong><span style=\"font-size: 18pt;\">Comunidad deber\u00e1 informar extracci\u00f3n efectiva de aguas superficiales y de aguas subterr\u00e1neas<\/span><\/strong><\/p>\n<div id=\"gtx-trans\" style=\"position: absolute; left: -50px; top: 4.31534px;\">\n<div class=\"gtx-trans-icon\"><\/div>\n<\/div>\n<\/div><\/section><\/div><div class=\"flex_column av_one_full  flex_column_div av-zero-column-padding first  avia-builder-el-4  el_after_av_one_full  el_before_av_hr  column-top-margin\" style='border-radius:0px; '><section class=\"av_textblock_section \"  itemscope=\"itemscope\" itemtype=\"https:\/\/schema.org\/BlogPosting\" itemprop=\"blogPost\" ><div class='avia_textblock  '   itemprop=\"text\" ><p style=\"text-align: justify;\">El Secretario Regional Ministerial de Obras P\u00fablicas, Patricio Sanhueza Ulloa, inform\u00f3 esta semana que todas las personas que tienen derechos de agua superficiales ubicados en las Cuencas que existen en la regi\u00f3n de Ays\u00e9n, deber\u00e1n informar a la Direcci\u00f3n General de Aguas del Ministerio de Obras P\u00fablicas (DGA) la cantidad de agua que extraen, esto en el marco de la aplicaci\u00f3n del Decreto N\u00b053 que aprueba el Reglamento de Monitoreo de Extracciones Efectivas de Aguas Superficiales, el que a partir de la Ley 21.064 establece la necesidad de obtener informaci\u00f3n de las extracciones de aguas superficiales, su monitoreo, plazos determinados y la correspondiente fiscalizaci\u00f3n por parte de la Direcci\u00f3n General de Aguas del MOP, y la Resoluci\u00f3n 1238 del a\u00f1o 2019 de la DGA, modificada por Resoluci\u00f3n 1608 del a\u00f1o 2023, que determina las condiciones t\u00e9cnicas y plazos a nivel nacional para cumplir con la obligaci\u00f3n de instalar y mantener el monitoreo y trasmisi\u00f3n de extracciones efectivas en las obras de captaci\u00f3n de aguas subterr\u00e1neas.<\/p>\n<p style=\"text-align: justify;\">\u201cEn nuestro gobierno, estamos trabajando a trav\u00e9s del equipo de la Direcci\u00f3n de Aguas para avanzar en materias que son muy importantes para el medio ambiente como es el cuidado, conservaci\u00f3n y uso apropiado del recurso h\u00eddrico, por eso es que nuestro accionar va en la l\u00ednea de reducir la especulaci\u00f3n respecto al agua, y que las personas que tienen derechos de agua los ocupen efectivamente, por lo tanto con la aplicaci\u00f3n del Decreto N\u00b053 y Resoluciones mencionadas, lo que hoy estamos haciendo es velar porque las personas que tienen derechos de agua superficiales y que hacen uso de estas aguas superficiales, as\u00ed como tambi\u00e9n quienes extraen aguas subterr\u00e1neas informen a la DGA-MOP a trav\u00e9s del sistema dispuesto para ello en la p\u00e1gina web de la Direcci\u00f3n General de Aguas la cantidad de agua que est\u00e1n extrayendo de lo disponible en cada uno de los cauces\u201d, indic\u00f3 el SEREMI del MOP.<\/p>\n<p style=\"text-align: justify;\">De esta forma, para el caso del monitoreo efectivo de extracciones para las aguas subterr\u00e1neas se dict\u00f3 una sola Resoluci\u00f3n que est\u00e1 vigente y es aplicable para toda la regi\u00f3n, y para el caso de las aguas superficiales se dict\u00f3 Resoluci\u00f3n por Cuencas. En la regi\u00f3n de Ays\u00e9n el territorio para efectos de la aplicaci\u00f3n de este Decreto, se distribuye en las Cuencas R\u00edo Pascua, Cuenca Costera Islas entre R\u00edo Palena y R\u00edo Ays\u00e9n; Cuenca Archipi\u00e9lago de las Guaitecas y de los Chonos; Cuenca R\u00edo Ays\u00e9n; Cuenca Costera entre Islas-R\u00edo Ays\u00e9n y R\u00edo Baker y Canal General Mart\u00ednez; Cuenca R\u00edo Baker; Cuenca Costera e Islas entre R\u00edo Baker y R\u00edo Pascua; Cuenca Costeras entre R\u00edo Pascua-l\u00edmite regi\u00f3n Archipi\u00e9lago Gualleco; Cuenca R\u00edo Palena y Costeras-l\u00edmite d\u00e9cima regi\u00f3n y Cuenca de las aguas subterr\u00e1neas. En cada Cuenca las personas han solicitado derechos de aprovechamiento de aguas que tendr\u00e1n que informar.<\/p>\n<p style=\"text-align: justify;\">En particular, en la Cuenca del R\u00edo Ays\u00e9n, en donde se concentra un importante porcentaje de la poblaci\u00f3n regional, se aplica para las aguas superficiales, la resoluci\u00f3n 624 que fue publicada en el Diario Oficial el 01 de septiembre 2022, y en donde se establecen los umbrales y los plazos para que las personas que poseen un derecho de aprovechamiento de agua y hacen uso del recurso h\u00eddrico tengan instalados los sistemas y empiecen a transmitir la informaci\u00f3n, seg\u00fan se establece en la Resoluci\u00f3n. Adem\u00e1s, es importante se\u00f1alar que no todos los caudales trasmiten al mismo tiempo, y que se han definido umbrales y un tiempo espec\u00edfico para el cumplimiento de la implementaci\u00f3n de los sistemas y la transmisi\u00f3n de la informaci\u00f3n de acuerdo a la fecha de Resoluci\u00f3n.<\/p>\n<p style=\"text-align: justify;\">Para realizar este registro, los y las propietarios de derechos de aguas deber\u00e1n ingresar a la p\u00e1gina web de la DGA <a href=\"http:\/\/www.dga.cl\">www.dga.cl<\/a> en donde existe un link denominado \u201cmonitoreo efectivo de extracciones\u201d y estando en ese punto, inscribirse y obtener un c\u00f3digo QR que ser\u00e1 su n\u00famero de registro al que podr\u00e1n acceder para subir la informaci\u00f3n requerida. En el caso de los caudales muy peque\u00f1os la frecuencia de la medici\u00f3n e informaci\u00f3n es una vez al mes y en los caudales mayores, la frecuencia de medici\u00f3n e informaci\u00f3n es cada hora. El segundo elemento a considerar es la frecuencia de trasmisi\u00f3n. En el caso de los caudales peque\u00f1os la frecuencia para informar v\u00eda la web es 1 vez al mes y en el caso de los caudales grandes la medici\u00f3n es continua. En este contexto, es importante considerar que las personas que no informen la extracci\u00f3n de agua que realicen, estar\u00e1n sujetas a multas.<\/p>\n<p style=\"text-align: justify;\">Al respecto, el Director Regional de Aguas del Ministerio de Obras P\u00fablicas, H\u00e9ctor Cort\u00e9s Gaete se\u00f1al\u00f3 \u201ccomo Direcci\u00f3n Regional de Aguas del MOP la aplicaci\u00f3n de la Ley nos permitir\u00e1 poder contar con datos precisos de los derechos de aprovechamiento de aguas que efectivamente est\u00e1n siendo utilizados y cu\u00e1nta de esa agua se est\u00e1 extrayendo, as\u00ed como tambi\u00e9n podremos determinar con mayor exactitud qui\u00e9nes tienen derechos de agua inscritos, pero no los utilizan, todo lo que nos permitir\u00e1 poder generar balances h\u00eddricos completos, considerando las extracciones efectivas que del recurso se hacen en cada territorio y\/o Cuenca\u201d.<\/p>\n<p style=\"text-align: justify;\">Por otra parte, para aquellas personas que re\u00fanen las condiciones de excepcionalidad indicadas en el C\u00f3digo de Aguas, tanto para aguas superficiales como para subterr\u00e1neas, respecto del uso del recurso h\u00eddrico sin derecho de aprovechamiento, tambi\u00e9n est\u00e1n sujetas a informar a trav\u00e9s del mecanismo antes se\u00f1alado.<\/p>\n<\/div><\/section><\/div><div  style='height:50px' class='hr hr-invisible   avia-builder-el-6  el_after_av_one_full  el_before_av_social_share '><span class='hr-inner ' ><span class='hr-inner-style'><\/span><\/span><\/div><\/p>\n<div  class='av-social-sharing-box  avia-builder-el-7  el_after_av_hr  el_before_av_hr  '><div class='av-share-box'><h5 class='av-share-link-description av-no-toc '>Compartir esta noticia<\/h5><ul class='av-share-box-list noLightbox'><li class='av-share-link av-social-link-facebook' ><a target=\"_blank\" aria-label=\"Compartir en Facebook\" href='https:\/\/www.facebook.com\/sharer.php?u=https:\/\/radiorevelacionfm.cl\/?p=34308&#038;t=Comunidad%20deber%C3%A1%20informar%20extracci%C3%B3n%20efectiva%20de%20aguas%20superficiales%20y%20de%20aguas%20subterr%C3%A1neas' aria-hidden='false' data-av_icon='\ue8f3' data-av_iconfont='entypo-fontello' title='' data-avia-related-tooltip='Compartir en Facebook' rel=\"noopener\"><span class='avia_hidden_link_text'>Compartir en Facebook<\/span><\/a><\/li><li class='av-share-link av-social-link-twitter' ><a target=\"_blank\" aria-label=\"Compartir en Twitter\" href='https:\/\/twitter.com\/share?text=Comunidad%20deber%C3%A1%20informar%20extracci%C3%B3n%20efectiva%20de%20aguas%20superficiales%20y%20de%20aguas%20subterr%C3%A1neas&#038;url=https:\/\/radiorevelacionfm.cl\/?p=34308' aria-hidden='false' data-av_icon='\ue8f1' data-av_iconfont='entypo-fontello' title='' data-avia-related-tooltip='Compartir en Twitter' rel=\"noopener\"><span class='avia_hidden_link_text'>Compartir en Twitter<\/span><\/a><\/li><li class='av-share-link av-social-link-whatsapp' ><a target=\"_blank\" aria-label=\"Compartir en Whatsapp\" href='https:\/\/api.whatsapp.com\/send?text=https:\/\/radiorevelacionfm.cl\/?p=34308' aria-hidden='false' data-av_icon='\uf232' data-av_iconfont='entypo-fontello' title='' data-avia-related-tooltip='Compartir en Whatsapp' rel=\"noopener\"><span class='avia_hidden_link_text'>Compartir en Whatsapp<\/span><\/a><\/li><li class='av-share-link av-social-link-linkedin' ><a target=\"_blank\" aria-label=\"Compartir en LinkedIn\" href='https:\/\/linkedin.com\/shareArticle?mini=true&#038;title=Comunidad%20deber%C3%A1%20informar%20extracci%C3%B3n%20efectiva%20de%20aguas%20superficiales%20y%20de%20aguas%20subterr%C3%A1neas&#038;url=https:\/\/radiorevelacionfm.cl\/?p=34308' aria-hidden='false' data-av_icon='\ue8fc' data-av_iconfont='entypo-fontello' title='' data-avia-related-tooltip='Compartir en LinkedIn' rel=\"noopener\"><span class='avia_hidden_link_text'>Compartir en LinkedIn<\/span><\/a><\/li><li class='av-share-link av-social-link-mail' ><a  aria-label=\"Compartir por correo\" href='mailto:?subject=Comunidad%20deber%C3%A1%20informar%20extracci%C3%B3n%20efectiva%20de%20aguas%20superficiales%20y%20de%20aguas%20subterr%C3%A1neas&#038;body=https:\/\/radiorevelacionfm.cl\/?p=34308' aria-hidden='false' data-av_icon='\ue805' data-av_iconfont='entypo-fontello' title='' data-avia-related-tooltip='Compartir por correo'><span class='avia_hidden_link_text'>Compartir por correo<\/span><\/a><\/li><\/ul><\/div><\/div>\n<div  style='height:50px' class='hr hr-invisible   avia-builder-el-8  el_after_av_social_share  el_before_av_comments_list '><span class='hr-inner ' ><span class='hr-inner-style'><\/span><\/span><\/div>\n<div  class='av-buildercomment  av-blog-meta-html-info-disabled av-blog-meta-tag-disabled  '><\/div>\n","protected":false},"excerpt":{"rendered":"","protected":false},"author":1,"featured_media":13073,"comment_status":"open","ping_status":"open","sticky":false,"template":"","format":"standard","meta":{"footnotes":""},"categories":[38],"tags":[],"class_list":["post-34308","post","type-post","status-publish","format-standard","has-post-thumbnail","hentry","category-regional"],"jetpack_featured_media_url":"https:\/\/radiorevelacionfm.cl\/wp-content\/uploads\/2022\/01\/rio-pascua-nacimiento-cuenca-1_optimized.jpg","_links":{"self":[{"href":"https:\/\/radiorevelacionfm.cl\/index.php?rest_route=\/wp\/v2\/posts\/34308","targetHints":{"allow":["GET"]}}],"collection":[{"href":"https:\/\/radiorevelacionfm.cl\/index.php?rest_route=\/wp\/v2\/posts"}],"about":[{"href":"https:\/\/radiorevelacionfm.cl\/index.php?rest_route=\/wp\/v2\/types\/post"}],"author":[{"embeddable":true,"href":"https:\/\/radiorevelacionfm.cl\/index.php?rest_route=\/wp\/v2\/users\/1"}],"replies":[{"embeddable":true,"href":"https:\/\/radiorevelacionfm.cl\/index.php?rest_route=%2Fwp%2Fv2%2Fcomments&post=34308"}],"version-history":[{"count":1,"href":"https:\/\/radiorevelacionfm.cl\/index.php?rest_route=\/wp\/v2\/posts\/34308\/revisions"}],"predecessor-version":[{"id":34309,"href":"https:\/\/radiorevelacionfm.cl\/index.php?rest_route=\/wp\/v2\/posts\/34308\/revisions\/34309"}],"wp:featuredmedia":[{"embeddable":true,"href":"https:\/\/radiorevelacionfm.cl\/index.php?rest_route=\/wp\/v2\/media\/13073"}],"wp:attachment":[{"href":"https:\/\/radiorevelacionfm.cl\/index.php?rest_route=%2Fwp%2Fv2%2Fmedia&parent=34308"}],"wp:term":[{"taxonomy":"category","embeddable":true,"href":"https:\/\/radiorevelacionfm.cl\/index.php?rest_route=%2Fwp%2Fv2%2Fcategories&post=34308"},{"taxonomy":"post_tag","embeddable":true,"href":"https:\/\/radiorevelacionfm.cl\/index.php?rest_route=%2Fwp%2Fv2%2Ftags&post=34308"}],"curies":[{"name":"wp","href":"https:\/\/api.w.org\/{rel}","templated":true}]}}