{"id":34302,"date":"2023-08-27T16:33:32","date_gmt":"2023-08-27T19:33:32","guid":{"rendered":"https:\/\/radiorevelacionfm.cl\/?p=34302"},"modified":"2023-08-27T16:33:32","modified_gmt":"2023-08-27T19:33:32","slug":"grandes-historias-se-compartieron-en-el-encuentro-intergeneracional-de-la-educacion-tp-en-aysen","status":"publish","type":"post","link":"https:\/\/radiorevelacionfm.cl\/?p=34302","title":{"rendered":"Grandes historias se compartieron en el \u201cEncuentro Intergeneracional de la Educaci\u00f3n TP\u201d en Ays\u00e9n"},"content":{"rendered":"<div class=\"flex_column av_one_full  flex_column_div av-zero-column-padding first  avia-builder-el-0  el_before_av_one_full  avia-builder-el-first  \" style='border-radius:0px; '><div  class='avia-image-container  av-styling-    avia-builder-el-1  avia-builder-el-no-sibling  avia-align-center '  itemprop=\"image\" itemscope=\"itemscope\" itemtype=\"https:\/\/schema.org\/ImageObject\"  ><div class='avia-image-container-inner'><div class='avia-image-overlay-wrap'><img decoding=\"async\" class='wp-image-34303 avia-img-lazy-loading-not-34303 avia_image' src=\"https:\/\/radiorevelacionfm.cl\/wp-content\/uploads\/2023\/08\/encuentro-tp-6-1_optimized.jpg\" alt='' title='encuentro-tp-6-(1)_optimized' height=\"600\" width=\"1067\"  itemprop=\"thumbnailUrl\" srcset=\"https:\/\/radiorevelacionfm.cl\/wp-content\/uploads\/2023\/08\/encuentro-tp-6-1_optimized.jpg 1067w, https:\/\/radiorevelacionfm.cl\/wp-content\/uploads\/2023\/08\/encuentro-tp-6-1_optimized-300x169.jpg 300w, https:\/\/radiorevelacionfm.cl\/wp-content\/uploads\/2023\/08\/encuentro-tp-6-1_optimized-1030x579.jpg 1030w, https:\/\/radiorevelacionfm.cl\/wp-content\/uploads\/2023\/08\/encuentro-tp-6-1_optimized-768x432.jpg 768w, https:\/\/radiorevelacionfm.cl\/wp-content\/uploads\/2023\/08\/encuentro-tp-6-1_optimized-705x396.jpg 705w, https:\/\/radiorevelacionfm.cl\/wp-content\/uploads\/2023\/08\/encuentro-tp-6-1_optimized-450x253.jpg 450w, https:\/\/radiorevelacionfm.cl\/wp-content\/uploads\/2023\/08\/encuentro-tp-6-1_optimized-600x337.jpg 600w\" sizes=\"(max-width: 1067px) 100vw, 1067px\" \/><\/div><\/div><\/div><\/div><div class=\"flex_column av_one_full  flex_column_div av-zero-column-padding first  avia-builder-el-2  el_after_av_one_full  el_before_av_one_full  column-top-margin\" style='border-radius:0px; '><section class=\"av_textblock_section \"  itemscope=\"itemscope\" itemtype=\"https:\/\/schema.org\/BlogPosting\" itemprop=\"blogPost\" ><div class='avia_textblock  '   itemprop=\"text\" ><p style=\"text-align: center;\"><strong><span style=\"font-size: 18pt;\">Grandes historias se compartieron en el \u201cEncuentro Intergeneracional de la Educaci\u00f3n TP\u201d en Ays\u00e9n<\/span><\/strong><\/p>\n<div id=\"gtx-trans\" style=\"position: absolute; left: -50px; top: 4.31534px;\">\n<div class=\"gtx-trans-icon\"><\/div>\n<\/div>\n<\/div><\/section><\/div><div class=\"flex_column av_one_full  flex_column_div av-zero-column-padding first  avia-builder-el-4  el_after_av_one_full  el_before_av_hr  column-top-margin\" style='border-radius:0px; '><section class=\"av_textblock_section \"  itemscope=\"itemscope\" itemtype=\"https:\/\/schema.org\/BlogPosting\" itemprop=\"blogPost\" ><div class='avia_textblock  '   itemprop=\"text\" ><p style=\"text-align: justify;\">En dependencias de la Biblioteca P\u00fablica de Puerto Ays\u00e9n, se realiz\u00f3 el \u201cEncuentro Intergeneracional de la Educaci\u00f3n T\u00e9cnico Profesional\u201d, iniciativa que estuvo enmarcada en la celebraci\u00f3n del D\u00eda de la Educaci\u00f3n T\u00e9cnico Profesional, que se celebra cada 26 de agosto.<\/p>\n<p style=\"text-align: justify;\">La actividad fue coordinada desde la Biblioteca P\u00fablica de la porte\u00f1a ciudad, donde asisti\u00f3 el Alcalde de la comuna, Julio Uribe, la encargada de la biblioteca, Yasna Jara, ex alumnos, profesores y estudiantes de la actual generaci\u00f3n del TP.<\/p>\n<p style=\"text-align: justify;\">Entre los asistentes se conocieron historias de los primeros edificios con los que cont\u00f3 el establecimiento, sus carreras, antiguos profesores, el formato de las clases, actividades educativas y extraescolares, como los festivales y competencias entre liceos.<\/p>\n<p style=\"text-align: justify;\">Al finalizar la jornada, el Alcalde Julio Uribe, junto con recordar que fue ex alumno del establecimiento, puso en valor el crecimiento que ha tenido y la posibilidad de compartir con distintas generaciones del Polit\u00e9cnico.<\/p>\n<p style=\"text-align: justify;\">\u201cAlgunos ex alumnos conversaban, por ejemplo, que se ven\u00edan una hora caminando desde El Salto y en la tarde se volv\u00edan, eran momentos muy duros, pero con un grado de amistad gigante y que hasta el d\u00eda de hoy se mantiene entre los compa\u00f1eros. As\u00ed es que, creo que ese traspaso generacional que hoy se ha vivido en la Biblioteca Municipal, es una instancia de reflexi\u00f3n, donde se escucharon los testimonios de compa\u00f1eros y donde los j\u00f3venes han podido saber c\u00f3mo naci\u00f3 el liceo y como se ha mantenido en el tiempo\u201d.<\/p>\n<p style=\"text-align: justify;\">Yasna Jara, encargada de la biblioteca p\u00fablica de Puerto Ays\u00e9n, se mostr\u00f3 muy contenta con el resultado de la actividad. \u201cNosotros siempre partimos agradeciendo en cada actividad la confianza de quienes llegaron y justamente logramos el objetivo de reunir a ex alumnos de la escuela industrial, los primeros ex alumnos del liceo t\u00e9cnico profesional y los j\u00f3venes que hoy en d\u00eda est\u00e1n en sus aulas. Result\u00f3 una conversaci\u00f3n muy interesante y sobre todo orientada a que los estudiantes que est\u00e1n hoy en el TP, valoren sus estudios, valoren la formaci\u00f3n que ellos est\u00e1n sacando adelante\u201d.<\/p>\n<p style=\"text-align: justify;\">Entre los ex alumnos de liceo Polit\u00e9cnico de Ays\u00e9n, estaba don Luis Aguilar, quien calific\u00f3 la jornada como algo, \u201cmuy interesante, hace que uno se recuerde aquellos a\u00f1os y muy importante que se haya hecho este encuentro. Lo que me di cuenta es que, los alumnos de hoy d\u00eda prestaron mucha atenci\u00f3n, estaban muy entretenidos escuchando los relatos, las conversaciones, las vivencias de los ex alumnos\u201d.<\/p>\n<p style=\"text-align: justify;\">Los j\u00f3venes se mostraron muy participativos en esta actividad, hicieron muchas consultas a quienes daban cuenta de un liceo Polit\u00e9cnico que se levant\u00f3 con el esfuerzo de muchos ayseninos y ayseninas.<\/p>\n<\/div><\/section><\/div><div  style='height:50px' class='hr hr-invisible   avia-builder-el-6  el_after_av_one_full  el_before_av_social_share '><span class='hr-inner ' ><span class='hr-inner-style'><\/span><\/span><\/div><\/p>\n<div  class='av-social-sharing-box  avia-builder-el-7  el_after_av_hr  el_before_av_hr  '><div class='av-share-box'><h5 class='av-share-link-description av-no-toc '>Compartir esta noticia<\/h5><ul class='av-share-box-list noLightbox'><li class='av-share-link av-social-link-facebook' ><a target=\"_blank\" aria-label=\"Compartir en Facebook\" href='https:\/\/www.facebook.com\/sharer.php?u=https:\/\/radiorevelacionfm.cl\/?p=34302&#038;t=Grandes%20historias%20se%20compartieron%20en%20el%20%E2%80%9CEncuentro%20Intergeneracional%20de%20la%20Educaci%C3%B3n%20TP%E2%80%9D%20en%20Ays%C3%A9n' aria-hidden='false' data-av_icon='\ue8f3' data-av_iconfont='entypo-fontello' title='' data-avia-related-tooltip='Compartir en Facebook' rel=\"noopener\"><span class='avia_hidden_link_text'>Compartir en Facebook<\/span><\/a><\/li><li class='av-share-link av-social-link-twitter' ><a target=\"_blank\" aria-label=\"Compartir en Twitter\" href='https:\/\/twitter.com\/share?text=Grandes%20historias%20se%20compartieron%20en%20el%20%E2%80%9CEncuentro%20Intergeneracional%20de%20la%20Educaci%C3%B3n%20TP%E2%80%9D%20en%20Ays%C3%A9n&#038;url=https:\/\/radiorevelacionfm.cl\/?p=34302' aria-hidden='false' data-av_icon='\ue8f1' data-av_iconfont='entypo-fontello' title='' data-avia-related-tooltip='Compartir en Twitter' rel=\"noopener\"><span class='avia_hidden_link_text'>Compartir en Twitter<\/span><\/a><\/li><li class='av-share-link av-social-link-whatsapp' ><a target=\"_blank\" aria-label=\"Compartir en Whatsapp\" href='https:\/\/api.whatsapp.com\/send?text=https:\/\/radiorevelacionfm.cl\/?p=34302' aria-hidden='false' data-av_icon='\uf232' data-av_iconfont='entypo-fontello' title='' data-avia-related-tooltip='Compartir en Whatsapp' rel=\"noopener\"><span class='avia_hidden_link_text'>Compartir en Whatsapp<\/span><\/a><\/li><li class='av-share-link av-social-link-linkedin' ><a target=\"_blank\" aria-label=\"Compartir en LinkedIn\" href='https:\/\/linkedin.com\/shareArticle?mini=true&#038;title=Grandes%20historias%20se%20compartieron%20en%20el%20%E2%80%9CEncuentro%20Intergeneracional%20de%20la%20Educaci%C3%B3n%20TP%E2%80%9D%20en%20Ays%C3%A9n&#038;url=https:\/\/radiorevelacionfm.cl\/?p=34302' aria-hidden='false' data-av_icon='\ue8fc' data-av_iconfont='entypo-fontello' title='' data-avia-related-tooltip='Compartir en LinkedIn' rel=\"noopener\"><span class='avia_hidden_link_text'>Compartir en LinkedIn<\/span><\/a><\/li><li class='av-share-link av-social-link-mail' ><a  aria-label=\"Compartir por correo\" href='mailto:?subject=Grandes%20historias%20se%20compartieron%20en%20el%20%E2%80%9CEncuentro%20Intergeneracional%20de%20la%20Educaci%C3%B3n%20TP%E2%80%9D%20en%20Ays%C3%A9n&#038;body=https:\/\/radiorevelacionfm.cl\/?p=34302' aria-hidden='false' data-av_icon='\ue805' data-av_iconfont='entypo-fontello' title='' data-avia-related-tooltip='Compartir por correo'><span class='avia_hidden_link_text'>Compartir por correo<\/span><\/a><\/li><\/ul><\/div><\/div>\n<div  style='height:50px' class='hr hr-invisible   avia-builder-el-8  el_after_av_social_share  el_before_av_comments_list '><span class='hr-inner ' ><span class='hr-inner-style'><\/span><\/span><\/div>\n<div  class='av-buildercomment  av-blog-meta-html-info-disabled av-blog-meta-tag-disabled  '><\/div>\n","protected":false},"excerpt":{"rendered":"","protected":false},"author":1,"featured_media":34303,"comment_status":"open","ping_status":"open","sticky":false,"template":"","format":"standard","meta":{"footnotes":""},"categories":[38],"tags":[],"class_list":["post-34302","post","type-post","status-publish","format-standard","has-post-thumbnail","hentry","category-regional"],"jetpack_featured_media_url":"https:\/\/radiorevelacionfm.cl\/wp-content\/uploads\/2023\/08\/encuentro-tp-6-1_optimized.jpg","_links":{"self":[{"href":"https:\/\/radiorevelacionfm.cl\/index.php?rest_route=\/wp\/v2\/posts\/34302","targetHints":{"allow":["GET"]}}],"collection":[{"href":"https:\/\/radiorevelacionfm.cl\/index.php?rest_route=\/wp\/v2\/posts"}],"about":[{"href":"https:\/\/radiorevelacionfm.cl\/index.php?rest_route=\/wp\/v2\/types\/post"}],"author":[{"embeddable":true,"href":"https:\/\/radiorevelacionfm.cl\/index.php?rest_route=\/wp\/v2\/users\/1"}],"replies":[{"embeddable":true,"href":"https:\/\/radiorevelacionfm.cl\/index.php?rest_route=%2Fwp%2Fv2%2Fcomments&post=34302"}],"version-history":[{"count":1,"href":"https:\/\/radiorevelacionfm.cl\/index.php?rest_route=\/wp\/v2\/posts\/34302\/revisions"}],"predecessor-version":[{"id":34304,"href":"https:\/\/radiorevelacionfm.cl\/index.php?rest_route=\/wp\/v2\/posts\/34302\/revisions\/34304"}],"wp:featuredmedia":[{"embeddable":true,"href":"https:\/\/radiorevelacionfm.cl\/index.php?rest_route=\/wp\/v2\/media\/34303"}],"wp:attachment":[{"href":"https:\/\/radiorevelacionfm.cl\/index.php?rest_route=%2Fwp%2Fv2%2Fmedia&parent=34302"}],"wp:term":[{"taxonomy":"category","embeddable":true,"href":"https:\/\/radiorevelacionfm.cl\/index.php?rest_route=%2Fwp%2Fv2%2Fcategories&post=34302"},{"taxonomy":"post_tag","embeddable":true,"href":"https:\/\/radiorevelacionfm.cl\/index.php?rest_route=%2Fwp%2Fv2%2Ftags&post=34302"}],"curies":[{"name":"wp","href":"https:\/\/api.w.org\/{rel}","templated":true}]}}