{"id":34298,"date":"2023-08-27T16:47:52","date_gmt":"2023-08-27T19:47:52","guid":{"rendered":"https:\/\/radiorevelacionfm.cl\/?p=34298"},"modified":"2023-08-27T16:47:52","modified_gmt":"2023-08-27T19:47:52","slug":"colectivo-aysen-revelado-fotografia-social-en-aysen","status":"publish","type":"post","link":"https:\/\/radiorevelacionfm.cl\/?p=34298","title":{"rendered":"Colectivo Ays\u00e9n Revelado: Fotograf\u00eda social en Ays\u00e9n"},"content":{"rendered":"<div class=\"flex_column av_one_full  flex_column_div av-zero-column-padding first  avia-builder-el-0  el_before_av_one_full  avia-builder-el-first  \" style='border-radius:0px; '><div  class='avia-image-container  av-styling-    avia-builder-el-1  avia-builder-el-no-sibling  avia-align-center '  itemprop=\"image\" itemscope=\"itemscope\" itemtype=\"https:\/\/schema.org\/ImageObject\"  ><div class='avia-image-container-inner'><div class='avia-image-overlay-wrap'><img decoding=\"async\" class='wp-image-34299 avia-img-lazy-loading-not-34299 avia_image' src=\"https:\/\/radiorevelacionfm.cl\/wp-content\/uploads\/2023\/08\/talleres-aysen-revelado-1_optimized.jpg\" alt='' title='talleres-aysen-revelado-(1)_optimized' height=\"600\" width=\"930\"  itemprop=\"thumbnailUrl\" srcset=\"https:\/\/radiorevelacionfm.cl\/wp-content\/uploads\/2023\/08\/talleres-aysen-revelado-1_optimized.jpg 930w, https:\/\/radiorevelacionfm.cl\/wp-content\/uploads\/2023\/08\/talleres-aysen-revelado-1_optimized-300x194.jpg 300w, https:\/\/radiorevelacionfm.cl\/wp-content\/uploads\/2023\/08\/talleres-aysen-revelado-1_optimized-768x495.jpg 768w, https:\/\/radiorevelacionfm.cl\/wp-content\/uploads\/2023\/08\/talleres-aysen-revelado-1_optimized-705x455.jpg 705w, https:\/\/radiorevelacionfm.cl\/wp-content\/uploads\/2023\/08\/talleres-aysen-revelado-1_optimized-450x290.jpg 450w, https:\/\/radiorevelacionfm.cl\/wp-content\/uploads\/2023\/08\/talleres-aysen-revelado-1_optimized-600x387.jpg 600w\" sizes=\"(max-width: 930px) 100vw, 930px\" \/><\/div><\/div><\/div><\/div><div class=\"flex_column av_one_full  flex_column_div av-zero-column-padding first  avia-builder-el-2  el_after_av_one_full  el_before_av_one_full  column-top-margin\" style='border-radius:0px; '><section class=\"av_textblock_section \"  itemscope=\"itemscope\" itemtype=\"https:\/\/schema.org\/BlogPosting\" itemprop=\"blogPost\" ><div class='avia_textblock  '   itemprop=\"text\" ><p style=\"text-align: center;\"><strong><span style=\"font-size: 18pt;\">Colectivo Ays\u00e9n Revelado: Fotograf\u00eda social en Ays\u00e9n<\/span><\/strong><\/p>\n<div id=\"gtx-trans\" style=\"position: absolute; left: -50px; top: 4.31534px;\">\n<div class=\"gtx-trans-icon\"><\/div>\n<\/div>\n<\/div><\/section><\/div><div class=\"flex_column av_one_full  flex_column_div av-zero-column-padding first  avia-builder-el-4  el_after_av_one_full  el_before_av_hr  column-top-margin\" style='border-radius:0px; '><section class=\"av_textblock_section \"  itemscope=\"itemscope\" itemtype=\"https:\/\/schema.org\/BlogPosting\" itemprop=\"blogPost\" ><div class='avia_textblock  '   itemprop=\"text\" ><p style=\"text-align: justify;\">Durante 3 meses, una veintena de estudiantes ha participado en los talleres de Fotograf\u00eda An\u00e1loga que ha dictado el Colectivo Austral Ays\u00e9n Revelado de forma totalmente gratuita, materiales y equipos incluidos.<\/p>\n<p style=\"text-align: justify;\">Las sesiones se desarrollaron en el Centro Cultural Coyhaique en un espacio especialmente habilitado como laboratorio fotogr\u00e1fico an\u00e1logo y constaron de 4 clases de t\u00e9cnica fotogr\u00e1fica, revelado de pel\u00edcula, copiado de im\u00e1genes y procesos qu\u00edmicos.<\/p>\n<p style=\"text-align: justify;\">Los resultados ya est\u00e1n exhibidos el Centro Cultural Coyhaique: 11 fotograf\u00edas formato 18&#215;24 y 3 de 12&#215;18, adem\u00e1s de las tiras de prueba y los contactos, muestras del aprendizaje obtenido. La muestra y su dise\u00f1o estuvieron a cargo del artista visual cisnense Fredy Jofr\u00e9.<\/p>\n<p style=\"text-align: justify;\">El periodista y fot\u00f3grafo Rodrigo Campusano gui\u00f3 los talleres: \u201cEn Ays\u00e9n Revelado hacemos fotograf\u00eda social y quisimos invitar a la comunidad a conocer los procesos an\u00e1logos de la fotograf\u00eda y a tomar nuestras c\u00e1maras para salir a rescata im\u00e1genes en Coyhaique. Estamos muy satisfechos con el resultado y con el genuino inter\u00e9s que despert\u00f3 esta iniciativa en la comunidad. Hemos abierto solo 3 talleres y hemos recibido m\u00e1s de 100 solicitudes de inscripci\u00f3n\u201d.<\/p>\n<p style=\"text-align: justify;\">Carolina Pinochet, directora del Centro Cultural Coyhaique, manifest\u00f3 que \u201chabilitar un espacio de taller permanente en nuestro Centro Cultural nos permite acercarnos de manera mas real a las practicas art\u00edsticas, generando un espacio de colaboraci\u00f3n con artistas y gestores que adem\u00e1s logran incluir a usuarios o p\u00fablico general en el hacer obra, en este caso el laboratorio de fotograf\u00eda y Ays\u00e9n Revelado propone una apertura de trabajo hacia la comunidad. Desde la Corporaci\u00f3n Cultural agradecemos que se puedan abrir estos espacios y proyectar nuevas instancias desde diferentes \u00e1mbitos art\u00edsticos que se desarrollan en nuestra comuna\u201d.<\/p>\n<p style=\"text-align: justify;\">Scarlette Villarroel fue estudiante del Taller II y cuenta que su experiencia fue \u201csuperbuena\u201d y que le mostr\u00f3 \u201cun lado de la fotograf\u00eda que desconoc\u00eda por completo. Como resultado me entreg\u00f3 unos conocimientos bases supers\u00f3lidos para seguir indagando en la fotograf\u00eda an\u00e1loga. Me gust\u00f3 mucho la modalidad que tuvo el taller desde las clases te\u00f3ricas, pero en su mayor parte clases pr\u00e1cticas donde siento que form\u00e9 parte de todo el proceso que requiere una fotograf\u00eda an\u00e1loga: ir a sacar fotos, al laboratorio a revelar, acompa\u00f1ada de tus compa\u00f1eros que te colaboran en todo el proceso. Fue un proceso superenriquecedor\u201d.<\/p>\n<p style=\"text-align: justify;\">El arquitecto Rodrigo Caucoto tambi\u00e9n form\u00f3 parte de los talleres de Ays\u00e9n Revelado:\u00a0\u00a0\u201cEn mi caso personal agradezco a Ays\u00e9n revelado y al Centro Cultural Coyhaique tener esta oportunidad de volver a encontrarme con un proceso que para m\u00ed en la infancia fue m\u00e1gico. No entend\u00eda mucho eso de tomar algo y a trav\u00e9s de los l\u00edquidos obtener una imagen. Tambi\u00e9n participar en un grupo es muy importante, con temas individuales, pero miradas colectivas, que eso es lo principal. Los invito a participar de los pr\u00f3ximos talleres. Lo principal tiene que ver con el rescate de la esencia de las personas en torno a la ciudad\u201d.<\/p>\n<p style=\"text-align: justify;\">Las fotograf\u00edas que tomaron las y los estudiantes de los talleres de Fotograf\u00eda An\u00e1loga de Ays\u00e9n Revelado puedes verlas hasta el 20 de septiembre en el pasillo negro del Centro Cultural Coyhaique.<\/p>\n<\/div><\/section><\/div><div  style='height:50px' class='hr hr-invisible   avia-builder-el-6  el_after_av_one_full  el_before_av_social_share '><span class='hr-inner ' ><span class='hr-inner-style'><\/span><\/span><\/div><\/p>\n<div  class='av-social-sharing-box  avia-builder-el-7  el_after_av_hr  el_before_av_hr  '><div class='av-share-box'><h5 class='av-share-link-description av-no-toc '>Compartir esta noticia<\/h5><ul class='av-share-box-list noLightbox'><li class='av-share-link av-social-link-facebook' ><a target=\"_blank\" aria-label=\"Compartir en Facebook\" href='https:\/\/www.facebook.com\/sharer.php?u=https:\/\/radiorevelacionfm.cl\/?p=34298&#038;t=Colectivo%20Ays%C3%A9n%20Revelado%3A%20Fotograf%C3%ADa%20social%20en%20Ays%C3%A9n' aria-hidden='false' data-av_icon='\ue8f3' data-av_iconfont='entypo-fontello' title='' data-avia-related-tooltip='Compartir en Facebook' rel=\"noopener\"><span class='avia_hidden_link_text'>Compartir en Facebook<\/span><\/a><\/li><li class='av-share-link av-social-link-twitter' ><a target=\"_blank\" aria-label=\"Compartir en Twitter\" href='https:\/\/twitter.com\/share?text=Colectivo%20Ays%C3%A9n%20Revelado%3A%20Fotograf%C3%ADa%20social%20en%20Ays%C3%A9n&#038;url=https:\/\/radiorevelacionfm.cl\/?p=34298' aria-hidden='false' data-av_icon='\ue8f1' data-av_iconfont='entypo-fontello' title='' data-avia-related-tooltip='Compartir en Twitter' rel=\"noopener\"><span class='avia_hidden_link_text'>Compartir en Twitter<\/span><\/a><\/li><li class='av-share-link av-social-link-whatsapp' ><a target=\"_blank\" aria-label=\"Compartir en Whatsapp\" href='https:\/\/api.whatsapp.com\/send?text=https:\/\/radiorevelacionfm.cl\/?p=34298' aria-hidden='false' data-av_icon='\uf232' data-av_iconfont='entypo-fontello' title='' data-avia-related-tooltip='Compartir en Whatsapp' rel=\"noopener\"><span class='avia_hidden_link_text'>Compartir en Whatsapp<\/span><\/a><\/li><li class='av-share-link av-social-link-linkedin' ><a target=\"_blank\" aria-label=\"Compartir en LinkedIn\" href='https:\/\/linkedin.com\/shareArticle?mini=true&#038;title=Colectivo%20Ays%C3%A9n%20Revelado%3A%20Fotograf%C3%ADa%20social%20en%20Ays%C3%A9n&#038;url=https:\/\/radiorevelacionfm.cl\/?p=34298' aria-hidden='false' data-av_icon='\ue8fc' data-av_iconfont='entypo-fontello' title='' data-avia-related-tooltip='Compartir en LinkedIn' rel=\"noopener\"><span class='avia_hidden_link_text'>Compartir en LinkedIn<\/span><\/a><\/li><li class='av-share-link av-social-link-mail' ><a  aria-label=\"Compartir por correo\" href='mailto:?subject=Colectivo%20Ays%C3%A9n%20Revelado%3A%20Fotograf%C3%ADa%20social%20en%20Ays%C3%A9n&#038;body=https:\/\/radiorevelacionfm.cl\/?p=34298' aria-hidden='false' data-av_icon='\ue805' data-av_iconfont='entypo-fontello' title='' data-avia-related-tooltip='Compartir por correo'><span class='avia_hidden_link_text'>Compartir por correo<\/span><\/a><\/li><\/ul><\/div><\/div>\n<div  style='height:50px' class='hr hr-invisible   avia-builder-el-8  el_after_av_social_share  el_before_av_comments_list '><span class='hr-inner ' ><span class='hr-inner-style'><\/span><\/span><\/div>\n<div  class='av-buildercomment  av-blog-meta-html-info-disabled av-blog-meta-tag-disabled  '><\/div>\n","protected":false},"excerpt":{"rendered":"","protected":false},"author":1,"featured_media":34299,"comment_status":"open","ping_status":"open","sticky":false,"template":"","format":"standard","meta":{"footnotes":""},"categories":[52],"tags":[],"class_list":["post-34298","post","type-post","status-publish","format-standard","has-post-thumbnail","hentry","category-cultura"],"jetpack_featured_media_url":"https:\/\/radiorevelacionfm.cl\/wp-content\/uploads\/2023\/08\/talleres-aysen-revelado-1_optimized.jpg","_links":{"self":[{"href":"https:\/\/radiorevelacionfm.cl\/index.php?rest_route=\/wp\/v2\/posts\/34298","targetHints":{"allow":["GET"]}}],"collection":[{"href":"https:\/\/radiorevelacionfm.cl\/index.php?rest_route=\/wp\/v2\/posts"}],"about":[{"href":"https:\/\/radiorevelacionfm.cl\/index.php?rest_route=\/wp\/v2\/types\/post"}],"author":[{"embeddable":true,"href":"https:\/\/radiorevelacionfm.cl\/index.php?rest_route=\/wp\/v2\/users\/1"}],"replies":[{"embeddable":true,"href":"https:\/\/radiorevelacionfm.cl\/index.php?rest_route=%2Fwp%2Fv2%2Fcomments&post=34298"}],"version-history":[{"count":1,"href":"https:\/\/radiorevelacionfm.cl\/index.php?rest_route=\/wp\/v2\/posts\/34298\/revisions"}],"predecessor-version":[{"id":34300,"href":"https:\/\/radiorevelacionfm.cl\/index.php?rest_route=\/wp\/v2\/posts\/34298\/revisions\/34300"}],"wp:featuredmedia":[{"embeddable":true,"href":"https:\/\/radiorevelacionfm.cl\/index.php?rest_route=\/wp\/v2\/media\/34299"}],"wp:attachment":[{"href":"https:\/\/radiorevelacionfm.cl\/index.php?rest_route=%2Fwp%2Fv2%2Fmedia&parent=34298"}],"wp:term":[{"taxonomy":"category","embeddable":true,"href":"https:\/\/radiorevelacionfm.cl\/index.php?rest_route=%2Fwp%2Fv2%2Fcategories&post=34298"},{"taxonomy":"post_tag","embeddable":true,"href":"https:\/\/radiorevelacionfm.cl\/index.php?rest_route=%2Fwp%2Fv2%2Ftags&post=34298"}],"curies":[{"name":"wp","href":"https:\/\/api.w.org\/{rel}","templated":true}]}}