{"id":34296,"date":"2023-08-27T15:55:56","date_gmt":"2023-08-27T18:55:56","guid":{"rendered":"https:\/\/radiorevelacionfm.cl\/?p=34296"},"modified":"2023-08-27T16:02:36","modified_gmt":"2023-08-27T19:02:36","slug":"ultimos-dias-para-postular-al-subsidio-para-adultos-mayores-y-personas-con-discapacidad","status":"publish","type":"post","link":"https:\/\/radiorevelacionfm.cl\/?p=34296","title":{"rendered":"\u00daltimos d\u00edas para postular al subsidio de arriendo para adultos mayores y personas con discapacidad"},"content":{"rendered":"<div class=\"flex_column av_one_full  flex_column_div av-zero-column-padding first  avia-builder-el-0  el_before_av_one_full  avia-builder-el-first  \" style='border-radius:0px; '><div  class='avia-image-container  av-styling-    avia-builder-el-1  avia-builder-el-no-sibling  avia-align-center '  itemprop=\"image\" itemscope=\"itemscope\" itemtype=\"https:\/\/schema.org\/ImageObject\"  ><div class='avia-image-container-inner'><div class='avia-image-overlay-wrap'><img decoding=\"async\" class='wp-image-23323 avia-img-lazy-loading-not-23323 avia_image' src=\"https:\/\/radiorevelacionfm.cl\/wp-content\/uploads\/2022\/10\/foto-achivo-viviendas-coyhaique-1_optimized-1.jpg\" alt='' title='foto-achivo-viviendas-coyhaique-(1)_optimized (1)' height=\"600\" width=\"923\"  itemprop=\"thumbnailUrl\" srcset=\"https:\/\/radiorevelacionfm.cl\/wp-content\/uploads\/2022\/10\/foto-achivo-viviendas-coyhaique-1_optimized-1.jpg 923w, https:\/\/radiorevelacionfm.cl\/wp-content\/uploads\/2022\/10\/foto-achivo-viviendas-coyhaique-1_optimized-1-300x195.jpg 300w, https:\/\/radiorevelacionfm.cl\/wp-content\/uploads\/2022\/10\/foto-achivo-viviendas-coyhaique-1_optimized-1-768x499.jpg 768w, https:\/\/radiorevelacionfm.cl\/wp-content\/uploads\/2022\/10\/foto-achivo-viviendas-coyhaique-1_optimized-1-705x458.jpg 705w, https:\/\/radiorevelacionfm.cl\/wp-content\/uploads\/2022\/10\/foto-achivo-viviendas-coyhaique-1_optimized-1-600x390.jpg 600w\" sizes=\"(max-width: 923px) 100vw, 923px\" \/><\/div><\/div><\/div><\/div>\n<div class=\"flex_column av_one_full  flex_column_div av-zero-column-padding first  avia-builder-el-2  el_after_av_one_full  el_before_av_one_full  column-top-margin\" style='border-radius:0px; '><section class=\"av_textblock_section \"  itemscope=\"itemscope\" itemtype=\"https:\/\/schema.org\/BlogPosting\" itemprop=\"blogPost\" ><div class='avia_textblock  '   itemprop=\"text\" ><p style=\"text-align: center;\"><span style=\"font-size: 18pt;\"><strong>\u00daltimos d\u00edas para postular al subsidio de arriendo para adultos mayores y personas con discapacidad<\/strong><\/span><\/p>\n<div id=\"gtx-trans\" style=\"position: absolute; left: -50px; top: 4.31534px;\">\n<div class=\"gtx-trans-icon\"><\/div>\n<\/div>\n<\/div><\/section><\/div><div class=\"flex_column av_one_full  flex_column_div av-zero-column-padding first  avia-builder-el-4  el_after_av_one_full  el_before_av_hr  column-top-margin\" style='border-radius:0px; '><section class=\"av_textblock_section \"  itemscope=\"itemscope\" itemtype=\"https:\/\/schema.org\/BlogPosting\" itemprop=\"blogPost\" ><div class='avia_textblock  '   itemprop=\"text\" ><p style=\"text-align: justify;\">S\u00f3lo hasta el pr\u00f3ximo jueves 31 de agosto habr\u00e1 plazo para postular al<strong>\u00a0<\/strong>Subsidio de Arriendo para adultos mayores, que este a\u00f1o tambi\u00e9n incluye entre sus beneficiarios a\u00a0personas con discapacidad.<\/p>\n<p style=\"text-align: justify;\">Tal como explic\u00f3 la Seremi de Vivienda y Urbanismo, Paulina Ruz Delf\u00edn, este subsidio corresponde a una ayuda temporal que entrega el Minvu a personas\u00a0mayores de 60 a\u00f1os o con discapacidad, para que puedan realizar un pago mensual por el arriendo de una vivienda, el cual puede llegar como m\u00e1ximo a los 469 mil pesos aproximadamente para el caso de nuestra regi\u00f3n.<\/p>\n<p style=\"text-align: justify;\">El subsidio cubre entre un\u00a090% y 95% del monto mensual de arriendo, por lo que el beneficiario solo deber\u00e1 saldar un\u00a0copago de un 5% a 10%. Por ejemplo, para un arriendo de $200 mil pesos, el subsidio cubre entre $180 mil y $190 mil pesos, debiendo el beneficiario pagar entre $10 mil y $20 mil pesos mensuales. Adem\u00e1s, considera el aporte de un monto \u00fanico adicional de 1 UF para financiar los gastos de formalizaci\u00f3n del contrato (certificados y gastos notariales).<\/p>\n<p style=\"text-align: justify;\">Precis\u00f3 la Seremi que este subsidio es un gran apoyo para los adultos mayores y los discapacitados, y forma parte de una extensa red de beneficios que posee el Minvu para ir en ayuda de quienes m\u00e1s lo necesitan. \u201cComo hemos destacado permanentemente, el Presidente Boric y el Ministro Montes nos han pedido trabajar con mucha fuerza para cumplir las metas que nos hemos trazado en nuestro Plan de Emergencia Habitacional, que en nuestra regi\u00f3n contempla entregar m\u00e1s de mil 293 viviendas sociales. Sin embargo, hoy no todas las familias buscan acceder a una vivienda definitiva, ya que hay personas que requieren otras soluciones como el arriendo y justamente para eso lanzamos este proceso de postulaci\u00f3n que cierra el pr\u00f3ximo jueves, y en especial para atender las necesidades de nuestros adultos mayores y personas con discapacidad que tambi\u00e9n requieren un apoyo para mejorar sus condiciones de vida\u201d, se\u00f1al\u00f3.<\/p>\n<p style=\"text-align: justify;\">Record\u00f3 la autoridad sectorial que entre los requisitos para postular est\u00e1n: Tener\u00a0m\u00e1s de 60 a\u00f1os\u00a0al momento de hacer el tr\u00e1mite, cumplirlos durante este a\u00f1o o presentar una\u00a0discapacidad acreditada a\u00a0trav\u00e9s de la inscripci\u00f3n en el Registro Nacional de la Discapacidad. Tambi\u00e9n se debe pertenecer hasta el<strong>\u00a0<\/strong>70% del Registro Social de Hogares y acreditar un\u00a0ingreso m\u00ednimo de 5 UF\u00a0($180.000 pesos aproximadamente).<\/p>\n<p style=\"text-align: justify;\">Sobre la forma de postular explic\u00f3 la Seremi Paulina Ruz que los interesados deben abrir la p\u00e1gina de internet\u00a0arriendoenlinea.minvu.cl para luego ingresar con\u00a0Clave \u00danica, completar los formularios y adjuntar los documentos solicitados. \u201cEsa es la v\u00eda on line, pero tambi\u00e9n se puede postular de forma presencial en\u00a0oficinas del Serviu, en calle Freire 5 de Coyhaique o en las oficinas de las delegaciones provinciales de Serviu que tenemos en Cochrane y Puerto Ays\u00e9n. Los invitamos entonces a postular hasta el pr\u00f3ximo jueves 31 de agosto para aprovechar este gran beneficio, considerando adem\u00e1s como una ventaja que este Subsidio de Arriendo para adultos mayores y personas con discapacidad\u00a0no requiere ahorro m\u00ednimo, por lo que esperamos tener en este proceso una gran cantidad de interesados\u201d, asegur\u00f3.<\/p>\n<p style=\"text-align: justify;\">Otros datos de inter\u00e9s son que en esta postulaci\u00f3n se otorga puntaje adicional por edad y discapacidad. Se puede postular sin n\u00facleo familiar y no es necesario estar actualmente arrendando una vivienda, ya que tambi\u00e9n pueden postular personas que necesitan buscar una vivienda para arrendar. El beneficio aplica para un periodo de hasta 24 meses y podr\u00e1 ser utilizado de manera consecutiva o dividida en un plazo m\u00e1ximo de ocho a\u00f1os.<\/p>\n<\/div><\/section><\/div><\/p>\n<div  style='height:50px' class='hr hr-invisible   avia-builder-el-6  el_after_av_one_full  el_before_av_social_share '><span class='hr-inner ' ><span class='hr-inner-style'><\/span><\/span><\/div>\n<div  class='av-social-sharing-box  avia-builder-el-7  el_after_av_hr  el_before_av_hr  '><div class='av-share-box'><h5 class='av-share-link-description av-no-toc '>Compartir esta noticia<\/h5><ul class='av-share-box-list noLightbox'><li class='av-share-link av-social-link-facebook' ><a target=\"_blank\" aria-label=\"Compartir en Facebook\" href='https:\/\/www.facebook.com\/sharer.php?u=https:\/\/radiorevelacionfm.cl\/?p=34296&#038;t=%C3%9Altimos%20d%C3%ADas%20para%20postular%20al%20subsidio%20de%20arriendo%20para%20adultos%20mayores%20y%20personas%20con%20discapacidad' aria-hidden='false' data-av_icon='\ue8f3' data-av_iconfont='entypo-fontello' title='' data-avia-related-tooltip='Compartir en Facebook' rel=\"noopener\"><span class='avia_hidden_link_text'>Compartir en Facebook<\/span><\/a><\/li><li class='av-share-link av-social-link-twitter' ><a target=\"_blank\" aria-label=\"Compartir en Twitter\" href='https:\/\/twitter.com\/share?text=%C3%9Altimos%20d%C3%ADas%20para%20postular%20al%20subsidio%20de%20arriendo%20para%20adultos%20mayores%20y%20personas%20con%20discapacidad&#038;url=https:\/\/radiorevelacionfm.cl\/?p=34296' aria-hidden='false' data-av_icon='\ue8f1' data-av_iconfont='entypo-fontello' title='' data-avia-related-tooltip='Compartir en Twitter' rel=\"noopener\"><span class='avia_hidden_link_text'>Compartir en Twitter<\/span><\/a><\/li><li class='av-share-link av-social-link-whatsapp' ><a target=\"_blank\" aria-label=\"Compartir en Whatsapp\" href='https:\/\/api.whatsapp.com\/send?text=https:\/\/radiorevelacionfm.cl\/?p=34296' aria-hidden='false' data-av_icon='\uf232' data-av_iconfont='entypo-fontello' title='' data-avia-related-tooltip='Compartir en Whatsapp' rel=\"noopener\"><span class='avia_hidden_link_text'>Compartir en Whatsapp<\/span><\/a><\/li><li class='av-share-link av-social-link-linkedin' ><a target=\"_blank\" aria-label=\"Compartir en LinkedIn\" href='https:\/\/linkedin.com\/shareArticle?mini=true&#038;title=%C3%9Altimos%20d%C3%ADas%20para%20postular%20al%20subsidio%20de%20arriendo%20para%20adultos%20mayores%20y%20personas%20con%20discapacidad&#038;url=https:\/\/radiorevelacionfm.cl\/?p=34296' aria-hidden='false' data-av_icon='\ue8fc' data-av_iconfont='entypo-fontello' title='' data-avia-related-tooltip='Compartir en LinkedIn' rel=\"noopener\"><span class='avia_hidden_link_text'>Compartir en LinkedIn<\/span><\/a><\/li><li class='av-share-link av-social-link-mail' ><a  aria-label=\"Compartir por correo\" href='mailto:?subject=%C3%9Altimos%20d%C3%ADas%20para%20postular%20al%20subsidio%20de%20arriendo%20para%20adultos%20mayores%20y%20personas%20con%20discapacidad&#038;body=https:\/\/radiorevelacionfm.cl\/?p=34296' aria-hidden='false' data-av_icon='\ue805' data-av_iconfont='entypo-fontello' title='' data-avia-related-tooltip='Compartir por correo'><span class='avia_hidden_link_text'>Compartir por correo<\/span><\/a><\/li><\/ul><\/div><\/div>\n<div  style='height:50px' class='hr hr-invisible   avia-builder-el-8  el_after_av_social_share  el_before_av_comments_list '><span class='hr-inner ' ><span class='hr-inner-style'><\/span><\/span><\/div>\n<div  class='av-buildercomment  av-blog-meta-html-info-disabled av-blog-meta-tag-disabled  '><\/div>\n","protected":false},"excerpt":{"rendered":"","protected":false},"author":1,"featured_media":23323,"comment_status":"open","ping_status":"open","sticky":false,"template":"","format":"standard","meta":{"footnotes":""},"categories":[57],"tags":[],"class_list":["post-34296","post","type-post","status-publish","format-standard","has-post-thumbnail","hentry","category-vivienda"],"jetpack_featured_media_url":"https:\/\/radiorevelacionfm.cl\/wp-content\/uploads\/2022\/10\/foto-achivo-viviendas-coyhaique-1_optimized-1.jpg","_links":{"self":[{"href":"https:\/\/radiorevelacionfm.cl\/index.php?rest_route=\/wp\/v2\/posts\/34296","targetHints":{"allow":["GET"]}}],"collection":[{"href":"https:\/\/radiorevelacionfm.cl\/index.php?rest_route=\/wp\/v2\/posts"}],"about":[{"href":"https:\/\/radiorevelacionfm.cl\/index.php?rest_route=\/wp\/v2\/types\/post"}],"author":[{"embeddable":true,"href":"https:\/\/radiorevelacionfm.cl\/index.php?rest_route=\/wp\/v2\/users\/1"}],"replies":[{"embeddable":true,"href":"https:\/\/radiorevelacionfm.cl\/index.php?rest_route=%2Fwp%2Fv2%2Fcomments&post=34296"}],"version-history":[{"count":2,"href":"https:\/\/radiorevelacionfm.cl\/index.php?rest_route=\/wp\/v2\/posts\/34296\/revisions"}],"predecessor-version":[{"id":34301,"href":"https:\/\/radiorevelacionfm.cl\/index.php?rest_route=\/wp\/v2\/posts\/34296\/revisions\/34301"}],"wp:featuredmedia":[{"embeddable":true,"href":"https:\/\/radiorevelacionfm.cl\/index.php?rest_route=\/wp\/v2\/media\/23323"}],"wp:attachment":[{"href":"https:\/\/radiorevelacionfm.cl\/index.php?rest_route=%2Fwp%2Fv2%2Fmedia&parent=34296"}],"wp:term":[{"taxonomy":"category","embeddable":true,"href":"https:\/\/radiorevelacionfm.cl\/index.php?rest_route=%2Fwp%2Fv2%2Fcategories&post=34296"},{"taxonomy":"post_tag","embeddable":true,"href":"https:\/\/radiorevelacionfm.cl\/index.php?rest_route=%2Fwp%2Fv2%2Ftags&post=34296"}],"curies":[{"name":"wp","href":"https:\/\/api.w.org\/{rel}","templated":true}]}}