{"id":34293,"date":"2023-08-28T12:04:13","date_gmt":"2023-08-28T15:04:13","guid":{"rendered":"https:\/\/radiorevelacionfm.cl\/?p=34293"},"modified":"2023-08-28T12:04:13","modified_gmt":"2023-08-28T15:04:13","slug":"buque-ingeniero-slight-efectuo-trabajos-de-mantencion-de-senalizacion-maritima-en-la-region-de-aysen","status":"publish","type":"post","link":"https:\/\/radiorevelacionfm.cl\/?p=34293","title":{"rendered":"Buque \u201cIngeniero Slight\u201d efectu\u00f3 trabajos de mantenci\u00f3n de se\u00f1alizaci\u00f3n mar\u00edtima en la regi\u00f3n de Ays\u00e9n"},"content":{"rendered":"<div class=\"flex_column av_one_full  flex_column_div av-zero-column-padding first  avia-builder-el-0  el_before_av_one_full  avia-builder-el-first  \" style='border-radius:0px; '><div  class='avia-image-container  av-styling-    avia-builder-el-1  avia-builder-el-no-sibling  avia-align-center '  itemprop=\"image\" itemscope=\"itemscope\" itemtype=\"https:\/\/schema.org\/ImageObject\"  ><div class='avia-image-container-inner'><div class='avia-image-overlay-wrap'><img decoding=\"async\" class='wp-image-34294 avia-img-lazy-loading-not-34294 avia_image' src=\"https:\/\/radiorevelacionfm.cl\/wp-content\/uploads\/2023\/08\/foto_0000000920230819122911-1-1.jpeg\" alt='' title='foto_0000000920230819122911 (1) (1)' height=\"600\" width=\"1209\"  itemprop=\"thumbnailUrl\" srcset=\"https:\/\/radiorevelacionfm.cl\/wp-content\/uploads\/2023\/08\/foto_0000000920230819122911-1-1.jpeg 1209w, https:\/\/radiorevelacionfm.cl\/wp-content\/uploads\/2023\/08\/foto_0000000920230819122911-1-1-300x149.jpeg 300w, https:\/\/radiorevelacionfm.cl\/wp-content\/uploads\/2023\/08\/foto_0000000920230819122911-1-1-1030x511.jpeg 1030w, https:\/\/radiorevelacionfm.cl\/wp-content\/uploads\/2023\/08\/foto_0000000920230819122911-1-1-768x381.jpeg 768w, https:\/\/radiorevelacionfm.cl\/wp-content\/uploads\/2023\/08\/foto_0000000920230819122911-1-1-705x350.jpeg 705w, https:\/\/radiorevelacionfm.cl\/wp-content\/uploads\/2023\/08\/foto_0000000920230819122911-1-1-450x223.jpeg 450w, https:\/\/radiorevelacionfm.cl\/wp-content\/uploads\/2023\/08\/foto_0000000920230819122911-1-1-600x298.jpeg 600w\" sizes=\"(max-width: 1209px) 100vw, 1209px\" \/><\/div><\/div><\/div><\/div><div class=\"flex_column av_one_full  flex_column_div av-zero-column-padding first  avia-builder-el-2  el_after_av_one_full  el_before_av_one_full  column-top-margin\" style='border-radius:0px; '><section class=\"av_textblock_section \"  itemscope=\"itemscope\" itemtype=\"https:\/\/schema.org\/BlogPosting\" itemprop=\"blogPost\" ><div class='avia_textblock  '   itemprop=\"text\" ><p style=\"text-align: center;\"><strong><span style=\"font-size: 18pt;\">Buque \u201cIngeniero Slight\u201d efectu\u00f3 trabajos de mantenci\u00f3n de se\u00f1alizaci\u00f3n mar\u00edtima en la regi\u00f3n de Ays\u00e9n<\/span><\/strong><\/p>\n<h1 class=\"titular\"><\/h1>\n<div id=\"gtx-trans\" style=\"position: absolute; left: -50px; top: 4.31534px;\">\n<div class=\"gtx-trans-icon\"><\/div>\n<\/div>\n<\/div><\/section><\/div><div class=\"flex_column av_one_full  flex_column_div av-zero-column-padding first  avia-builder-el-4  el_after_av_one_full  el_before_av_hr  column-top-margin\" style='border-radius:0px; '><section class=\"av_textblock_section \"  itemscope=\"itemscope\" itemtype=\"https:\/\/schema.org\/BlogPosting\" itemprop=\"blogPost\" ><div class='avia_textblock  '   itemprop=\"text\" ><p style=\"text-align: justify;\">La Unidad se despleg\u00f3 para efectuar tareas de apoyo a tren log\u00edstico, reafirmando su compromiso con la importancia de la seguridad en la navegaci\u00f3n.<\/p>\n<p style=\"text-align: justify;\" align=\"justify\">Recientemente el Buque de Rescate y Salvataje (BRS) \u201cIngeniero Slight\u201d se despleg\u00f3 para realizar una comisi\u00f3n de tren log\u00edstico a Puerto Chacabuco y efectuar trabajos de mantenimiento a la se\u00f1alizaci\u00f3n mar\u00edtima en la regi\u00f3n de Ays\u00e9n, acci\u00f3n que contribuye a mejorar las condiciones de seguridad para la embarcaciones que navegan en ese sector mar\u00edtimo.<\/p>\n<p style=\"text-align: justify;\" align=\"justify\">Como detall\u00f3 el Comandante de la Unidad, Capit\u00e1n de Fragata Jaime Garc\u00eda, \u201cen esta comisi\u00f3n cumplimos con brindar apoyo con tren log\u00edstico a Puerco Chacabuco y fondear la se\u00f1al mar\u00edtima que marca el peligro del Bajo Wichmann en el \u00e1rea de Anna Pink. Gracias a la preparaci\u00f3n de mi dotaci\u00f3n pudimos cumplir con las tareas encomendadas por la Quinta Zona Naval, a pesar de las condiciones meteorol\u00f3gicas adversas a la que nos vimos enfrentados\u201d.<\/p>\n<p style=\"text-align: justify;\" align=\"justify\">Con la materializaci\u00f3n de esta comisi\u00f3n, la Unidad y su dotaci\u00f3n, reafirman el compromiso con sus principales roles de trabajos de se\u00f1alizaci\u00f3n mar\u00edtima ratificando la importancia de estas acciones para la seguridad de la navegaci\u00f3n.<\/p>\n<\/div><\/section><\/div><div  style='height:50px' class='hr hr-invisible   avia-builder-el-6  el_after_av_one_full  el_before_av_social_share '><span class='hr-inner ' ><span class='hr-inner-style'><\/span><\/span><\/div><\/p>\n<div  class='av-social-sharing-box  avia-builder-el-7  el_after_av_hr  el_before_av_hr  '><div class='av-share-box'><h5 class='av-share-link-description av-no-toc '>Compartir esta noticia<\/h5><ul class='av-share-box-list noLightbox'><li class='av-share-link av-social-link-facebook' ><a target=\"_blank\" aria-label=\"Compartir en Facebook\" href='https:\/\/www.facebook.com\/sharer.php?u=https:\/\/radiorevelacionfm.cl\/?p=34293&#038;t=Buque%20%E2%80%9CIngeniero%20Slight%E2%80%9D%20efectu%C3%B3%20trabajos%20de%20mantenci%C3%B3n%20de%20se%C3%B1alizaci%C3%B3n%20mar%C3%ADtima%20en%20la%20regi%C3%B3n%20de%20Ays%C3%A9n' aria-hidden='false' data-av_icon='\ue8f3' data-av_iconfont='entypo-fontello' title='' data-avia-related-tooltip='Compartir en Facebook' rel=\"noopener\"><span class='avia_hidden_link_text'>Compartir en Facebook<\/span><\/a><\/li><li class='av-share-link av-social-link-twitter' ><a target=\"_blank\" aria-label=\"Compartir en Twitter\" href='https:\/\/twitter.com\/share?text=Buque%20%E2%80%9CIngeniero%20Slight%E2%80%9D%20efectu%C3%B3%20trabajos%20de%20mantenci%C3%B3n%20de%20se%C3%B1alizaci%C3%B3n%20mar%C3%ADtima%20en%20la%20regi%C3%B3n%20de%20Ays%C3%A9n&#038;url=https:\/\/radiorevelacionfm.cl\/?p=34293' aria-hidden='false' data-av_icon='\ue8f1' data-av_iconfont='entypo-fontello' title='' data-avia-related-tooltip='Compartir en Twitter' rel=\"noopener\"><span class='avia_hidden_link_text'>Compartir en Twitter<\/span><\/a><\/li><li class='av-share-link av-social-link-whatsapp' ><a target=\"_blank\" aria-label=\"Compartir en Whatsapp\" href='https:\/\/api.whatsapp.com\/send?text=https:\/\/radiorevelacionfm.cl\/?p=34293' aria-hidden='false' data-av_icon='\uf232' data-av_iconfont='entypo-fontello' title='' data-avia-related-tooltip='Compartir en Whatsapp' rel=\"noopener\"><span class='avia_hidden_link_text'>Compartir en Whatsapp<\/span><\/a><\/li><li class='av-share-link av-social-link-linkedin' ><a target=\"_blank\" aria-label=\"Compartir en LinkedIn\" href='https:\/\/linkedin.com\/shareArticle?mini=true&#038;title=Buque%20%E2%80%9CIngeniero%20Slight%E2%80%9D%20efectu%C3%B3%20trabajos%20de%20mantenci%C3%B3n%20de%20se%C3%B1alizaci%C3%B3n%20mar%C3%ADtima%20en%20la%20regi%C3%B3n%20de%20Ays%C3%A9n&#038;url=https:\/\/radiorevelacionfm.cl\/?p=34293' aria-hidden='false' data-av_icon='\ue8fc' data-av_iconfont='entypo-fontello' title='' data-avia-related-tooltip='Compartir en LinkedIn' rel=\"noopener\"><span class='avia_hidden_link_text'>Compartir en LinkedIn<\/span><\/a><\/li><li class='av-share-link av-social-link-mail' ><a  aria-label=\"Compartir por correo\" href='mailto:?subject=Buque%20%E2%80%9CIngeniero%20Slight%E2%80%9D%20efectu%C3%B3%20trabajos%20de%20mantenci%C3%B3n%20de%20se%C3%B1alizaci%C3%B3n%20mar%C3%ADtima%20en%20la%20regi%C3%B3n%20de%20Ays%C3%A9n&#038;body=https:\/\/radiorevelacionfm.cl\/?p=34293' aria-hidden='false' data-av_icon='\ue805' data-av_iconfont='entypo-fontello' title='' data-avia-related-tooltip='Compartir por correo'><span class='avia_hidden_link_text'>Compartir por correo<\/span><\/a><\/li><\/ul><\/div><\/div>\n<div  style='height:50px' class='hr hr-invisible   avia-builder-el-8  el_after_av_social_share  el_before_av_comments_list '><span class='hr-inner ' ><span class='hr-inner-style'><\/span><\/span><\/div>\n<div  class='av-buildercomment  av-blog-meta-html-info-disabled av-blog-meta-tag-disabled  '><\/div>\n","protected":false},"excerpt":{"rendered":"","protected":false},"author":1,"featured_media":34294,"comment_status":"open","ping_status":"open","sticky":false,"template":"","format":"standard","meta":{"footnotes":""},"categories":[38],"tags":[],"class_list":["post-34293","post","type-post","status-publish","format-standard","has-post-thumbnail","hentry","category-regional"],"jetpack_featured_media_url":"https:\/\/radiorevelacionfm.cl\/wp-content\/uploads\/2023\/08\/foto_0000000920230819122911-1-1.jpeg","_links":{"self":[{"href":"https:\/\/radiorevelacionfm.cl\/index.php?rest_route=\/wp\/v2\/posts\/34293","targetHints":{"allow":["GET"]}}],"collection":[{"href":"https:\/\/radiorevelacionfm.cl\/index.php?rest_route=\/wp\/v2\/posts"}],"about":[{"href":"https:\/\/radiorevelacionfm.cl\/index.php?rest_route=\/wp\/v2\/types\/post"}],"author":[{"embeddable":true,"href":"https:\/\/radiorevelacionfm.cl\/index.php?rest_route=\/wp\/v2\/users\/1"}],"replies":[{"embeddable":true,"href":"https:\/\/radiorevelacionfm.cl\/index.php?rest_route=%2Fwp%2Fv2%2Fcomments&post=34293"}],"version-history":[{"count":1,"href":"https:\/\/radiorevelacionfm.cl\/index.php?rest_route=\/wp\/v2\/posts\/34293\/revisions"}],"predecessor-version":[{"id":34295,"href":"https:\/\/radiorevelacionfm.cl\/index.php?rest_route=\/wp\/v2\/posts\/34293\/revisions\/34295"}],"wp:featuredmedia":[{"embeddable":true,"href":"https:\/\/radiorevelacionfm.cl\/index.php?rest_route=\/wp\/v2\/media\/34294"}],"wp:attachment":[{"href":"https:\/\/radiorevelacionfm.cl\/index.php?rest_route=%2Fwp%2Fv2%2Fmedia&parent=34293"}],"wp:term":[{"taxonomy":"category","embeddable":true,"href":"https:\/\/radiorevelacionfm.cl\/index.php?rest_route=%2Fwp%2Fv2%2Fcategories&post=34293"},{"taxonomy":"post_tag","embeddable":true,"href":"https:\/\/radiorevelacionfm.cl\/index.php?rest_route=%2Fwp%2Fv2%2Ftags&post=34293"}],"curies":[{"name":"wp","href":"https:\/\/api.w.org\/{rel}","templated":true}]}}