{"id":34287,"date":"2023-08-26T17:56:26","date_gmt":"2023-08-26T20:56:26","guid":{"rendered":"https:\/\/radiorevelacionfm.cl\/?p=34287"},"modified":"2023-08-26T18:03:26","modified_gmt":"2023-08-26T21:03:26","slug":"conaf-refuerza-acciones-para-prevenir-incendios-forestales-en-lago-verde","status":"publish","type":"post","link":"https:\/\/radiorevelacionfm.cl\/?p=34287","title":{"rendered":"En Lago Verde CONAF refuerza acciones para prevenir Incendios Forestales"},"content":{"rendered":"<div class=\"flex_column av_one_full  flex_column_div av-zero-column-padding first  avia-builder-el-0  el_before_av_one_full  avia-builder-el-first  \" style='border-radius:0px; '><div  class='avia-image-container  av-styling-    avia-builder-el-1  avia-builder-el-no-sibling  avia-align-center '  itemprop=\"image\" itemscope=\"itemscope\" itemtype=\"https:\/\/schema.org\/ImageObject\"  ><div class='avia-image-container-inner'><div class='avia-image-overlay-wrap'><img decoding=\"async\" class='wp-image-34288 avia-img-lazy-loading-not-34288 avia_image' src=\"https:\/\/radiorevelacionfm.cl\/wp-content\/uploads\/2023\/08\/Foto-1-16-1-2.jpeg\" alt='' title='Foto 1 (16) (1) (2)' height=\"600\" width=\"799\"  itemprop=\"thumbnailUrl\" srcset=\"https:\/\/radiorevelacionfm.cl\/wp-content\/uploads\/2023\/08\/Foto-1-16-1-2.jpeg 799w, https:\/\/radiorevelacionfm.cl\/wp-content\/uploads\/2023\/08\/Foto-1-16-1-2-300x225.jpeg 300w, https:\/\/radiorevelacionfm.cl\/wp-content\/uploads\/2023\/08\/Foto-1-16-1-2-768x577.jpeg 768w, https:\/\/radiorevelacionfm.cl\/wp-content\/uploads\/2023\/08\/Foto-1-16-1-2-705x529.jpeg 705w, https:\/\/radiorevelacionfm.cl\/wp-content\/uploads\/2023\/08\/Foto-1-16-1-2-450x338.jpeg 450w, https:\/\/radiorevelacionfm.cl\/wp-content\/uploads\/2023\/08\/Foto-1-16-1-2-600x451.jpeg 600w\" sizes=\"(max-width: 799px) 100vw, 799px\" \/><\/div><\/div><\/div><\/div>\n<div class=\"flex_column av_one_full  flex_column_div av-zero-column-padding first  avia-builder-el-2  el_after_av_one_full  el_before_av_one_full  column-top-margin\" style='border-radius:0px; '><section class=\"av_textblock_section \"  itemscope=\"itemscope\" itemtype=\"https:\/\/schema.org\/BlogPosting\" itemprop=\"blogPost\" ><div class='avia_textblock  '   itemprop=\"text\" ><p style=\"text-align: center;\"><strong><span style=\"font-size: 18pt;\">En Lago Verde CONAF refuerza acciones para prevenir Incendios Forestales<\/span><\/strong><\/p>\n<div id=\"gtx-trans\" style=\"position: absolute; left: -50px; top: 4.31534px;\">\n<div class=\"gtx-trans-icon\"><\/div>\n<\/div>\n<\/div><\/section><\/div>\n<div class=\"flex_column av_one_full  flex_column_div av-zero-column-padding first  avia-builder-el-4  el_after_av_one_full  el_before_av_hr  column-top-margin\" style='border-radius:0px; '><section class=\"av_textblock_section \"  itemscope=\"itemscope\" itemtype=\"https:\/\/schema.org\/BlogPosting\" itemprop=\"blogPost\" ><div class='avia_textblock  '   itemprop=\"text\" ><p class=\"v1MsoNormal\" style=\"text-align: justify;\"><span lang=\"ES\">El pasado 18 de agosto, un equipo t\u00e9cnico de la Corporaci\u00f3n Nacional Forestal (CONAF) La Junta, comenz\u00f3 a realizar en la comuna de Lago Verde un ciclo de talleres te\u00f3ricos para crear conciencia en sus habitantes sobre el riesgo de vivir en una zona de interfaz, y a partir de ah\u00ed motivarlos para realizar acciones preventivas y de mitigaci\u00f3n que disminuyan el riesgo en el caso de que su comunidad se vea afectada por un incendio forestal.<\/span><\/p>\n<p class=\"v1MsoNormal\" style=\"text-align: justify;\"><span lang=\"ES\">La actividad, que se realizar\u00e1 nuevamente este s\u00e1bado 26 de agosto, forma parte del programa Comunas Preparadas Frente a Incendios Forestales, el cual se desarrolla e implementa desde el a\u00f1o 2015, con la finalidad de fortalecer y mejorar el trabajo participativo de la comunidad en la prevenci\u00f3n de incendios forestales, disminuyendo as\u00ed su impacto social, ambiental y econ\u00f3mico.<\/span><\/p>\n<p class=\"v1MsoNormal\" style=\"text-align: justify;\"><span lang=\"ES\">\u00abEl objetivo central de estas acciones es replicar y mejorar los resultados positivos obtenidos durante la temporada pasada. Per\u00edodo, donde se logr\u00f3 combinar de manera efectiva los recursos operativos para la lucha contra los incendios, con una intensa promoci\u00f3n de medidas preventivas. Es as\u00ed que las cifras arrojaron 30 incidentes de incendios que afectaron un total de 18,5\u00a0 hect\u00e1reas. Y que sin duda,\u00a0 representa el compromiso de todos y todas en t\u00e9rminos de minimizar la propagaci\u00f3n y evitar los incendios forestales en Ays\u00e9n\u00bb, sostuvo el Seremi de Agricultura, Alan Espinoza Ortiz.<\/span><\/p>\n<p class=\"v1MsoNormal\" style=\"text-align: justify;\"><span lang=\"ES\">Hugo Pi\u00f1eda, quien es el Jefe de la Secci\u00f3n Prevenci\u00f3n de Incendios Forestales de CONAF Ays\u00e9n, precisa que el programa est\u00e1 enfocado en mejorar las caracter\u00edsticas que deben cumplir las viviendas y su entorno inmediato, \u00abaprender a reaccionar adecuadamente ante una emergencia y que la comunidad sea consciente del riesgo de vivir en una zona de interfaz, donde se debe generar una mayor responsabilidad individual y comunitaria para prevenir los incendios forestales\u00bb, dice.<\/span><\/p>\n<p class=\"v1MsoNormal\" style=\"text-align: justify;\"><span lang=\"ES\">Este programa est\u00e1 siendo implementado en todas las regiones del pa\u00eds, y cobra especial relevancia hoy debido a la falta o escasez de precipitaciones y las altas temperaturas, lo que se suma a vegetaci\u00f3n con bajo porcentaje de humedad.<\/span><\/p>\n<p class=\"v1MsoNormal\" style=\"text-align: justify;\"><span lang=\"ES\">Respecto de la metodolog\u00eda, \u00c1lvaro D\u00b4Amico, Jefe Provincial Conaf \u00c1rea La Junta, y quien participa, junto a su equipo, en la implementaci\u00f3n de los talleres explica que \u00abrealizamos los talleres mediante distintos m\u00f3dulos, donde abordamos temas como por ejemplo c\u00f3mo tener una casa preparada contra los incendios forestales, o espacios de autoprotecci\u00f3n y preparaci\u00f3n para antes, durante y despu\u00e9s de una emergencia.\u00bb<\/span><\/p>\n<p class=\"v1MsoNormal\" style=\"text-align: justify;\"><span lang=\"ES\">\u00abTambi\u00e9n apuntamos a que los vecinos puedan reconocer sus puntos de riesgo, organiz\u00e1ndose a trav\u00e9s de consejos comunitarios, esto es, vecinos que trabajar\u00e1n codo a codo con nuestra instituci\u00f3n en las acciones en terreno\u00bb, se\u00f1ala.<\/span><\/p>\n<p class=\"v1MsoNormal\" style=\"text-align: justify;\"><span lang=\"ES\">Al concluir la capacitaci\u00f3n, se deber\u00e1 conformar un Consejo Comunitario con actores claves de la localidad, y se tendr\u00e1 que redactar un documento para plasmar la informaci\u00f3n de las reuniones del Consejo, adem\u00e1s de un an\u00e1lisis de riesgo de la comunidad, y una carta de navegaci\u00f3n o Gantt, con actividades comprometidas de corto, mediano y largo plazo para la prevenci\u00f3n o mitigaci\u00f3n de incendios forestales.<\/span><\/p>\n<\/div><\/section><\/div><div  style='height:50px' class='hr hr-invisible   avia-builder-el-6  el_after_av_one_full  el_before_av_social_share '><span class='hr-inner ' ><span class='hr-inner-style'><\/span><\/span><\/div><\/p>\n<div  class='av-social-sharing-box  avia-builder-el-7  el_after_av_hr  el_before_av_hr  '><div class='av-share-box'><h5 class='av-share-link-description av-no-toc '>Compartir esta noticia<\/h5><ul class='av-share-box-list noLightbox'><li class='av-share-link av-social-link-facebook' ><a target=\"_blank\" aria-label=\"Compartir en Facebook\" href='https:\/\/www.facebook.com\/sharer.php?u=https:\/\/radiorevelacionfm.cl\/?p=34287&#038;t=En%20Lago%20Verde%20CONAF%20refuerza%20acciones%20para%20prevenir%20Incendios%20Forestales' aria-hidden='false' data-av_icon='\ue8f3' data-av_iconfont='entypo-fontello' title='' data-avia-related-tooltip='Compartir en Facebook' rel=\"noopener\"><span class='avia_hidden_link_text'>Compartir en Facebook<\/span><\/a><\/li><li class='av-share-link av-social-link-twitter' ><a target=\"_blank\" aria-label=\"Compartir en Twitter\" href='https:\/\/twitter.com\/share?text=En%20Lago%20Verde%20CONAF%20refuerza%20acciones%20para%20prevenir%20Incendios%20Forestales&#038;url=https:\/\/radiorevelacionfm.cl\/?p=34287' aria-hidden='false' data-av_icon='\ue8f1' data-av_iconfont='entypo-fontello' title='' data-avia-related-tooltip='Compartir en Twitter' rel=\"noopener\"><span class='avia_hidden_link_text'>Compartir en Twitter<\/span><\/a><\/li><li class='av-share-link av-social-link-whatsapp' ><a target=\"_blank\" aria-label=\"Compartir en Whatsapp\" href='https:\/\/api.whatsapp.com\/send?text=https:\/\/radiorevelacionfm.cl\/?p=34287' aria-hidden='false' data-av_icon='\uf232' data-av_iconfont='entypo-fontello' title='' data-avia-related-tooltip='Compartir en Whatsapp' rel=\"noopener\"><span class='avia_hidden_link_text'>Compartir en Whatsapp<\/span><\/a><\/li><li class='av-share-link av-social-link-linkedin' ><a target=\"_blank\" aria-label=\"Compartir en LinkedIn\" href='https:\/\/linkedin.com\/shareArticle?mini=true&#038;title=En%20Lago%20Verde%20CONAF%20refuerza%20acciones%20para%20prevenir%20Incendios%20Forestales&#038;url=https:\/\/radiorevelacionfm.cl\/?p=34287' aria-hidden='false' data-av_icon='\ue8fc' data-av_iconfont='entypo-fontello' title='' data-avia-related-tooltip='Compartir en LinkedIn' rel=\"noopener\"><span class='avia_hidden_link_text'>Compartir en LinkedIn<\/span><\/a><\/li><li class='av-share-link av-social-link-mail' ><a  aria-label=\"Compartir por correo\" href='mailto:?subject=En%20Lago%20Verde%20CONAF%20refuerza%20acciones%20para%20prevenir%20Incendios%20Forestales&#038;body=https:\/\/radiorevelacionfm.cl\/?p=34287' aria-hidden='false' data-av_icon='\ue805' data-av_iconfont='entypo-fontello' title='' data-avia-related-tooltip='Compartir por correo'><span class='avia_hidden_link_text'>Compartir por correo<\/span><\/a><\/li><\/ul><\/div><\/div>\n<div  style='height:50px' class='hr hr-invisible   avia-builder-el-8  el_after_av_social_share  el_before_av_comments_list '><span class='hr-inner ' ><span class='hr-inner-style'><\/span><\/span><\/div>\n<div  class='av-buildercomment  av-blog-meta-html-info-disabled av-blog-meta-tag-disabled  '><\/div>\n","protected":false},"excerpt":{"rendered":"","protected":false},"author":1,"featured_media":34288,"comment_status":"open","ping_status":"open","sticky":false,"template":"","format":"standard","meta":{"footnotes":""},"categories":[38],"tags":[],"class_list":["post-34287","post","type-post","status-publish","format-standard","has-post-thumbnail","hentry","category-regional"],"jetpack_featured_media_url":"https:\/\/radiorevelacionfm.cl\/wp-content\/uploads\/2023\/08\/Foto-1-16-1-2.jpeg","_links":{"self":[{"href":"https:\/\/radiorevelacionfm.cl\/index.php?rest_route=\/wp\/v2\/posts\/34287","targetHints":{"allow":["GET"]}}],"collection":[{"href":"https:\/\/radiorevelacionfm.cl\/index.php?rest_route=\/wp\/v2\/posts"}],"about":[{"href":"https:\/\/radiorevelacionfm.cl\/index.php?rest_route=\/wp\/v2\/types\/post"}],"author":[{"embeddable":true,"href":"https:\/\/radiorevelacionfm.cl\/index.php?rest_route=\/wp\/v2\/users\/1"}],"replies":[{"embeddable":true,"href":"https:\/\/radiorevelacionfm.cl\/index.php?rest_route=%2Fwp%2Fv2%2Fcomments&post=34287"}],"version-history":[{"count":4,"href":"https:\/\/radiorevelacionfm.cl\/index.php?rest_route=\/wp\/v2\/posts\/34287\/revisions"}],"predecessor-version":[{"id":34292,"href":"https:\/\/radiorevelacionfm.cl\/index.php?rest_route=\/wp\/v2\/posts\/34287\/revisions\/34292"}],"wp:featuredmedia":[{"embeddable":true,"href":"https:\/\/radiorevelacionfm.cl\/index.php?rest_route=\/wp\/v2\/media\/34288"}],"wp:attachment":[{"href":"https:\/\/radiorevelacionfm.cl\/index.php?rest_route=%2Fwp%2Fv2%2Fmedia&parent=34287"}],"wp:term":[{"taxonomy":"category","embeddable":true,"href":"https:\/\/radiorevelacionfm.cl\/index.php?rest_route=%2Fwp%2Fv2%2Fcategories&post=34287"},{"taxonomy":"post_tag","embeddable":true,"href":"https:\/\/radiorevelacionfm.cl\/index.php?rest_route=%2Fwp%2Fv2%2Ftags&post=34287"}],"curies":[{"name":"wp","href":"https:\/\/api.w.org\/{rel}","templated":true}]}}