{"id":34280,"date":"2023-08-26T12:48:31","date_gmt":"2023-08-26T15:48:31","guid":{"rendered":"https:\/\/radiorevelacionfm.cl\/?p=34280"},"modified":"2023-08-26T12:48:31","modified_gmt":"2023-08-26T15:48:31","slug":"con-acuerdo-de-trabajo-culmina-jornada-con-asistentes-de-la-educacion","status":"publish","type":"post","link":"https:\/\/radiorevelacionfm.cl\/?p=34280","title":{"rendered":"Con acuerdo de trabajo culmina jornada con Asistentes de la Educaci\u00f3n"},"content":{"rendered":"<div class=\"flex_column av_one_full  flex_column_div av-zero-column-padding first  avia-builder-el-0  el_before_av_one_full  avia-builder-el-first  \" style='border-radius:0px; '><div  class='avia-image-container  av-styling-    avia-builder-el-1  avia-builder-el-no-sibling  avia-align-center '  itemprop=\"image\" itemscope=\"itemscope\" itemtype=\"https:\/\/schema.org\/ImageObject\"  ><div class='avia-image-container-inner'><div class='avia-image-overlay-wrap'><img decoding=\"async\" class='wp-image-34283 avia-img-lazy-loading-not-34283 avia_image' src=\"https:\/\/radiorevelacionfm.cl\/wp-content\/uploads\/2023\/08\/asistentes-educacion-2023-08-25-1_optimized.jpeg\" alt='' title='asistentes-educacion-2023-08-25-(1)_optimized' height=\"600\" width=\"1067\"  itemprop=\"thumbnailUrl\" srcset=\"https:\/\/radiorevelacionfm.cl\/wp-content\/uploads\/2023\/08\/asistentes-educacion-2023-08-25-1_optimized.jpeg 1067w, https:\/\/radiorevelacionfm.cl\/wp-content\/uploads\/2023\/08\/asistentes-educacion-2023-08-25-1_optimized-300x169.jpeg 300w, https:\/\/radiorevelacionfm.cl\/wp-content\/uploads\/2023\/08\/asistentes-educacion-2023-08-25-1_optimized-1030x579.jpeg 1030w, https:\/\/radiorevelacionfm.cl\/wp-content\/uploads\/2023\/08\/asistentes-educacion-2023-08-25-1_optimized-768x432.jpeg 768w, https:\/\/radiorevelacionfm.cl\/wp-content\/uploads\/2023\/08\/asistentes-educacion-2023-08-25-1_optimized-705x396.jpeg 705w, https:\/\/radiorevelacionfm.cl\/wp-content\/uploads\/2023\/08\/asistentes-educacion-2023-08-25-1_optimized-450x253.jpeg 450w, https:\/\/radiorevelacionfm.cl\/wp-content\/uploads\/2023\/08\/asistentes-educacion-2023-08-25-1_optimized-600x337.jpeg 600w\" sizes=\"(max-width: 1067px) 100vw, 1067px\" \/><\/div><\/div><\/div><\/div><div class=\"flex_column av_one_full  flex_column_div av-zero-column-padding first  avia-builder-el-2  el_after_av_one_full  el_before_av_one_full  column-top-margin\" style='border-radius:0px; '><section class=\"av_textblock_section \"  itemscope=\"itemscope\" itemtype=\"https:\/\/schema.org\/BlogPosting\" itemprop=\"blogPost\" ><div class='avia_textblock  '   itemprop=\"text\" ><p style=\"text-align: center;\"><span style=\"font-size: 18pt;\"><b>Con acuerdo de trabajo culmina jornada con Asistentes de la Educaci\u00f3n<\/b><\/span><\/p>\n<div id=\"gtx-trans\" style=\"position: absolute; left: -50px; top: 4.31534px;\">\n<div class=\"gtx-trans-icon\"><\/div>\n<\/div>\n<\/div><\/section><\/div><\/p>\n<div class=\"flex_column av_one_full  flex_column_div av-zero-column-padding first  avia-builder-el-4  el_after_av_one_full  el_before_av_hr  column-top-margin\" style='border-radius:0px; '><section class=\"av_textblock_section \"  itemscope=\"itemscope\" itemtype=\"https:\/\/schema.org\/BlogPosting\" itemprop=\"blogPost\" ><div class='avia_textblock  '   itemprop=\"text\" ><p style=\"font-weight: 400; text-align: justify;\">Con un acta suscrita por once dirigentes, el Delegado Presidencial Regional, Rodrigo Araya; la seremi de Educaci\u00f3n, Isabel Garrido; profesionales de la subsecretar\u00eda de Educaci\u00f3n, y diputados Miguel Calisto y Ren\u00e9 Alinco, culmin\u00f3 la jornada en torno al otorgamiento de asignaci\u00f3n de zona para los asistentes de la educaci\u00f3n de la Regi\u00f3n de Ays\u00e9n.<\/p>\n<p style=\"font-weight: 400; text-align: justify;\">El acta establece que las partes firmantes reconocen que la demanda y solicitud de priorizaci\u00f3n sea abordada en la Mesa del Sector P\u00fablico (MSP), solicit\u00e1ndose por parte de los representantes gremiales que en el proceso se priorice las zonas extremas de Ays\u00e9n y Magallanes, considerando que ser\u00e1n traspasados a partir del primero de enero de 2024 a los Servicios Locales de Educaci\u00f3n P\u00fablica.<\/p>\n<p style=\"font-weight: 400; text-align: justify;\">En representaci\u00f3n de los once dirigentes que participaron en la reuni\u00f3n, Juan Antonio Quezada efectu\u00f3 un balance de los acuerdos.<\/p>\n<p style=\"font-weight: 400; text-align: justify;\">\u201cAcuerdos que esperemos se puedan respetar y que se cumplan por parte del Ministerio de Educaci\u00f3n, en cuanto al \u00fanico petitorio que tiene actualmente la regi\u00f3n, que es la asignaci\u00f3n de zona para todos los asistentes de la educaci\u00f3n y asistentes de la educaci\u00f3n VTF de nuestra regi\u00f3n y, obviamente, que esta priorizaci\u00f3n parta por nuestra regi\u00f3n, porque a partir del 1 de enero entramos a los Servicios Locales de Educaci\u00f3n P\u00fablica. Consideramos que, siendo las condiciones especiales de la regi\u00f3n de Ays\u00e9n, es la que en primera instancia deber\u00eda ser incorporada a la asignaci\u00f3n de zona, ya que somos los primeros en ser traspasados. Ahora \u2013a\u00f1adi\u00f3- solo nos queda a esperar lo que se est\u00e1 negociando a nivel nacional con la Mesa del Sector P\u00fablico, donde esperamos contar con el apoyo del gremio que est\u00e1 dando esta lucha por todos los asistentes de la educaci\u00f3n, pero dando prioridad a las regiones extremas, donde entramos en las regiones de Ays\u00e9n y Punta Arenas\u201d.<\/p>\n<p style=\"font-weight: 400; text-align: justify;\">El Delegado Rodrigo Araya valor\u00f3 el proceso de di\u00e1logo. \u201cHemos hecho un repaso en un tiempo adecuado de la historia del proceso y de la situaci\u00f3n actual en que nos encontramos. Hemos logrado llegar a un consenso en la forma en que esto tiene que seguir siendo canalizado. Esta es una discusi\u00f3n que requiere ser trabajada en la Mesa del Sector P\u00fablico, en la cual, como gobierno y como instituciones presentes, manifestamos nuestro respaldo a ese desaf\u00edo que tenemos por delante\u201d, se\u00f1al\u00f3.<\/p>\n<p style=\"font-weight: 400; text-align: justify;\">La seremi Isabel Garrido reafirm\u00f3 la disposici\u00f3n al di\u00e1logo por parte de las autoridades ministeriales.<\/p>\n<p style=\"font-weight: 400; text-align: justify;\">\u201cLlegamos a un consenso acerca de c\u00f3mo se debe canalizar la demanda por la asignaci\u00f3n de zona, que es a trav\u00e9s de la Mesa del Sector P\u00fablico, donde negocian todas y todos los trabajadores de la educaci\u00f3n. Las y los asistentes de la educaci\u00f3n de la Regi\u00f3n de Ays\u00e9n van a pasar a ser trabajadores p\u00fablicos el 1 de enero del 2024 y es all\u00ed donde corresponde que se vea esta demanda. Nuestra disposici\u00f3n como gobierno est\u00e1 en facilitar ese di\u00e1logo directo de las y los trabajadores de Ays\u00e9n en la Mesa del Sector P\u00fablico, con el apoyo tambi\u00e9n del ministro Cataldo y subsecretaria Arratia\u201d, concluy\u00f3.<\/p>\n<p style=\"font-weight: 400; text-align: justify;\">Cabe se\u00f1alar que la Subsecretaria de Educaci\u00f3n Alejandra Arratia tom\u00f3 conocimiento del acta, la que tambi\u00e9n ser\u00e1 presentada el pr\u00f3ximo lunes en la Comisi\u00f3n de Zonas Extremas de la C\u00e1mara Baja.<\/p>\n<\/div><\/section><\/div>\n<div  style='height:50px' class='hr hr-invisible   avia-builder-el-6  el_after_av_one_full  el_before_av_social_share '><span class='hr-inner ' ><span class='hr-inner-style'><\/span><\/span><\/div>\n<div  class='av-social-sharing-box  avia-builder-el-7  el_after_av_hr  el_before_av_hr  '><div class='av-share-box'><h5 class='av-share-link-description av-no-toc '>Compartir esta noticia<\/h5><ul class='av-share-box-list noLightbox'><li class='av-share-link av-social-link-facebook' ><a target=\"_blank\" aria-label=\"Compartir en Facebook\" href='https:\/\/www.facebook.com\/sharer.php?u=https:\/\/radiorevelacionfm.cl\/?p=34280&#038;t=Con%20acuerdo%20de%20trabajo%20culmina%20jornada%20con%20Asistentes%20de%20la%20Educaci%C3%B3n' aria-hidden='false' data-av_icon='\ue8f3' data-av_iconfont='entypo-fontello' title='' data-avia-related-tooltip='Compartir en Facebook' rel=\"noopener\"><span class='avia_hidden_link_text'>Compartir en Facebook<\/span><\/a><\/li><li class='av-share-link av-social-link-twitter' ><a target=\"_blank\" aria-label=\"Compartir en Twitter\" href='https:\/\/twitter.com\/share?text=Con%20acuerdo%20de%20trabajo%20culmina%20jornada%20con%20Asistentes%20de%20la%20Educaci%C3%B3n&#038;url=https:\/\/radiorevelacionfm.cl\/?p=34280' aria-hidden='false' data-av_icon='\ue8f1' data-av_iconfont='entypo-fontello' title='' data-avia-related-tooltip='Compartir en Twitter' rel=\"noopener\"><span class='avia_hidden_link_text'>Compartir en Twitter<\/span><\/a><\/li><li class='av-share-link av-social-link-whatsapp' ><a target=\"_blank\" aria-label=\"Compartir en Whatsapp\" href='https:\/\/api.whatsapp.com\/send?text=https:\/\/radiorevelacionfm.cl\/?p=34280' aria-hidden='false' data-av_icon='\uf232' data-av_iconfont='entypo-fontello' title='' data-avia-related-tooltip='Compartir en Whatsapp' rel=\"noopener\"><span class='avia_hidden_link_text'>Compartir en Whatsapp<\/span><\/a><\/li><li class='av-share-link av-social-link-linkedin' ><a target=\"_blank\" aria-label=\"Compartir en LinkedIn\" href='https:\/\/linkedin.com\/shareArticle?mini=true&#038;title=Con%20acuerdo%20de%20trabajo%20culmina%20jornada%20con%20Asistentes%20de%20la%20Educaci%C3%B3n&#038;url=https:\/\/radiorevelacionfm.cl\/?p=34280' aria-hidden='false' data-av_icon='\ue8fc' data-av_iconfont='entypo-fontello' title='' data-avia-related-tooltip='Compartir en LinkedIn' rel=\"noopener\"><span class='avia_hidden_link_text'>Compartir en LinkedIn<\/span><\/a><\/li><li class='av-share-link av-social-link-mail' ><a  aria-label=\"Compartir por correo\" href='mailto:?subject=Con%20acuerdo%20de%20trabajo%20culmina%20jornada%20con%20Asistentes%20de%20la%20Educaci%C3%B3n&#038;body=https:\/\/radiorevelacionfm.cl\/?p=34280' aria-hidden='false' data-av_icon='\ue805' data-av_iconfont='entypo-fontello' title='' data-avia-related-tooltip='Compartir por correo'><span class='avia_hidden_link_text'>Compartir por correo<\/span><\/a><\/li><\/ul><\/div><\/div>\n<div  style='height:50px' class='hr hr-invisible   avia-builder-el-8  el_after_av_social_share  el_before_av_comments_list '><span class='hr-inner ' ><span class='hr-inner-style'><\/span><\/span><\/div>\n<div  class='av-buildercomment  av-blog-meta-html-info-disabled av-blog-meta-tag-disabled  '><\/div>\n","protected":false},"excerpt":{"rendered":"","protected":false},"author":1,"featured_media":34283,"comment_status":"open","ping_status":"open","sticky":false,"template":"","format":"standard","meta":{"footnotes":""},"categories":[38],"tags":[],"class_list":["post-34280","post","type-post","status-publish","format-standard","has-post-thumbnail","hentry","category-regional"],"jetpack_featured_media_url":"https:\/\/radiorevelacionfm.cl\/wp-content\/uploads\/2023\/08\/asistentes-educacion-2023-08-25-1_optimized.jpeg","_links":{"self":[{"href":"https:\/\/radiorevelacionfm.cl\/index.php?rest_route=\/wp\/v2\/posts\/34280","targetHints":{"allow":["GET"]}}],"collection":[{"href":"https:\/\/radiorevelacionfm.cl\/index.php?rest_route=\/wp\/v2\/posts"}],"about":[{"href":"https:\/\/radiorevelacionfm.cl\/index.php?rest_route=\/wp\/v2\/types\/post"}],"author":[{"embeddable":true,"href":"https:\/\/radiorevelacionfm.cl\/index.php?rest_route=\/wp\/v2\/users\/1"}],"replies":[{"embeddable":true,"href":"https:\/\/radiorevelacionfm.cl\/index.php?rest_route=%2Fwp%2Fv2%2Fcomments&post=34280"}],"version-history":[{"count":2,"href":"https:\/\/radiorevelacionfm.cl\/index.php?rest_route=\/wp\/v2\/posts\/34280\/revisions"}],"predecessor-version":[{"id":34284,"href":"https:\/\/radiorevelacionfm.cl\/index.php?rest_route=\/wp\/v2\/posts\/34280\/revisions\/34284"}],"wp:featuredmedia":[{"embeddable":true,"href":"https:\/\/radiorevelacionfm.cl\/index.php?rest_route=\/wp\/v2\/media\/34283"}],"wp:attachment":[{"href":"https:\/\/radiorevelacionfm.cl\/index.php?rest_route=%2Fwp%2Fv2%2Fmedia&parent=34280"}],"wp:term":[{"taxonomy":"category","embeddable":true,"href":"https:\/\/radiorevelacionfm.cl\/index.php?rest_route=%2Fwp%2Fv2%2Fcategories&post=34280"},{"taxonomy":"post_tag","embeddable":true,"href":"https:\/\/radiorevelacionfm.cl\/index.php?rest_route=%2Fwp%2Fv2%2Ftags&post=34280"}],"curies":[{"name":"wp","href":"https:\/\/api.w.org\/{rel}","templated":true}]}}