{"id":3428,"date":"2021-04-23T11:22:44","date_gmt":"2021-04-23T14:22:44","guid":{"rendered":"https:\/\/radiorevelacionfm.cl\/?p=3428"},"modified":"2021-04-23T11:22:44","modified_gmt":"2021-04-23T14:22:44","slug":"declaracion-publica-pescadores-artesanales-aysen","status":"publish","type":"post","link":"https:\/\/radiorevelacionfm.cl\/?p=3428","title":{"rendered":"Declaraci\u00f3n P\u00fablica Pescadores Artesanales Ays\u00e9n"},"content":{"rendered":"<div class=\"flex_column av_one_full  flex_column_div av-zero-column-padding first  avia-builder-el-0  el_before_av_one_full  avia-builder-el-first  \" style='border-radius:0px; '><div  class='avia-image-container  av-styling-    avia-builder-el-1  avia-builder-el-no-sibling  avia-align-center '  itemprop=\"image\" itemscope=\"itemscope\" itemtype=\"https:\/\/schema.org\/ImageObject\"  ><div class='avia-image-container-inner'><div class='avia-image-overlay-wrap'><img decoding=\"async\" class='wp-image-0 avia-img-lazy-loading-not-0 avia_image' src=\"https:\/\/radiorevelacionfm.cl\/wp-content\/uploads\/2021\/04\/pesca-arsenal1_optimized.jpg\" alt='' title=''   itemprop=\"thumbnailUrl\"  \/><\/div><\/div><\/div><\/div><div class=\"flex_column av_one_full  flex_column_div av-zero-column-padding first  avia-builder-el-2  el_after_av_one_full  el_before_av_one_full  column-top-margin\" style='border-radius:0px; '><section class=\"av_textblock_section \"  itemscope=\"itemscope\" itemtype=\"https:\/\/schema.org\/BlogPosting\" itemprop=\"blogPost\" ><div class='avia_textblock  '   itemprop=\"text\" ><p style=\"text-align: center;\"><strong><span style=\"font-size: 18pt;\">Declaraci\u00f3n P\u00fablica Pescadores Artesanales Ays\u00e9n<\/span><\/strong><\/p>\n<div id=\"gtx-trans\" style=\"position: absolute; left: -50px; top: 4.31534px;\">\n<div class=\"gtx-trans-icon\"><\/div>\n<\/div>\n<\/div><\/section><\/div><div class=\"flex_column av_one_full  flex_column_div av-zero-column-padding first  avia-builder-el-4  el_after_av_one_full  el_before_av_hr  column-top-margin\" style='border-radius:0px; '><section class=\"av_textblock_section \"  itemscope=\"itemscope\" itemtype=\"https:\/\/schema.org\/BlogPosting\" itemprop=\"blogPost\" ><div class='avia_textblock  '   itemprop=\"text\" ><p style=\"text-align: justify;\">En relaci\u00f3n a los recursos fiscales destinados a la industria del salm\u00f3n gestionados por el Sr. Omar Mu\u00f1oz y el Senador David Sandoval, lo siguiente:<\/p>\n<p style=\"text-align: justify;\">1) Rechazamos totalmente la entrega de 4500 millones a la industria salmonera. Cualquier inversi\u00f3n p\u00fablica a la industria salmonera, se traduce en un golpe dur\u00edsimo para la pesca artesanal, que a\u00f1o a a\u00f1o es castigada con la entrega de migajas a trav\u00e9s de fondos concursables que subestiman al sector artesanal desde su importancia hist\u00f3rica, econ\u00f3mica y social en Ays\u00e9n.<\/p>\n<p style=\"text-align: justify;\">2) Omar Mu\u00f1oz director de CORFO ha levantado argumentos rebuscados para justificar una inversi\u00f3n sesgada, incoherente y lejos de la realidad regional. Las salmoneras son una industria y como tal, se incluyen cada uno de sus procesos y servicios. Lo que sostienen el Sr. Omar Mu\u00f1oz y David Sandoval junto a los consejeros regionales va directamente al bolsillo de los salmoneros.<\/p>\n<p style=\"text-align: justify;\">3) La pesca artesanal de Ays\u00e9n representa 3.071 familias. Al Sr. Omar Mu\u00f1oz y el senador Sandoval no le importa nuestra opini\u00f3n electoral en las pr\u00f3ximas elecciones municipales. Por lo anterior, hacemos un llamado a las verdaderas familias de la pesca artesanal, la verdadera, a no entregar el voto a los candidatos y candidatas del gobierno y de los partidos de los\/as consejeros\/as regionales que apoyan entregar 4500 millones a la industria del salm\u00f3n.<\/p>\n<p style=\"text-align: justify;\">4) Sebasti\u00e1n Pi\u00f1era pavimenta el camino de los industriales. La industria del salm\u00f3n en febrero de 2021 creci\u00f3 un 12,7% logrando expandir sus ganancias. Los industriales no necesitan recursos p\u00fablicos, porque sus utilidades superan todo el presupuesto anual del Gobierno Regional. El Sr. Omar Mu\u00f1oz debe interiorizarse en materias pesqueras y no donar recursos p\u00fablicos a quienes menos lo necesitan.<\/p>\n<p style=\"text-align: justify;\">5) La nueva Intendenta regional, Sra. Margarita Ossa Rojas tiene cerradas las puertas en el sector artesanal. 3.071 familias esper\u00e1bamos m\u00e1s de ella, pero sin siquiera conocer el sector pesquero artesanal, se cuadr\u00f3 con los salmoneros, haciendo uso de recursos fiscales a la carta del Sr. Sandoval y Omar Mu\u00f1oz, los \u00fanicos interesados en que esto se haga r\u00e1pido, en beneficio de la industria que es segundo sector exportador m\u00e1s grande del pa\u00eds y el segundo productor de salmones del mundo.<\/p>\n<p>Firman<br \/>\nJuan Carlos Torres<br \/>\nPresidente Federaci\u00f3n Flota Norte \u2013 Regi\u00f3n de Ays\u00e9n<br \/>\nLuis Rosas Cadegan<br \/>\nPresidente STI Antonio Ronchi \u2013 Puerto Gala<br \/>\nMiguel Acosta Quilodran<br \/>\nPresidente STI Pescadores Artesanales &#8211; Puerto Gaviota<br \/>\nSegundo S\u00e1nchez Munita<br \/>\nPresidente STI Pescadores Artesanales Litoral Norte \u2013 Pto Cisnes<br \/>\nJos\u00e9 Aguilar Orme\u00f1o<br \/>\nPresidente STI Pescadores Artesanales y Armadores N\u00ba 1 Pto. Cisnes<\/p>\n<\/div><\/section><\/div><div  style='height:50px' class='hr hr-invisible   avia-builder-el-6  el_after_av_one_full  el_before_av_social_share '><span class='hr-inner ' ><span class='hr-inner-style'><\/span><\/span><\/div><\/p>\n<div  class='av-social-sharing-box  avia-builder-el-7  el_after_av_hr  el_before_av_hr  '><div class='av-share-box'><h5 class='av-share-link-description av-no-toc '>Compartir esta noticia<\/h5><ul class='av-share-box-list noLightbox'><li class='av-share-link av-social-link-facebook' ><a target=\"_blank\" aria-label=\"Compartir en Facebook\" href='https:\/\/www.facebook.com\/sharer.php?u=https:\/\/radiorevelacionfm.cl\/?p=3428&#038;t=Declaraci%C3%B3n%20P%C3%BAblica%20Pescadores%20Artesanales%20Ays%C3%A9n' aria-hidden='false' data-av_icon='\ue8f3' data-av_iconfont='entypo-fontello' title='' data-avia-related-tooltip='Compartir en Facebook' rel=\"noopener\"><span class='avia_hidden_link_text'>Compartir en Facebook<\/span><\/a><\/li><li class='av-share-link av-social-link-twitter' ><a target=\"_blank\" aria-label=\"Compartir en Twitter\" href='https:\/\/twitter.com\/share?text=Declaraci%C3%B3n%20P%C3%BAblica%20Pescadores%20Artesanales%20Ays%C3%A9n&#038;url=https:\/\/radiorevelacionfm.cl\/?p=3428' aria-hidden='false' data-av_icon='\ue8f1' data-av_iconfont='entypo-fontello' title='' data-avia-related-tooltip='Compartir en Twitter' rel=\"noopener\"><span class='avia_hidden_link_text'>Compartir en Twitter<\/span><\/a><\/li><li class='av-share-link av-social-link-whatsapp' ><a target=\"_blank\" aria-label=\"Compartir en Whatsapp\" href='https:\/\/api.whatsapp.com\/send?text=https:\/\/radiorevelacionfm.cl\/?p=3428' aria-hidden='false' data-av_icon='\uf232' data-av_iconfont='entypo-fontello' title='' data-avia-related-tooltip='Compartir en Whatsapp' rel=\"noopener\"><span class='avia_hidden_link_text'>Compartir en Whatsapp<\/span><\/a><\/li><li class='av-share-link av-social-link-linkedin' ><a target=\"_blank\" aria-label=\"Compartir en LinkedIn\" href='https:\/\/linkedin.com\/shareArticle?mini=true&#038;title=Declaraci%C3%B3n%20P%C3%BAblica%20Pescadores%20Artesanales%20Ays%C3%A9n&#038;url=https:\/\/radiorevelacionfm.cl\/?p=3428' aria-hidden='false' data-av_icon='\ue8fc' data-av_iconfont='entypo-fontello' title='' data-avia-related-tooltip='Compartir en LinkedIn' rel=\"noopener\"><span class='avia_hidden_link_text'>Compartir en LinkedIn<\/span><\/a><\/li><li class='av-share-link av-social-link-mail' ><a  aria-label=\"Compartir por correo\" href='mailto:?subject=Declaraci%C3%B3n%20P%C3%BAblica%20Pescadores%20Artesanales%20Ays%C3%A9n&#038;body=https:\/\/radiorevelacionfm.cl\/?p=3428' aria-hidden='false' data-av_icon='\ue805' data-av_iconfont='entypo-fontello' title='' data-avia-related-tooltip='Compartir por correo'><span class='avia_hidden_link_text'>Compartir por correo<\/span><\/a><\/li><\/ul><\/div><\/div>\n<div  style='height:50px' class='hr hr-invisible   avia-builder-el-8  el_after_av_social_share  el_before_av_comments_list '><span class='hr-inner ' ><span class='hr-inner-style'><\/span><\/span><\/div>\n<div  class='av-buildercomment  av-blog-meta-html-info-disabled av-blog-meta-tag-disabled  '><\/div>\n","protected":false},"excerpt":{"rendered":"","protected":false},"author":1,"featured_media":0,"comment_status":"open","ping_status":"open","sticky":false,"template":"","format":"standard","meta":{"footnotes":""},"categories":[60,38],"tags":[],"class_list":["post-3428","post","type-post","status-publish","format-standard","hentry","category-pesca","category-regional"],"jetpack_featured_media_url":"","_links":{"self":[{"href":"https:\/\/radiorevelacionfm.cl\/index.php?rest_route=\/wp\/v2\/posts\/3428","targetHints":{"allow":["GET"]}}],"collection":[{"href":"https:\/\/radiorevelacionfm.cl\/index.php?rest_route=\/wp\/v2\/posts"}],"about":[{"href":"https:\/\/radiorevelacionfm.cl\/index.php?rest_route=\/wp\/v2\/types\/post"}],"author":[{"embeddable":true,"href":"https:\/\/radiorevelacionfm.cl\/index.php?rest_route=\/wp\/v2\/users\/1"}],"replies":[{"embeddable":true,"href":"https:\/\/radiorevelacionfm.cl\/index.php?rest_route=%2Fwp%2Fv2%2Fcomments&post=3428"}],"version-history":[{"count":1,"href":"https:\/\/radiorevelacionfm.cl\/index.php?rest_route=\/wp\/v2\/posts\/3428\/revisions"}],"predecessor-version":[{"id":3431,"href":"https:\/\/radiorevelacionfm.cl\/index.php?rest_route=\/wp\/v2\/posts\/3428\/revisions\/3431"}],"wp:attachment":[{"href":"https:\/\/radiorevelacionfm.cl\/index.php?rest_route=%2Fwp%2Fv2%2Fmedia&parent=3428"}],"wp:term":[{"taxonomy":"category","embeddable":true,"href":"https:\/\/radiorevelacionfm.cl\/index.php?rest_route=%2Fwp%2Fv2%2Fcategories&post=3428"},{"taxonomy":"post_tag","embeddable":true,"href":"https:\/\/radiorevelacionfm.cl\/index.php?rest_route=%2Fwp%2Fv2%2Ftags&post=3428"}],"curies":[{"name":"wp","href":"https:\/\/api.w.org\/{rel}","templated":true}]}}