{"id":34277,"date":"2023-08-25T19:03:28","date_gmt":"2023-08-25T22:03:28","guid":{"rendered":"https:\/\/radiorevelacionfm.cl\/?p=34277"},"modified":"2023-08-25T19:16:25","modified_gmt":"2023-08-25T22:16:25","slug":"pdi-detuvo-a-presunto-autor-de-robo-ocurrido-en-enero-en-sector-cerro-negro-coyhaique","status":"publish","type":"post","link":"https:\/\/radiorevelacionfm.cl\/?p=34277","title":{"rendered":"PDI detuvo a presunto autor de robo ocurrido en enero en sector Cerro Negro de Coyhaique"},"content":{"rendered":"<div class=\"flex_column av_one_full  flex_column_div av-zero-column-padding first  avia-builder-el-0  el_before_av_one_full  avia-builder-el-first  \" style='border-radius:0px; '><div  class='avia-image-container  av-styling-    avia-builder-el-1  avia-builder-el-no-sibling  avia-align-center '  itemprop=\"image\" itemscope=\"itemscope\" itemtype=\"https:\/\/schema.org\/ImageObject\"  ><div class='avia-image-container-inner'><div class='avia-image-overlay-wrap'><img decoding=\"async\" class='wp-image-6578 avia-img-lazy-loading-not-6578 avia_image' src=\"https:\/\/radiorevelacionfm.cl\/wp-content\/uploads\/2021\/07\/PDI-detencion1-1.jpg\" alt='' title='PDI-detencion1 (1)' height=\"600\" width=\"778\"  itemprop=\"thumbnailUrl\" srcset=\"https:\/\/radiorevelacionfm.cl\/wp-content\/uploads\/2021\/07\/PDI-detencion1-1.jpg 778w, https:\/\/radiorevelacionfm.cl\/wp-content\/uploads\/2021\/07\/PDI-detencion1-1-300x231.jpg 300w, https:\/\/radiorevelacionfm.cl\/wp-content\/uploads\/2021\/07\/PDI-detencion1-1-768x592.jpg 768w, https:\/\/radiorevelacionfm.cl\/wp-content\/uploads\/2021\/07\/PDI-detencion1-1-705x544.jpg 705w, https:\/\/radiorevelacionfm.cl\/wp-content\/uploads\/2021\/07\/PDI-detencion1-1-600x463.jpg 600w\" sizes=\"(max-width: 778px) 100vw, 778px\" \/><\/div><\/div><\/div><\/div>\n<div class=\"flex_column av_one_full  flex_column_div av-zero-column-padding first  avia-builder-el-2  el_after_av_one_full  el_before_av_one_full  column-top-margin\" style='border-radius:0px; '><section class=\"av_textblock_section \"  itemscope=\"itemscope\" itemtype=\"https:\/\/schema.org\/BlogPosting\" itemprop=\"blogPost\" ><div class='avia_textblock  '   itemprop=\"text\" ><p style=\"text-align: center;\"><strong><span style=\"font-size: 18pt;\">PDI detuvo a presunto autor de robo ocurrido en enero en sector Cerro Negro de Coyhaique<\/span><\/strong><\/p>\n<div id=\"gtx-trans\" style=\"position: absolute; left: -50px; top: 4.31534px;\">\n<div class=\"gtx-trans-icon\"><\/div>\n<\/div>\n<\/div><\/section><\/div><div class=\"flex_column av_one_full  flex_column_div av-zero-column-padding first  avia-builder-el-4  el_after_av_one_full  el_before_av_hr  column-top-margin\" style='border-radius:0px; '><section class=\"av_textblock_section \"  itemscope=\"itemscope\" itemtype=\"https:\/\/schema.org\/BlogPosting\" itemprop=\"blogPost\" ><div class='avia_textblock  '   itemprop=\"text\" ><p style=\"text-align: justify;\">La Brigada Investigadora de Robos (Biro) de Coyhaique logr\u00f3 la detenci\u00f3n de uno de los presuntos autores de un robo en lugar habitado, que tuvo lugar el 11 de enero de este a\u00f1o en el sector de Cerro Negro en la comuna Coyhaique. Tras un proceso de investigaci\u00f3n que incluy\u00f3 la obtenci\u00f3n de diversos medios de prueba, los detectives lograron individualizar a los dos supuestos implicados en el hecho delictivo. \u201cTras el transcurso de la investigaci\u00f3n y obtenci\u00f3n de diversos medios de prueba, se logr\u00f3 la individualizaci\u00f3n de quienes ser\u00edan los dos autores del hecho investigado, de los cuales uno por ser menor de menor de edad es inimputable, el segundo de los autores, mayor de edad, tras diversas diligencias investigativas, se logr\u00f3 su ubicaci\u00f3n y posterior detenci\u00f3n para ser puesto a disposici\u00f3n del tribunal correspondiente\u201d, coment\u00f3 el subcomisario Jorge Inostroza de Biro Coyhaique.<\/p>\n<p style=\"text-align: justify;\">Entre los medios de prueba recopilados se encuentran im\u00e1genes de c\u00e1maras de vigilancia del inmueble afectado, las cuales proporcionaron valiosas caracter\u00edsticas que permitieron identificar a los posibles autores.<\/p>\n<p style=\"text-align: justify;\">Seg\u00fan el subcomisario, el detenido \u201ces un sujeto con diversos antecedentes con delitos contra la propiedad y por hechos similares al presente\u201d, adem\u00e1s, agreg\u00f3 que, al momento de su detenci\u00f3n, intent\u00f3 evadir a la polic\u00eda corriendo por varias calles de la ciudad, pero finalmente fue alcanzado por los investigadores. Las especies sustra\u00eddas, que incluyen un computador de marca Apple, una consola Nintendo Switch y prendas de vestir, tienen un valor aproximado de 3.000.000 de pesos. \u201cAl momento de la detenci\u00f3n del imputado mencionado, no se lograron incautar especies producto del delito, sin embargo, se lograron tener diversos antecedentes tendientes a realizar nuevas diligencias investigativas para lograr la ubicaci\u00f3n de estas\u201d, puntualiz\u00f3 el subcomisario Inostroza.<\/p>\n<p style=\"text-align: justify;\">Por su parte el fiscal subrogante de la Fiscal\u00eda Local de Coyhaique, Eduardo Esc\u00e1rate, inform\u00f3 que el imputado fue formalizado a mediod\u00eda de este viernes, ante el Juzgado de Garant\u00eda, por el delito de robo en lugar habitado. En la instancia, el Ministerio P\u00fablico solicit\u00f3 la prisi\u00f3n preventiva del sujeto, medida cautelar que no fue acogida por el tribunal, a ra\u00edz de lo cual la Fiscal\u00eda apel\u00f3 verbalmente por lo que ser\u00e1 la Ilustr\u00edsima Corte de Apelaciones de Coyhaique la que resuelva sobre el tema.<\/p>\n<p style=\"text-align: justify;\"><strong>\u00a0<\/strong><\/p>\n<\/div><\/section><\/div><\/p>\n<div  style='height:50px' class='hr hr-invisible   avia-builder-el-6  el_after_av_one_full  el_before_av_social_share '><span class='hr-inner ' ><span class='hr-inner-style'><\/span><\/span><\/div>\n<div  class='av-social-sharing-box  avia-builder-el-7  el_after_av_hr  el_before_av_hr  '><div class='av-share-box'><h5 class='av-share-link-description av-no-toc '>Compartir esta noticia<\/h5><ul class='av-share-box-list noLightbox'><li class='av-share-link av-social-link-facebook' ><a target=\"_blank\" aria-label=\"Compartir en Facebook\" href='https:\/\/www.facebook.com\/sharer.php?u=https:\/\/radiorevelacionfm.cl\/?p=34277&#038;t=PDI%20detuvo%20a%20presunto%20autor%20de%20robo%20ocurrido%20en%20enero%20en%20sector%20Cerro%20Negro%20de%20Coyhaique' aria-hidden='false' data-av_icon='\ue8f3' data-av_iconfont='entypo-fontello' title='' data-avia-related-tooltip='Compartir en Facebook' rel=\"noopener\"><span class='avia_hidden_link_text'>Compartir en Facebook<\/span><\/a><\/li><li class='av-share-link av-social-link-twitter' ><a target=\"_blank\" aria-label=\"Compartir en Twitter\" href='https:\/\/twitter.com\/share?text=PDI%20detuvo%20a%20presunto%20autor%20de%20robo%20ocurrido%20en%20enero%20en%20sector%20Cerro%20Negro%20de%20Coyhaique&#038;url=https:\/\/radiorevelacionfm.cl\/?p=34277' aria-hidden='false' data-av_icon='\ue8f1' data-av_iconfont='entypo-fontello' title='' data-avia-related-tooltip='Compartir en Twitter' rel=\"noopener\"><span class='avia_hidden_link_text'>Compartir en Twitter<\/span><\/a><\/li><li class='av-share-link av-social-link-whatsapp' ><a target=\"_blank\" aria-label=\"Compartir en Whatsapp\" href='https:\/\/api.whatsapp.com\/send?text=https:\/\/radiorevelacionfm.cl\/?p=34277' aria-hidden='false' data-av_icon='\uf232' data-av_iconfont='entypo-fontello' title='' data-avia-related-tooltip='Compartir en Whatsapp' rel=\"noopener\"><span class='avia_hidden_link_text'>Compartir en Whatsapp<\/span><\/a><\/li><li class='av-share-link av-social-link-linkedin' ><a target=\"_blank\" aria-label=\"Compartir en LinkedIn\" href='https:\/\/linkedin.com\/shareArticle?mini=true&#038;title=PDI%20detuvo%20a%20presunto%20autor%20de%20robo%20ocurrido%20en%20enero%20en%20sector%20Cerro%20Negro%20de%20Coyhaique&#038;url=https:\/\/radiorevelacionfm.cl\/?p=34277' aria-hidden='false' data-av_icon='\ue8fc' data-av_iconfont='entypo-fontello' title='' data-avia-related-tooltip='Compartir en LinkedIn' rel=\"noopener\"><span class='avia_hidden_link_text'>Compartir en LinkedIn<\/span><\/a><\/li><li class='av-share-link av-social-link-mail' ><a  aria-label=\"Compartir por correo\" href='mailto:?subject=PDI%20detuvo%20a%20presunto%20autor%20de%20robo%20ocurrido%20en%20enero%20en%20sector%20Cerro%20Negro%20de%20Coyhaique&#038;body=https:\/\/radiorevelacionfm.cl\/?p=34277' aria-hidden='false' data-av_icon='\ue805' data-av_iconfont='entypo-fontello' title='' data-avia-related-tooltip='Compartir por correo'><span class='avia_hidden_link_text'>Compartir por correo<\/span><\/a><\/li><\/ul><\/div><\/div>\n<div  style='height:50px' class='hr hr-invisible   avia-builder-el-8  el_after_av_social_share  el_before_av_comments_list '><span class='hr-inner ' ><span class='hr-inner-style'><\/span><\/span><\/div>\n<div  class='av-buildercomment  av-blog-meta-html-info-disabled av-blog-meta-tag-disabled  '><\/div>\n","protected":false},"excerpt":{"rendered":"","protected":false},"author":1,"featured_media":6578,"comment_status":"open","ping_status":"open","sticky":false,"template":"","format":"standard","meta":{"footnotes":""},"categories":[36],"tags":[],"class_list":["post-34277","post","type-post","status-publish","format-standard","has-post-thumbnail","hentry","category-policial"],"jetpack_featured_media_url":"https:\/\/radiorevelacionfm.cl\/wp-content\/uploads\/2021\/07\/PDI-detencion1-1.jpg","_links":{"self":[{"href":"https:\/\/radiorevelacionfm.cl\/index.php?rest_route=\/wp\/v2\/posts\/34277","targetHints":{"allow":["GET"]}}],"collection":[{"href":"https:\/\/radiorevelacionfm.cl\/index.php?rest_route=\/wp\/v2\/posts"}],"about":[{"href":"https:\/\/radiorevelacionfm.cl\/index.php?rest_route=\/wp\/v2\/types\/post"}],"author":[{"embeddable":true,"href":"https:\/\/radiorevelacionfm.cl\/index.php?rest_route=\/wp\/v2\/users\/1"}],"replies":[{"embeddable":true,"href":"https:\/\/radiorevelacionfm.cl\/index.php?rest_route=%2Fwp%2Fv2%2Fcomments&post=34277"}],"version-history":[{"count":2,"href":"https:\/\/radiorevelacionfm.cl\/index.php?rest_route=\/wp\/v2\/posts\/34277\/revisions"}],"predecessor-version":[{"id":34279,"href":"https:\/\/radiorevelacionfm.cl\/index.php?rest_route=\/wp\/v2\/posts\/34277\/revisions\/34279"}],"wp:featuredmedia":[{"embeddable":true,"href":"https:\/\/radiorevelacionfm.cl\/index.php?rest_route=\/wp\/v2\/media\/6578"}],"wp:attachment":[{"href":"https:\/\/radiorevelacionfm.cl\/index.php?rest_route=%2Fwp%2Fv2%2Fmedia&parent=34277"}],"wp:term":[{"taxonomy":"category","embeddable":true,"href":"https:\/\/radiorevelacionfm.cl\/index.php?rest_route=%2Fwp%2Fv2%2Fcategories&post=34277"},{"taxonomy":"post_tag","embeddable":true,"href":"https:\/\/radiorevelacionfm.cl\/index.php?rest_route=%2Fwp%2Fv2%2Ftags&post=34277"}],"curies":[{"name":"wp","href":"https:\/\/api.w.org\/{rel}","templated":true}]}}