{"id":34274,"date":"2023-08-26T13:35:15","date_gmt":"2023-08-26T16:35:15","guid":{"rendered":"https:\/\/radiorevelacionfm.cl\/?p=34274"},"modified":"2023-08-26T13:35:15","modified_gmt":"2023-08-26T16:35:15","slug":"mas-de-40-iniciativas-sociales-de-municipios-podran-ser-financiadas-tras-aprobarse-modificacion-del-8-del-fndr","status":"publish","type":"post","link":"https:\/\/radiorevelacionfm.cl\/?p=34274","title":{"rendered":"M\u00e1s de 40 iniciativas sociales de municipios podr\u00e1n ser financiadas tras aprobarse modificaci\u00f3n del 8% del FNDR"},"content":{"rendered":"<div class=\"flex_column av_one_full  flex_column_div av-zero-column-padding first  avia-builder-el-0  el_before_av_one_full  avia-builder-el-first  \" style='border-radius:0px; '><div  class='avia-image-container  av-styling-    avia-builder-el-1  avia-builder-el-no-sibling  avia-align-center '  itemprop=\"image\" itemscope=\"itemscope\" itemtype=\"https:\/\/schema.org\/ImageObject\"  ><div class='avia-image-container-inner'><div class='avia-image-overlay-wrap'><img decoding=\"async\" class='wp-image-34275 avia-img-lazy-loading-not-34275 avia_image' src=\"https:\/\/radiorevelacionfm.cl\/wp-content\/uploads\/2023\/08\/pleno-25-agosto-4-1_optimized.jpeg\" alt='' title='pleno-25-agosto-4-(1)_optimized' height=\"600\" width=\"1067\"  itemprop=\"thumbnailUrl\" srcset=\"https:\/\/radiorevelacionfm.cl\/wp-content\/uploads\/2023\/08\/pleno-25-agosto-4-1_optimized.jpeg 1067w, https:\/\/radiorevelacionfm.cl\/wp-content\/uploads\/2023\/08\/pleno-25-agosto-4-1_optimized-300x169.jpeg 300w, https:\/\/radiorevelacionfm.cl\/wp-content\/uploads\/2023\/08\/pleno-25-agosto-4-1_optimized-1030x579.jpeg 1030w, https:\/\/radiorevelacionfm.cl\/wp-content\/uploads\/2023\/08\/pleno-25-agosto-4-1_optimized-768x432.jpeg 768w, https:\/\/radiorevelacionfm.cl\/wp-content\/uploads\/2023\/08\/pleno-25-agosto-4-1_optimized-705x396.jpeg 705w, https:\/\/radiorevelacionfm.cl\/wp-content\/uploads\/2023\/08\/pleno-25-agosto-4-1_optimized-450x253.jpeg 450w, https:\/\/radiorevelacionfm.cl\/wp-content\/uploads\/2023\/08\/pleno-25-agosto-4-1_optimized-600x337.jpeg 600w\" sizes=\"(max-width: 1067px) 100vw, 1067px\" \/><\/div><\/div><\/div><\/div><div class=\"flex_column av_one_full  flex_column_div av-zero-column-padding first  avia-builder-el-2  el_after_av_one_full  el_before_av_one_full  column-top-margin\" style='border-radius:0px; '><section class=\"av_textblock_section \"  itemscope=\"itemscope\" itemtype=\"https:\/\/schema.org\/BlogPosting\" itemprop=\"blogPost\" ><div class='avia_textblock  '   itemprop=\"text\" ><p style=\"text-align: center;\"><strong><span style=\"font-size: 18pt;\">M\u00e1s de 40 iniciativas sociales de municipios podr\u00e1n ser financiadas tras aprobarse modificaci\u00f3n del 8% del FNDR<\/span><\/strong><\/p>\n<div id=\"gtx-trans\" style=\"position: absolute; left: -50px; top: 4.31534px;\">\n<div class=\"gtx-trans-icon\"><\/div>\n<\/div>\n<\/div><\/section><\/div><div class=\"flex_column av_one_full  flex_column_div av-zero-column-padding first  avia-builder-el-4  el_after_av_one_full  el_before_av_hr  column-top-margin\" style='border-radius:0px; '><section class=\"av_textblock_section \"  itemscope=\"itemscope\" itemtype=\"https:\/\/schema.org\/BlogPosting\" itemprop=\"blogPost\" ><div class='avia_textblock  '   itemprop=\"text\" ><p dir=\"ltr\" style=\"text-align: justify;\">En la sesi\u00f3n de este viernes, el Pleno del Consejo Regional aprob\u00f3 una modificaci\u00f3n del marco presupuestario del 8% del Fondo Nacional de Desarrollo Regional (FNDR), con lo que el Gobierno Regional podr\u00e1 disponer de los fondos para instituciones p\u00fablicas que no fueron adjudicados en el concurso, y as\u00ed financiar iniciativas sociales levantadas por las diez municipalidades de la regi\u00f3n.<\/p>\n<p dir=\"ltr\" style=\"text-align: justify;\">\u00bfQu\u00e9 significa esto? Seg\u00fan explic\u00f3 la Gobernadora Regional y presidenta del Pleno del Consejo Regional, Andrea Mac\u00edas Palma, \u00absignifica que en el marco del concurso del 8% quedaron recursos para instituciones p\u00fablicas que no fueron ejecutados, los cuales, en esta ocasi\u00f3n, se autoriza para que sean utilizados en la realizaci\u00f3n de cerca de 40 actividades que van a realizar los municipios\u00bb.<\/p>\n<p dir=\"ltr\" style=\"text-align: justify;\">Uno de los alcaldes que asisti\u00f3 a la Comisi\u00f3n de Desarrollo Social, Cultural y Deportivo del d\u00eda jueves, donde se discuti\u00f3 esta modificaci\u00f3n del 8% que beneficia principalmente a los municipios, fue Marcos Silva. \u00abNosotros tenemos tres iniciativas, y hoy se plantea que se va a poder aumentar el presupuesto para esas iniciativas. Tenemos el operativo m\u00e9dico del S\u00f3tero del R\u00edo, que es este fin de semana, tenemos una iniciativa podol\u00f3gica y la Fiesta del Erizo (&#8230;) para nosotros como Municipalidad de Guaitecas, cualquier recurso que hoy nos llegue, por m\u00ednimo que sea, es importante, porque lo que m\u00e1s nos falta son recursos para levantar proyectos en la comuna\u00bb, plante\u00f3 la autoridad local.<\/p>\n<p dir=\"ltr\" style=\"text-align: justify;\">Espec\u00edficamente, la propuesta del Ejecutivo regional, que obtuvo el visto bueno de la totalidad del Consejo, contempla un incremento de los fondos del 8% que se utilizan para otorgar asignaciones directas a entidades p\u00fablicas, por un monto de m\u00e1s de 415 millones de pesos. De esta manera, los municipios podr\u00e1n obtener financiamiento para las actividades sociales, culturales, deportivas que ten\u00edan pendientes, traspasando este apoyo directo a sus comunidades. Por ejemplo, en Coyhaique, quienes se manifestaron muy contentos con la medida fueron las y los fonderos.<\/p>\n<p dir=\"ltr\" style=\"text-align: justify;\">\u00abUna fonda, que antiguamente nosotros pag\u00e1bamos s\u00f3lo el permiso, este a\u00f1o ten\u00edamos que pagar tres millones y fracci\u00f3n, y eso para un fondero, un ramadero, o cualquier comerciante peque\u00f1o, a estas alturas es casi imposible, tambi\u00e9n para los puestos m\u00e1s peque\u00f1os, que ven en esta ocasi\u00f3n una oportunidad para generar ingresos. Entonces, nos favoreci\u00f3 totalmente porque nos inyectaron fondos a nosotros para disminuir estos costos, as\u00ed que estamos felices, contentos y no esper\u00e1bamos menos\u00bb, Roxana Espa\u00f1a, Agrupaci\u00f3n de Fonderos y Ramaderos de Coyhaique.<\/p>\n<p dir=\"ltr\" style=\"text-align: justify;\">Adem\u00e1s de lo anterior, lo aprobado por el \u00f3rgano colegiado tambi\u00e9n establece un aumento de casi 100 millones de pesos en los fondos destinados para otorgar asignaciones directas a organizaciones privadas sin fines de lucro, como juntas de vecinos, clubes deportivos, agrupaciones culturales, etc.<\/p>\n<p dir=\"ltr\" style=\"text-align: justify;\">\u00abSe ha hecho esta modificaci\u00f3n, hay un recurso que va a bajar a trav\u00e9s de los municipios, pero para generar acciones y actividades con organizaciones de la regi\u00f3n, como as\u00ed tambi\u00e9n queda un saldo para algunas organizaciones que han solicitado en forma permanente la necesidad de poder respaldarlos, ya sea en actividades culturales, deportivas y sociales\u00bb, recalc\u00f3 el Consejero Regional Sergio Gonz\u00e1lez.<\/p>\n<\/div><\/section><\/div><div  style='height:50px' class='hr hr-invisible   avia-builder-el-6  el_after_av_one_full  el_before_av_social_share '><span class='hr-inner ' ><span class='hr-inner-style'><\/span><\/span><\/div><\/p>\n<div  class='av-social-sharing-box  avia-builder-el-7  el_after_av_hr  el_before_av_hr  '><div class='av-share-box'><h5 class='av-share-link-description av-no-toc '>Compartir esta noticia<\/h5><ul class='av-share-box-list noLightbox'><li class='av-share-link av-social-link-facebook' ><a target=\"_blank\" aria-label=\"Compartir en Facebook\" href='https:\/\/www.facebook.com\/sharer.php?u=https:\/\/radiorevelacionfm.cl\/?p=34274&#038;t=M%C3%A1s%20de%2040%20iniciativas%20sociales%20de%20municipios%20podr%C3%A1n%20ser%20financiadas%20tras%20aprobarse%20modificaci%C3%B3n%20del%208%25%20del%20FNDR' aria-hidden='false' data-av_icon='\ue8f3' data-av_iconfont='entypo-fontello' title='' data-avia-related-tooltip='Compartir en Facebook' rel=\"noopener\"><span class='avia_hidden_link_text'>Compartir en Facebook<\/span><\/a><\/li><li class='av-share-link av-social-link-twitter' ><a target=\"_blank\" aria-label=\"Compartir en Twitter\" href='https:\/\/twitter.com\/share?text=M%C3%A1s%20de%2040%20iniciativas%20sociales%20de%20municipios%20podr%C3%A1n%20ser%20financiadas%20tras%20aprobarse%20modificaci%C3%B3n%20del%208%25%20del%20FNDR&#038;url=https:\/\/radiorevelacionfm.cl\/?p=34274' aria-hidden='false' data-av_icon='\ue8f1' data-av_iconfont='entypo-fontello' title='' data-avia-related-tooltip='Compartir en Twitter' rel=\"noopener\"><span class='avia_hidden_link_text'>Compartir en Twitter<\/span><\/a><\/li><li class='av-share-link av-social-link-whatsapp' ><a target=\"_blank\" aria-label=\"Compartir en Whatsapp\" href='https:\/\/api.whatsapp.com\/send?text=https:\/\/radiorevelacionfm.cl\/?p=34274' aria-hidden='false' data-av_icon='\uf232' data-av_iconfont='entypo-fontello' title='' data-avia-related-tooltip='Compartir en Whatsapp' rel=\"noopener\"><span class='avia_hidden_link_text'>Compartir en Whatsapp<\/span><\/a><\/li><li class='av-share-link av-social-link-linkedin' ><a target=\"_blank\" aria-label=\"Compartir en LinkedIn\" href='https:\/\/linkedin.com\/shareArticle?mini=true&#038;title=M%C3%A1s%20de%2040%20iniciativas%20sociales%20de%20municipios%20podr%C3%A1n%20ser%20financiadas%20tras%20aprobarse%20modificaci%C3%B3n%20del%208%25%20del%20FNDR&#038;url=https:\/\/radiorevelacionfm.cl\/?p=34274' aria-hidden='false' data-av_icon='\ue8fc' data-av_iconfont='entypo-fontello' title='' data-avia-related-tooltip='Compartir en LinkedIn' rel=\"noopener\"><span class='avia_hidden_link_text'>Compartir en LinkedIn<\/span><\/a><\/li><li class='av-share-link av-social-link-mail' ><a  aria-label=\"Compartir por correo\" href='mailto:?subject=M%C3%A1s%20de%2040%20iniciativas%20sociales%20de%20municipios%20podr%C3%A1n%20ser%20financiadas%20tras%20aprobarse%20modificaci%C3%B3n%20del%208%25%20del%20FNDR&#038;body=https:\/\/radiorevelacionfm.cl\/?p=34274' aria-hidden='false' data-av_icon='\ue805' data-av_iconfont='entypo-fontello' title='' data-avia-related-tooltip='Compartir por correo'><span class='avia_hidden_link_text'>Compartir por correo<\/span><\/a><\/li><\/ul><\/div><\/div>\n<div  style='height:50px' class='hr hr-invisible   avia-builder-el-8  el_after_av_social_share  el_before_av_comments_list '><span class='hr-inner ' ><span class='hr-inner-style'><\/span><\/span><\/div>\n<div  class='av-buildercomment  av-blog-meta-html-info-disabled av-blog-meta-tag-disabled  '><\/div>\n","protected":false},"excerpt":{"rendered":"","protected":false},"author":1,"featured_media":34275,"comment_status":"open","ping_status":"open","sticky":false,"template":"","format":"standard","meta":{"footnotes":""},"categories":[38],"tags":[],"class_list":["post-34274","post","type-post","status-publish","format-standard","has-post-thumbnail","hentry","category-regional"],"jetpack_featured_media_url":"https:\/\/radiorevelacionfm.cl\/wp-content\/uploads\/2023\/08\/pleno-25-agosto-4-1_optimized.jpeg","_links":{"self":[{"href":"https:\/\/radiorevelacionfm.cl\/index.php?rest_route=\/wp\/v2\/posts\/34274","targetHints":{"allow":["GET"]}}],"collection":[{"href":"https:\/\/radiorevelacionfm.cl\/index.php?rest_route=\/wp\/v2\/posts"}],"about":[{"href":"https:\/\/radiorevelacionfm.cl\/index.php?rest_route=\/wp\/v2\/types\/post"}],"author":[{"embeddable":true,"href":"https:\/\/radiorevelacionfm.cl\/index.php?rest_route=\/wp\/v2\/users\/1"}],"replies":[{"embeddable":true,"href":"https:\/\/radiorevelacionfm.cl\/index.php?rest_route=%2Fwp%2Fv2%2Fcomments&post=34274"}],"version-history":[{"count":1,"href":"https:\/\/radiorevelacionfm.cl\/index.php?rest_route=\/wp\/v2\/posts\/34274\/revisions"}],"predecessor-version":[{"id":34276,"href":"https:\/\/radiorevelacionfm.cl\/index.php?rest_route=\/wp\/v2\/posts\/34274\/revisions\/34276"}],"wp:featuredmedia":[{"embeddable":true,"href":"https:\/\/radiorevelacionfm.cl\/index.php?rest_route=\/wp\/v2\/media\/34275"}],"wp:attachment":[{"href":"https:\/\/radiorevelacionfm.cl\/index.php?rest_route=%2Fwp%2Fv2%2Fmedia&parent=34274"}],"wp:term":[{"taxonomy":"category","embeddable":true,"href":"https:\/\/radiorevelacionfm.cl\/index.php?rest_route=%2Fwp%2Fv2%2Fcategories&post=34274"},{"taxonomy":"post_tag","embeddable":true,"href":"https:\/\/radiorevelacionfm.cl\/index.php?rest_route=%2Fwp%2Fv2%2Ftags&post=34274"}],"curies":[{"name":"wp","href":"https:\/\/api.w.org\/{rel}","templated":true}]}}