{"id":34270,"date":"2023-08-26T12:36:45","date_gmt":"2023-08-26T15:36:45","guid":{"rendered":"https:\/\/radiorevelacionfm.cl\/?p=34270"},"modified":"2023-08-26T12:36:45","modified_gmt":"2023-08-26T15:36:45","slug":"bienes-nacionales-concreto-transferencia-gratuita-de-terreno-utilizado-como-vertedero-en-melinka","status":"publish","type":"post","link":"https:\/\/radiorevelacionfm.cl\/?p=34270","title":{"rendered":"Bienes Nacionales concret\u00f3 transferencia gratuita de terreno utilizado como vertedero en Melinka"},"content":{"rendered":"<div class=\"flex_column av_one_full  flex_column_div av-zero-column-padding first  avia-builder-el-0  el_before_av_one_full  avia-builder-el-first  \" style='border-radius:0px; '><div  class='avia-image-container  av-styling-    avia-builder-el-1  avia-builder-el-no-sibling  avia-align-center '  itemprop=\"image\" itemscope=\"itemscope\" itemtype=\"https:\/\/schema.org\/ImageObject\"  ><div class='avia-image-container-inner'><div class='avia-image-overlay-wrap'><img decoding=\"async\" class='wp-image-34272 avia-img-lazy-loading-not-34272 avia_image' src=\"https:\/\/radiorevelacionfm.cl\/wp-content\/uploads\/2023\/08\/IMG_6279-1-1.jpeg\" alt='' title='IMG_6279 (1) (1)' height=\"600\" width=\"925\"  itemprop=\"thumbnailUrl\" srcset=\"https:\/\/radiorevelacionfm.cl\/wp-content\/uploads\/2023\/08\/IMG_6279-1-1.jpeg 925w, https:\/\/radiorevelacionfm.cl\/wp-content\/uploads\/2023\/08\/IMG_6279-1-1-300x195.jpeg 300w, https:\/\/radiorevelacionfm.cl\/wp-content\/uploads\/2023\/08\/IMG_6279-1-1-768x498.jpeg 768w, https:\/\/radiorevelacionfm.cl\/wp-content\/uploads\/2023\/08\/IMG_6279-1-1-705x457.jpeg 705w, https:\/\/radiorevelacionfm.cl\/wp-content\/uploads\/2023\/08\/IMG_6279-1-1-450x292.jpeg 450w, https:\/\/radiorevelacionfm.cl\/wp-content\/uploads\/2023\/08\/IMG_6279-1-1-600x389.jpeg 600w\" sizes=\"(max-width: 925px) 100vw, 925px\" \/><\/div><\/div><\/div><\/div><div class=\"flex_column av_one_full  flex_column_div av-zero-column-padding first  avia-builder-el-2  el_after_av_one_full  el_before_av_one_full  column-top-margin\" style='border-radius:0px; '><section class=\"av_textblock_section \"  itemscope=\"itemscope\" itemtype=\"https:\/\/schema.org\/BlogPosting\" itemprop=\"blogPost\" ><div class='avia_textblock  '   itemprop=\"text\" ><p style=\"text-align: center;\"><span style=\"font-size: 18pt;\"><strong>Bienes Nacionales concret\u00f3 transferencia gratuita de terreno utilizado como vertedero en Melinka<\/strong><\/span><\/p>\n<div id=\"gtx-trans\" style=\"position: absolute; left: -50px; top: 4.31534px;\">\n<div class=\"gtx-trans-icon\"><\/div>\n<\/div>\n<\/div><\/section><\/div><div class=\"flex_column av_one_full  flex_column_div av-zero-column-padding first  avia-builder-el-4  el_after_av_one_full  el_before_av_hr  column-top-margin\" style='border-radius:0px; '><section class=\"av_textblock_section \"  itemscope=\"itemscope\" itemtype=\"https:\/\/schema.org\/BlogPosting\" itemprop=\"blogPost\" ><div class='avia_textblock  '   itemprop=\"text\" ><p style=\"text-align: justify;\">Un hito relevante para la comuna de Guaitecas se vivi\u00f3 hace algunos d\u00edas, ya que el alcalde Marcos Silva en compa\u00f1\u00eda de la Seremi de Bienes Nacionales, Irina Morend, estamparon sus firmas en las escrituras que dan cuenta del compromiso del Ministerio de Bienes Nacionales de transferir gratuitamente al municipio, el inmueble fiscal utilizado como vertedero comunal.<\/p>\n<p style=\"text-align: justify;\">Se trata del terreno de aproximadamente 11 hect\u00e1reas ubicado en el Km. 4 del camino que une Melinka a Repollal, en el cual se mantiene el vertedero local, ocupaci\u00f3n que no se hab\u00eda regularizado y que hoy, tras contar con autorizaci\u00f3n del Ministerio de Bienes Nacionales, se concreta la transferencia gratuita del dominio, lo que permitir\u00e1 que la Municipalidad pueda satisfacer la demanda de saneamiento ambiental a trav\u00e9s de la gesti\u00f3n de residuos s\u00f3lidos domiciliarios y asimilables, proyecto que fue destacado para aprobaci\u00f3n del tr\u00e1mite, por considerarse de positivo impacto para la comunidad de la isla de Melinka y alrededores.<\/p>\n<p style=\"text-align: justify;\">La decisi\u00f3n ministerial de otorgar el dominio del inmueble, fue destacada por la seremi de la cartera, Irina Morend Valdebenito, quien enfatiz\u00f3 \u201c\u2026nuestro Presidente y Ministra nos han mandatado a apoyar a los territorios, especialmente a las zonas m\u00e1s aisladas y lo que hemos hecho hoy, es firmar las escrituras junto con el alcalde para una transferencia gratuita, para que puedan concretar el proyecto de relleno sanitario que es una regularizaci\u00f3n de un terreno, pues ya ten\u00edan el vertedero y con esta transferencia se consolida el dominio en favor del municipio para que puedan concretar tanto dise\u00f1os e\u00a0 inversiones que puedan, para tener este relleno sanitario en norma, lo que beneficia a toda la comunidad de Guaitecas\u201d, acci\u00f3n que tambi\u00e9n el alcalde remarc\u00f3, indicando que \u201cla mirada que ha tenido esta administraci\u00f3n en el \u00e1mbito de la tenencia de la tierra responsable, creo que va en el camino correcto porque permite de alguna manera, que una comuna como la nuestra, donde todo es fiscal y donde no exist\u00eda una administraci\u00f3n como tal, tenga obviamente un trato distinto y que permita acelerar el tranco en esa direcci\u00f3n y hoy eso tiene frutos\u201d, expres\u00f3 Marcos Silva Miranda.<\/p>\n<p style=\"text-align: justify;\">Asimismo, el l\u00edder de la comuna isle\u00f1a manifest\u00f3 que el contar con el dominio de las 11 hect\u00e1reas del vertedero permitir\u00e1 que \u201cpodamos articularnos con otros entes que van a financiar mejoras. Necesitamos tener levantamiento de informaci\u00f3n y con recursos de Subdere vamos a tener prontamente 3 profesionales contratados para asistencias t\u00e9cnicas, por lo tanto, vamos avanzando de alguna manera en lo correcto\u201d, expres\u00f3 el alcalde.\u00a0 Al respecto, el proyecto contempla que posteriormente, el manejo de los residuos domiciliarios pueda mejorar y con eso, generar avance en materia medioambiental para los habitantes de la isla, algo destacado por la administraci\u00f3n local.<\/p>\n<p style=\"text-align: justify;\"><strong>Plan Especial Guaitecas<\/strong><\/p>\n<p style=\"text-align: justify;\">Ambas autoridades destacaron que esta acci\u00f3n del Ministerio de Bienes Nacionales tambi\u00e9n se enmarca en el objetivo de la mesa intersectorial que busca destrabar las problem\u00e1ticas que impiden el desarrollo de la comuna, la que ha sido denominada Plan Especial Guaitecas y que desde hace algunos meses sesiona con participaci\u00f3n de Municipalidad, Subdere, Bienes Nacionales y Minvu. En ese sentido, la seremi Irina Morend resalt\u00f3 \u201ccomo Bienes Nacionales tomamos un rol articulador en este Plan Especial Guaitecas y lo que buscamos es encontrar alternativas de soluci\u00f3n para mejorar, por una parte, la gesti\u00f3n de la administraci\u00f3n de la propiedad fiscal que beneficie a la comunidad, municipio y vecinos en general, encontrando puntos que no nos han permitido avanzar y que han sido obst\u00e1culos que buscamos destrabar, para adem\u00e1s, articular y conseguir recursos, de manera de ir resolviendo el desarrollo de la comuna. Nosotros desde nuestro rol de la gesti\u00f3n y administraci\u00f3n de la propiedad fiscal, proceso que lleva muchos a\u00f1os y que no se ha resuelto\u201d, expres\u00f3 la seremi.<\/p>\n<p style=\"text-align: justify;\">Por su parte, el alcalde Marcos Silva, se\u00f1al\u00f3 \u201cesta es una de las tareas que impulsamos en el Plan Especial Guaitecas, que se enmarca dentro de este trabajo mancomunado que hoy d\u00eda entrega esta tremenda herramienta \u2013transferencia- que nos permite regularizar este botadero de basura que lleva 13 a\u00f1os en funcionamiento y que hoy d\u00eda, con la nueva normativa, entendemos que la situaci\u00f3n medioambiental es compleja, por lo tanto, ordenar, estructurar y mejorar el manejo de los residuos en una comuna como la nuestra, evidentemente marca un antes y un despu\u00e9s porque somos una isla y necesitamos con urgencia intervenir este vertedero\u201d, sostuvo, relevando adem\u00e1s que, el tratamiento de residuos a lo largo del pa\u00eds debe ser considerado como una prioridad para las comunas, situaci\u00f3n que, por ejemplo, se complejiza de regularizar en zonas como Guaitecas por su caracter\u00edstica de aislamiento, por lo que resalt\u00f3 el apoyo del Ministerio de Bienes Nacionales, pues al otorgar el dominio del inmueble, se permite la gesti\u00f3n de los recursos necesarios para mejorar el manejo y disposici\u00f3n de los residuos domiciliarios de la isla.<\/p>\n<\/div><\/section><\/div><div  style='height:50px' class='hr hr-invisible   avia-builder-el-6  el_after_av_one_full  el_before_av_social_share '><span class='hr-inner ' ><span class='hr-inner-style'><\/span><\/span><\/div><\/p>\n<div  class='av-social-sharing-box  avia-builder-el-7  el_after_av_hr  el_before_av_hr  '><div class='av-share-box'><h5 class='av-share-link-description av-no-toc '>Compartir esta noticia<\/h5><ul class='av-share-box-list noLightbox'><li class='av-share-link av-social-link-facebook' ><a target=\"_blank\" aria-label=\"Compartir en Facebook\" href='https:\/\/www.facebook.com\/sharer.php?u=https:\/\/radiorevelacionfm.cl\/?p=34270&#038;t=Bienes%20Nacionales%20concret%C3%B3%20transferencia%20gratuita%20de%20terreno%20utilizado%20como%20vertedero%20en%20Melinka' aria-hidden='false' data-av_icon='\ue8f3' data-av_iconfont='entypo-fontello' title='' data-avia-related-tooltip='Compartir en Facebook' rel=\"noopener\"><span class='avia_hidden_link_text'>Compartir en Facebook<\/span><\/a><\/li><li class='av-share-link av-social-link-twitter' ><a target=\"_blank\" aria-label=\"Compartir en Twitter\" href='https:\/\/twitter.com\/share?text=Bienes%20Nacionales%20concret%C3%B3%20transferencia%20gratuita%20de%20terreno%20utilizado%20como%20vertedero%20en%20Melinka&#038;url=https:\/\/radiorevelacionfm.cl\/?p=34270' aria-hidden='false' data-av_icon='\ue8f1' data-av_iconfont='entypo-fontello' title='' data-avia-related-tooltip='Compartir en Twitter' rel=\"noopener\"><span class='avia_hidden_link_text'>Compartir en Twitter<\/span><\/a><\/li><li class='av-share-link av-social-link-whatsapp' ><a target=\"_blank\" aria-label=\"Compartir en Whatsapp\" href='https:\/\/api.whatsapp.com\/send?text=https:\/\/radiorevelacionfm.cl\/?p=34270' aria-hidden='false' data-av_icon='\uf232' data-av_iconfont='entypo-fontello' title='' data-avia-related-tooltip='Compartir en Whatsapp' rel=\"noopener\"><span class='avia_hidden_link_text'>Compartir en Whatsapp<\/span><\/a><\/li><li class='av-share-link av-social-link-linkedin' ><a target=\"_blank\" aria-label=\"Compartir en LinkedIn\" href='https:\/\/linkedin.com\/shareArticle?mini=true&#038;title=Bienes%20Nacionales%20concret%C3%B3%20transferencia%20gratuita%20de%20terreno%20utilizado%20como%20vertedero%20en%20Melinka&#038;url=https:\/\/radiorevelacionfm.cl\/?p=34270' aria-hidden='false' data-av_icon='\ue8fc' data-av_iconfont='entypo-fontello' title='' data-avia-related-tooltip='Compartir en LinkedIn' rel=\"noopener\"><span class='avia_hidden_link_text'>Compartir en LinkedIn<\/span><\/a><\/li><li class='av-share-link av-social-link-mail' ><a  aria-label=\"Compartir por correo\" href='mailto:?subject=Bienes%20Nacionales%20concret%C3%B3%20transferencia%20gratuita%20de%20terreno%20utilizado%20como%20vertedero%20en%20Melinka&#038;body=https:\/\/radiorevelacionfm.cl\/?p=34270' aria-hidden='false' data-av_icon='\ue805' data-av_iconfont='entypo-fontello' title='' data-avia-related-tooltip='Compartir por correo'><span class='avia_hidden_link_text'>Compartir por correo<\/span><\/a><\/li><\/ul><\/div><\/div>\n<div  style='height:50px' class='hr hr-invisible   avia-builder-el-8  el_after_av_social_share  el_before_av_comments_list '><span class='hr-inner ' ><span class='hr-inner-style'><\/span><\/span><\/div>\n<div  class='av-buildercomment  av-blog-meta-html-info-disabled av-blog-meta-tag-disabled  '><\/div>\n","protected":false},"excerpt":{"rendered":"","protected":false},"author":1,"featured_media":34272,"comment_status":"open","ping_status":"open","sticky":false,"template":"","format":"standard","meta":{"footnotes":""},"categories":[38],"tags":[],"class_list":["post-34270","post","type-post","status-publish","format-standard","has-post-thumbnail","hentry","category-regional"],"jetpack_featured_media_url":"https:\/\/radiorevelacionfm.cl\/wp-content\/uploads\/2023\/08\/IMG_6279-1-1.jpeg","_links":{"self":[{"href":"https:\/\/radiorevelacionfm.cl\/index.php?rest_route=\/wp\/v2\/posts\/34270","targetHints":{"allow":["GET"]}}],"collection":[{"href":"https:\/\/radiorevelacionfm.cl\/index.php?rest_route=\/wp\/v2\/posts"}],"about":[{"href":"https:\/\/radiorevelacionfm.cl\/index.php?rest_route=\/wp\/v2\/types\/post"}],"author":[{"embeddable":true,"href":"https:\/\/radiorevelacionfm.cl\/index.php?rest_route=\/wp\/v2\/users\/1"}],"replies":[{"embeddable":true,"href":"https:\/\/radiorevelacionfm.cl\/index.php?rest_route=%2Fwp%2Fv2%2Fcomments&post=34270"}],"version-history":[{"count":1,"href":"https:\/\/radiorevelacionfm.cl\/index.php?rest_route=\/wp\/v2\/posts\/34270\/revisions"}],"predecessor-version":[{"id":34273,"href":"https:\/\/radiorevelacionfm.cl\/index.php?rest_route=\/wp\/v2\/posts\/34270\/revisions\/34273"}],"wp:featuredmedia":[{"embeddable":true,"href":"https:\/\/radiorevelacionfm.cl\/index.php?rest_route=\/wp\/v2\/media\/34272"}],"wp:attachment":[{"href":"https:\/\/radiorevelacionfm.cl\/index.php?rest_route=%2Fwp%2Fv2%2Fmedia&parent=34270"}],"wp:term":[{"taxonomy":"category","embeddable":true,"href":"https:\/\/radiorevelacionfm.cl\/index.php?rest_route=%2Fwp%2Fv2%2Fcategories&post=34270"},{"taxonomy":"post_tag","embeddable":true,"href":"https:\/\/radiorevelacionfm.cl\/index.php?rest_route=%2Fwp%2Fv2%2Ftags&post=34270"}],"curies":[{"name":"wp","href":"https:\/\/api.w.org\/{rel}","templated":true}]}}