{"id":34257,"date":"2023-08-28T10:57:45","date_gmt":"2023-08-28T13:57:45","guid":{"rendered":"https:\/\/radiorevelacionfm.cl\/?p=34257"},"modified":"2023-08-28T10:57:45","modified_gmt":"2023-08-28T13:57:45","slug":"edelaysen-apoya-con-programa-liceos-electricos-a-estudiantes-tecnico-profesionales-de-la-region-de-aysen","status":"publish","type":"post","link":"https:\/\/radiorevelacionfm.cl\/?p=34257","title":{"rendered":"Edelaysen apoya con programa \u00abLiceos El\u00e9ctricos\u00bb a estudiantes t\u00e9cnico-profesionales de la Regi\u00f3n de Ays\u00e9n"},"content":{"rendered":"<div class=\"flex_column av_one_full  flex_column_div av-zero-column-padding first  avia-builder-el-0  el_before_av_one_full  avia-builder-el-first  \" style='border-radius:0px; '><div  class='avia-image-container  av-styling-    avia-builder-el-1  avia-builder-el-no-sibling  avia-align-center '  itemprop=\"image\" itemscope=\"itemscope\" itemtype=\"https:\/\/schema.org\/ImageObject\"  ><div class='avia-image-container-inner'><div class='avia-image-overlay-wrap'><img decoding=\"async\" class='wp-image-34258 avia-img-lazy-loading-not-34258 avia_image' src=\"https:\/\/radiorevelacionfm.cl\/wp-content\/uploads\/2023\/08\/image-2023-08-25t145132_optimized.700.jpg\" alt='' title='image---2023-08-25t145132_optimized.700' height=\"599\" width=\"1204\"  itemprop=\"thumbnailUrl\" srcset=\"https:\/\/radiorevelacionfm.cl\/wp-content\/uploads\/2023\/08\/image-2023-08-25t145132_optimized.700.jpg 1204w, https:\/\/radiorevelacionfm.cl\/wp-content\/uploads\/2023\/08\/image-2023-08-25t145132_optimized.700-300x149.jpg 300w, https:\/\/radiorevelacionfm.cl\/wp-content\/uploads\/2023\/08\/image-2023-08-25t145132_optimized.700-1030x512.jpg 1030w, https:\/\/radiorevelacionfm.cl\/wp-content\/uploads\/2023\/08\/image-2023-08-25t145132_optimized.700-768x382.jpg 768w, https:\/\/radiorevelacionfm.cl\/wp-content\/uploads\/2023\/08\/image-2023-08-25t145132_optimized.700-705x351.jpg 705w, https:\/\/radiorevelacionfm.cl\/wp-content\/uploads\/2023\/08\/image-2023-08-25t145132_optimized.700-450x224.jpg 450w, https:\/\/radiorevelacionfm.cl\/wp-content\/uploads\/2023\/08\/image-2023-08-25t145132_optimized.700-600x299.jpg 600w\" sizes=\"(max-width: 1204px) 100vw, 1204px\" \/><\/div><\/div><\/div><\/div><div class=\"flex_column av_one_full  flex_column_div av-zero-column-padding first  avia-builder-el-2  el_after_av_one_full  el_before_av_one_full  column-top-margin\" style='border-radius:0px; '><section class=\"av_textblock_section \"  itemscope=\"itemscope\" itemtype=\"https:\/\/schema.org\/BlogPosting\" itemprop=\"blogPost\" ><div class='avia_textblock  '   itemprop=\"text\" ><p style=\"text-align: center;\"><span style=\"font-size: 18pt;\"><b>Edelaysen apoya con programa \u00abLiceos El\u00e9ctricos\u00bb a estudiantes t\u00e9cnico-profesionales de la Regi\u00f3n de Ays\u00e9n<\/b><\/span><\/p>\n<div id=\"gtx-trans\" style=\"position: absolute; left: -50px; top: 4.31534px;\">\n<div class=\"gtx-trans-icon\"><\/div>\n<\/div>\n<\/div><\/section><\/div><div class=\"flex_column av_one_full  flex_column_div av-zero-column-padding first  avia-builder-el-4  el_after_av_one_full  el_before_av_hr  column-top-margin\" style='border-radius:0px; '><section class=\"av_textblock_section \"  itemscope=\"itemscope\" itemtype=\"https:\/\/schema.org\/BlogPosting\" itemprop=\"blogPost\" ><div class='avia_textblock  '   itemprop=\"text\" ><p class=\"v1MsoNormal\" style=\"text-align: justify;\">A trav\u00e9s de un intenso programa de acciones que buscan aportar valor a las comunidades y vecinos del sur de Chile, Edelaysen contin\u00faa ejecutando sus iniciativas de relacionamiento comunitario, entre las que destaca Liceos El\u00e9ctricos, cuyo enfoque es aportar a la educaci\u00f3n t\u00e9cnico profesional de la Regi\u00f3n de Ays\u00e9n, en establecimientos que cuentan con la especialidad el\u00e9ctrica.<\/p>\n<p class=\"v1MsoNormal\" style=\"text-align: justify;\">Este 26 de agosto se celebra el D\u00eda de la Educaci\u00f3n T\u00e9cnico Profesional, y es una instancia para destacar esta iniciativa que comenz\u00f3 a ejecutarse en el a\u00f1o 2016, en el\u00a0Liceo Agr\u00edcola de la Patagonia, de Coyhaique y en 2018 el Liceo Luisa Rabanal Palma, de Chile Chico. Al terminar el proceso,\u00a0los estudiantes y comunidad escolar reciben de parte de la empresa el\u00e9ctrica un patio de entrenamiento para el establecimiento. En el liceo de Coyhaique ya fue entregado y el de Chile Chico est\u00e1 en etapa de construcci\u00f3n.<\/p>\n<p class=\"v1MsoNormal\" style=\"text-align: justify;\">Ambos suman a 65 j\u00f3venes quienes fueron favorecidos con este programa,\u00a0que consiste en\u00a0charlas a cargo de personal de Edelaysen, entrega de elementos de Protecci\u00f3n Personal (EPP), y la instalaci\u00f3n de un patio de entrenamiento\u00a0para los alumnos.<\/p>\n<p class=\"v1MsoNormal\" style=\"text-align: justify;\">\u00abPara nosotros es muy importante el rol que cumplen\u00a0los liceos y colegios t\u00e9cnico-profesionales\u00a0en el sur de nuestro pa\u00eds, porque dan la opci\u00f3n a los j\u00f3venes de aprender un oficio, en este caso en el rubro el\u00e9ctrico, tema en el que a nosotros nos interesa aportar y apoyar a los estudiantes, profesores y comunidad educativa\u00bb, se\u00f1al\u00f3 Patricio Raimilla, jefe de Servicio al Cliente de Edelaysen.<\/p>\n<p class=\"v1MsoNormal\" style=\"text-align: justify;\">Cabe se\u00f1alar que muchos ex alumnos de estos liceos hoy trabajan en la empresa el\u00e9ctrica, ingresando a trav\u00e9s de la Escuela de Linieros, o\u00a0en\u00a0otras funciones dentro de la organizaci\u00f3n.<\/p>\n<p class=\"v1MsoNormal\" style=\"text-align: justify;\">El Programa Liceos El\u00e9ctricos\u00a0sigue ejecut\u00e1ndose entre los establecimientos con especialidad de electricidad\u00a0del sur, logrando capacitar desde 2016 como Grupo Saesa, a m\u00e1s de 980 estudiantes de\u00a0tercero y cuarto medio, gracias a la labor y al compromiso de decenas de trabajadores de Edelaysen, que apoyan esta iniciativa de manera voluntaria.<\/p>\n<\/div><\/section><\/div><div  style='height:50px' class='hr hr-invisible   avia-builder-el-6  el_after_av_one_full  el_before_av_social_share '><span class='hr-inner ' ><span class='hr-inner-style'><\/span><\/span><\/div><\/p>\n<div  class='av-social-sharing-box  avia-builder-el-7  el_after_av_hr  el_before_av_hr  '><div class='av-share-box'><h5 class='av-share-link-description av-no-toc '>Compartir esta noticia<\/h5><ul class='av-share-box-list noLightbox'><li class='av-share-link av-social-link-facebook' ><a target=\"_blank\" aria-label=\"Compartir en Facebook\" href='https:\/\/www.facebook.com\/sharer.php?u=https:\/\/radiorevelacionfm.cl\/?p=34257&#038;t=Edelaysen%20apoya%20con%20programa%20%C2%ABLiceos%20El%C3%A9ctricos%C2%BB%20a%20estudiantes%20t%C3%A9cnico-profesionales%20de%20la%20Regi%C3%B3n%20de%20Ays%C3%A9n' aria-hidden='false' data-av_icon='\ue8f3' data-av_iconfont='entypo-fontello' title='' data-avia-related-tooltip='Compartir en Facebook' rel=\"noopener\"><span class='avia_hidden_link_text'>Compartir en Facebook<\/span><\/a><\/li><li class='av-share-link av-social-link-twitter' ><a target=\"_blank\" aria-label=\"Compartir en Twitter\" href='https:\/\/twitter.com\/share?text=Edelaysen%20apoya%20con%20programa%20%C2%ABLiceos%20El%C3%A9ctricos%C2%BB%20a%20estudiantes%20t%C3%A9cnico-profesionales%20de%20la%20Regi%C3%B3n%20de%20Ays%C3%A9n&#038;url=https:\/\/radiorevelacionfm.cl\/?p=34257' aria-hidden='false' data-av_icon='\ue8f1' data-av_iconfont='entypo-fontello' title='' data-avia-related-tooltip='Compartir en Twitter' rel=\"noopener\"><span class='avia_hidden_link_text'>Compartir en Twitter<\/span><\/a><\/li><li class='av-share-link av-social-link-whatsapp' ><a target=\"_blank\" aria-label=\"Compartir en Whatsapp\" href='https:\/\/api.whatsapp.com\/send?text=https:\/\/radiorevelacionfm.cl\/?p=34257' aria-hidden='false' data-av_icon='\uf232' data-av_iconfont='entypo-fontello' title='' data-avia-related-tooltip='Compartir en Whatsapp' rel=\"noopener\"><span class='avia_hidden_link_text'>Compartir en Whatsapp<\/span><\/a><\/li><li class='av-share-link av-social-link-linkedin' ><a target=\"_blank\" aria-label=\"Compartir en LinkedIn\" href='https:\/\/linkedin.com\/shareArticle?mini=true&#038;title=Edelaysen%20apoya%20con%20programa%20%C2%ABLiceos%20El%C3%A9ctricos%C2%BB%20a%20estudiantes%20t%C3%A9cnico-profesionales%20de%20la%20Regi%C3%B3n%20de%20Ays%C3%A9n&#038;url=https:\/\/radiorevelacionfm.cl\/?p=34257' aria-hidden='false' data-av_icon='\ue8fc' data-av_iconfont='entypo-fontello' title='' data-avia-related-tooltip='Compartir en LinkedIn' rel=\"noopener\"><span class='avia_hidden_link_text'>Compartir en LinkedIn<\/span><\/a><\/li><li class='av-share-link av-social-link-mail' ><a  aria-label=\"Compartir por correo\" href='mailto:?subject=Edelaysen%20apoya%20con%20programa%20%C2%ABLiceos%20El%C3%A9ctricos%C2%BB%20a%20estudiantes%20t%C3%A9cnico-profesionales%20de%20la%20Regi%C3%B3n%20de%20Ays%C3%A9n&#038;body=https:\/\/radiorevelacionfm.cl\/?p=34257' aria-hidden='false' data-av_icon='\ue805' data-av_iconfont='entypo-fontello' title='' data-avia-related-tooltip='Compartir por correo'><span class='avia_hidden_link_text'>Compartir por correo<\/span><\/a><\/li><\/ul><\/div><\/div>\n<div  style='height:50px' class='hr hr-invisible   avia-builder-el-8  el_after_av_social_share  el_before_av_comments_list '><span class='hr-inner ' ><span class='hr-inner-style'><\/span><\/span><\/div>\n<div  class='av-buildercomment  av-blog-meta-html-info-disabled av-blog-meta-tag-disabled  '><\/div>\n","protected":false},"excerpt":{"rendered":"","protected":false},"author":1,"featured_media":34258,"comment_status":"open","ping_status":"open","sticky":false,"template":"","format":"standard","meta":{"footnotes":""},"categories":[38],"tags":[],"class_list":["post-34257","post","type-post","status-publish","format-standard","has-post-thumbnail","hentry","category-regional"],"jetpack_featured_media_url":"https:\/\/radiorevelacionfm.cl\/wp-content\/uploads\/2023\/08\/image-2023-08-25t145132_optimized.700.jpg","_links":{"self":[{"href":"https:\/\/radiorevelacionfm.cl\/index.php?rest_route=\/wp\/v2\/posts\/34257","targetHints":{"allow":["GET"]}}],"collection":[{"href":"https:\/\/radiorevelacionfm.cl\/index.php?rest_route=\/wp\/v2\/posts"}],"about":[{"href":"https:\/\/radiorevelacionfm.cl\/index.php?rest_route=\/wp\/v2\/types\/post"}],"author":[{"embeddable":true,"href":"https:\/\/radiorevelacionfm.cl\/index.php?rest_route=\/wp\/v2\/users\/1"}],"replies":[{"embeddable":true,"href":"https:\/\/radiorevelacionfm.cl\/index.php?rest_route=%2Fwp%2Fv2%2Fcomments&post=34257"}],"version-history":[{"count":1,"href":"https:\/\/radiorevelacionfm.cl\/index.php?rest_route=\/wp\/v2\/posts\/34257\/revisions"}],"predecessor-version":[{"id":34259,"href":"https:\/\/radiorevelacionfm.cl\/index.php?rest_route=\/wp\/v2\/posts\/34257\/revisions\/34259"}],"wp:featuredmedia":[{"embeddable":true,"href":"https:\/\/radiorevelacionfm.cl\/index.php?rest_route=\/wp\/v2\/media\/34258"}],"wp:attachment":[{"href":"https:\/\/radiorevelacionfm.cl\/index.php?rest_route=%2Fwp%2Fv2%2Fmedia&parent=34257"}],"wp:term":[{"taxonomy":"category","embeddable":true,"href":"https:\/\/radiorevelacionfm.cl\/index.php?rest_route=%2Fwp%2Fv2%2Fcategories&post=34257"},{"taxonomy":"post_tag","embeddable":true,"href":"https:\/\/radiorevelacionfm.cl\/index.php?rest_route=%2Fwp%2Fv2%2Ftags&post=34257"}],"curies":[{"name":"wp","href":"https:\/\/api.w.org\/{rel}","templated":true}]}}