{"id":34254,"date":"2023-08-25T15:55:35","date_gmt":"2023-08-25T18:55:35","guid":{"rendered":"https:\/\/radiorevelacionfm.cl\/?p=34254"},"modified":"2023-08-25T15:55:35","modified_gmt":"2023-08-25T18:55:35","slug":"confirman-traspaso-de-mas-de-127-millones-desde-el-ministerio-del-interior-para-generacion-energetica-en-las-guaitecas","status":"publish","type":"post","link":"https:\/\/radiorevelacionfm.cl\/?p=34254","title":{"rendered":"Confirman traspaso de m\u00e1s de 127 millones desde el Ministerio del Interior para generaci\u00f3n energ\u00e9tica en Las Guaitecas"},"content":{"rendered":"<div class=\"flex_column av_one_full  flex_column_div av-zero-column-padding first  avia-builder-el-0  el_before_av_one_full  avia-builder-el-first  \" style='border-radius:0px; '><div  class='avia-image-container  av-styling-    avia-builder-el-1  avia-builder-el-no-sibling  avia-align-center '  itemprop=\"image\" itemscope=\"itemscope\" itemtype=\"https:\/\/schema.org\/ImageObject\"  ><div class='avia-image-container-inner'><div class='avia-image-overlay-wrap'><img decoding=\"async\" class='wp-image-34255 avia-img-lazy-loading-not-34255 avia_image' src=\"https:\/\/radiorevelacionfm.cl\/wp-content\/uploads\/2023\/08\/Rodrigo-Araya-Delegado-Presidencial-Aysen-01-1-1.jpeg\" alt='' title='Rodrigo Araya, Delegado Presidencial Ays\u00e9n 01 (1) (1)' height=\"600\" width=\"900\"  itemprop=\"thumbnailUrl\" srcset=\"https:\/\/radiorevelacionfm.cl\/wp-content\/uploads\/2023\/08\/Rodrigo-Araya-Delegado-Presidencial-Aysen-01-1-1.jpeg 900w, https:\/\/radiorevelacionfm.cl\/wp-content\/uploads\/2023\/08\/Rodrigo-Araya-Delegado-Presidencial-Aysen-01-1-1-300x200.jpeg 300w, https:\/\/radiorevelacionfm.cl\/wp-content\/uploads\/2023\/08\/Rodrigo-Araya-Delegado-Presidencial-Aysen-01-1-1-768x512.jpeg 768w, https:\/\/radiorevelacionfm.cl\/wp-content\/uploads\/2023\/08\/Rodrigo-Araya-Delegado-Presidencial-Aysen-01-1-1-705x470.jpeg 705w, https:\/\/radiorevelacionfm.cl\/wp-content\/uploads\/2023\/08\/Rodrigo-Araya-Delegado-Presidencial-Aysen-01-1-1-450x300.jpeg 450w, https:\/\/radiorevelacionfm.cl\/wp-content\/uploads\/2023\/08\/Rodrigo-Araya-Delegado-Presidencial-Aysen-01-1-1-600x400.jpeg 600w\" sizes=\"(max-width: 900px) 100vw, 900px\" \/><\/div><\/div><\/div><\/div><div class=\"flex_column av_one_full  flex_column_div av-zero-column-padding first  avia-builder-el-2  el_after_av_one_full  el_before_av_one_full  column-top-margin\" style='border-radius:0px; '><section class=\"av_textblock_section \"  itemscope=\"itemscope\" itemtype=\"https:\/\/schema.org\/BlogPosting\" itemprop=\"blogPost\" ><div class='avia_textblock  '   itemprop=\"text\" ><p style=\"text-align: center;\"><strong><span style=\"font-size: 18pt;\">Confirman traspaso de m\u00e1s de 127 millones desde el Ministerio del Interior para generaci\u00f3n energ\u00e9tica en Las Guaitecas<\/span><\/strong><\/p>\n<div id=\"gtx-trans\" style=\"position: absolute; left: -50px; top: 4.31534px;\">\n<div class=\"gtx-trans-icon\"><\/div>\n<\/div>\n<\/div><\/section><\/div><div class=\"flex_column av_one_full  flex_column_div av-zero-column-padding first  avia-builder-el-4  el_after_av_one_full  el_before_av_hr  column-top-margin\" style='border-radius:0px; '><section class=\"av_textblock_section \"  itemscope=\"itemscope\" itemtype=\"https:\/\/schema.org\/BlogPosting\" itemprop=\"blogPost\" ><div class='avia_textblock  '   itemprop=\"text\" ><p style=\"font-weight: 400; text-align: justify;\">El Delegado Presidencial Regional de Ays\u00e9n, Rodrigo Araya Morales, confirm\u00f3 este viernes el traspaso de m\u00e1s de 127 millones de pesos de Fondos de Emergencia del Ministerio del Interior para la generaci\u00f3n energ\u00e9tica en Las Guaitecas, en el litoral norte de la Regi\u00f3n de Ays\u00e9n.<\/p>\n<p style=\"font-weight: 400; text-align: justify;\">Los recursos fueron gestionados en el marco de la alerta amarilla decretada por Senapred, con el objetivo de solventar el combustible requerido para dos meses de suministro energ\u00e9tico para la comunidad, como se concord\u00f3 con el alcalde Marcos Silva.<\/p>\n<p style=\"font-weight: 400; text-align: justify;\">\u201cAportar recursos econ\u00f3micos para que puedan tener abastecimiento de combustible. Estimamos alrededor de 89 mil litros para cerca de dos meses de abastecimiento de combustible para la generaci\u00f3n el\u00e9ctrica, per\u00edodo en el cual esperamos que el municipio pueda resolver todos los temas administrativos que tiene con el Gobierno Regional y Contralor\u00eda para tener la segunda cuota del subsidio el\u00e9ctrico que necesitan para el resto del a\u00f1o. Esperamos que con esto podamos resolver la situaci\u00f3n de emergencia para la comunidad de Guaitecas\u201d, detall\u00f3 Rodrigo Araya.<\/p>\n<p style=\"font-weight: 400; text-align: justify;\">De forma paralela a los Fondos de Emergencia, la Direcci\u00f3n de Obras Hidr\u00e1ulicas del MOP inspeccion\u00f3 todo el sistema del Servicio Sanitario Rural (SSR-MOP), que abastece a m\u00e1s de 1.700 personas, y que se encuentra normalizado.<\/p>\n<p style=\"font-weight: 400; text-align: justify;\">\u201cSe hizo una evaluaci\u00f3n exhaustiva por parte de la Seremi de Salud y Direcci\u00f3n de Obras Hidr\u00e1ulicas para establecer mecanismos que pudieran ayudar al abastecimiento. La Direcci\u00f3n de Obras Hidr\u00e1ulicas trabaj\u00f3 en mejorar el sistema de flujo de aguas, considerando bombas, ca\u00f1er\u00edas, mantenci\u00f3n, y anunci\u00f3 una serie de inversiones que se van a hacer este a\u00f1o y el pr\u00f3ximo para dejar el abastecimiento de agua potable en la comuna. La autoridad sanitaria emiti\u00f3 un informe y un riesgo de alerta sanitaria producto de esta situaci\u00f3n, con lo cual nosotros con Senapred pudimos declarar una alerta amarilla en la comuna de Guaitecas\u201d, precis\u00f3.<\/p>\n<p style=\"font-weight: 400; text-align: justify;\">La transferencia de recursos se concret\u00f3 este viernes 25 de agosto a fin de garantizar el abastecimiento energ\u00e9tico de la comunidad.<\/p>\n<\/div><\/section><\/div><div  style='height:50px' class='hr hr-invisible   avia-builder-el-6  el_after_av_one_full  el_before_av_social_share '><span class='hr-inner ' ><span class='hr-inner-style'><\/span><\/span><\/div><\/p>\n<div  class='av-social-sharing-box  avia-builder-el-7  el_after_av_hr  el_before_av_hr  '><div class='av-share-box'><h5 class='av-share-link-description av-no-toc '>Compartir esta noticia<\/h5><ul class='av-share-box-list noLightbox'><li class='av-share-link av-social-link-facebook' ><a target=\"_blank\" aria-label=\"Compartir en Facebook\" href='https:\/\/www.facebook.com\/sharer.php?u=https:\/\/radiorevelacionfm.cl\/?p=34254&#038;t=Confirman%20traspaso%20de%20m%C3%A1s%20de%20127%20millones%20desde%20el%20Ministerio%20del%20Interior%20para%20generaci%C3%B3n%20energ%C3%A9tica%20en%20Las%20Guaitecas' aria-hidden='false' data-av_icon='\ue8f3' data-av_iconfont='entypo-fontello' title='' data-avia-related-tooltip='Compartir en Facebook' rel=\"noopener\"><span class='avia_hidden_link_text'>Compartir en Facebook<\/span><\/a><\/li><li class='av-share-link av-social-link-twitter' ><a target=\"_blank\" aria-label=\"Compartir en Twitter\" href='https:\/\/twitter.com\/share?text=Confirman%20traspaso%20de%20m%C3%A1s%20de%20127%20millones%20desde%20el%20Ministerio%20del%20Interior%20para%20generaci%C3%B3n%20energ%C3%A9tica%20en%20Las%20Guaitecas&#038;url=https:\/\/radiorevelacionfm.cl\/?p=34254' aria-hidden='false' data-av_icon='\ue8f1' data-av_iconfont='entypo-fontello' title='' data-avia-related-tooltip='Compartir en Twitter' rel=\"noopener\"><span class='avia_hidden_link_text'>Compartir en Twitter<\/span><\/a><\/li><li class='av-share-link av-social-link-whatsapp' ><a target=\"_blank\" aria-label=\"Compartir en Whatsapp\" href='https:\/\/api.whatsapp.com\/send?text=https:\/\/radiorevelacionfm.cl\/?p=34254' aria-hidden='false' data-av_icon='\uf232' data-av_iconfont='entypo-fontello' title='' data-avia-related-tooltip='Compartir en Whatsapp' rel=\"noopener\"><span class='avia_hidden_link_text'>Compartir en Whatsapp<\/span><\/a><\/li><li class='av-share-link av-social-link-linkedin' ><a target=\"_blank\" aria-label=\"Compartir en LinkedIn\" href='https:\/\/linkedin.com\/shareArticle?mini=true&#038;title=Confirman%20traspaso%20de%20m%C3%A1s%20de%20127%20millones%20desde%20el%20Ministerio%20del%20Interior%20para%20generaci%C3%B3n%20energ%C3%A9tica%20en%20Las%20Guaitecas&#038;url=https:\/\/radiorevelacionfm.cl\/?p=34254' aria-hidden='false' data-av_icon='\ue8fc' data-av_iconfont='entypo-fontello' title='' data-avia-related-tooltip='Compartir en LinkedIn' rel=\"noopener\"><span class='avia_hidden_link_text'>Compartir en LinkedIn<\/span><\/a><\/li><li class='av-share-link av-social-link-mail' ><a  aria-label=\"Compartir por correo\" href='mailto:?subject=Confirman%20traspaso%20de%20m%C3%A1s%20de%20127%20millones%20desde%20el%20Ministerio%20del%20Interior%20para%20generaci%C3%B3n%20energ%C3%A9tica%20en%20Las%20Guaitecas&#038;body=https:\/\/radiorevelacionfm.cl\/?p=34254' aria-hidden='false' data-av_icon='\ue805' data-av_iconfont='entypo-fontello' title='' data-avia-related-tooltip='Compartir por correo'><span class='avia_hidden_link_text'>Compartir por correo<\/span><\/a><\/li><\/ul><\/div><\/div>\n<div  style='height:50px' class='hr hr-invisible   avia-builder-el-8  el_after_av_social_share  el_before_av_comments_list '><span class='hr-inner ' ><span class='hr-inner-style'><\/span><\/span><\/div>\n<div  class='av-buildercomment  av-blog-meta-html-info-disabled av-blog-meta-tag-disabled  '><\/div>\n","protected":false},"excerpt":{"rendered":"","protected":false},"author":1,"featured_media":34255,"comment_status":"open","ping_status":"open","sticky":false,"template":"","format":"standard","meta":{"footnotes":""},"categories":[38],"tags":[],"class_list":["post-34254","post","type-post","status-publish","format-standard","has-post-thumbnail","hentry","category-regional"],"jetpack_featured_media_url":"https:\/\/radiorevelacionfm.cl\/wp-content\/uploads\/2023\/08\/Rodrigo-Araya-Delegado-Presidencial-Aysen-01-1-1.jpeg","_links":{"self":[{"href":"https:\/\/radiorevelacionfm.cl\/index.php?rest_route=\/wp\/v2\/posts\/34254","targetHints":{"allow":["GET"]}}],"collection":[{"href":"https:\/\/radiorevelacionfm.cl\/index.php?rest_route=\/wp\/v2\/posts"}],"about":[{"href":"https:\/\/radiorevelacionfm.cl\/index.php?rest_route=\/wp\/v2\/types\/post"}],"author":[{"embeddable":true,"href":"https:\/\/radiorevelacionfm.cl\/index.php?rest_route=\/wp\/v2\/users\/1"}],"replies":[{"embeddable":true,"href":"https:\/\/radiorevelacionfm.cl\/index.php?rest_route=%2Fwp%2Fv2%2Fcomments&post=34254"}],"version-history":[{"count":1,"href":"https:\/\/radiorevelacionfm.cl\/index.php?rest_route=\/wp\/v2\/posts\/34254\/revisions"}],"predecessor-version":[{"id":34256,"href":"https:\/\/radiorevelacionfm.cl\/index.php?rest_route=\/wp\/v2\/posts\/34254\/revisions\/34256"}],"wp:featuredmedia":[{"embeddable":true,"href":"https:\/\/radiorevelacionfm.cl\/index.php?rest_route=\/wp\/v2\/media\/34255"}],"wp:attachment":[{"href":"https:\/\/radiorevelacionfm.cl\/index.php?rest_route=%2Fwp%2Fv2%2Fmedia&parent=34254"}],"wp:term":[{"taxonomy":"category","embeddable":true,"href":"https:\/\/radiorevelacionfm.cl\/index.php?rest_route=%2Fwp%2Fv2%2Fcategories&post=34254"},{"taxonomy":"post_tag","embeddable":true,"href":"https:\/\/radiorevelacionfm.cl\/index.php?rest_route=%2Fwp%2Fv2%2Ftags&post=34254"}],"curies":[{"name":"wp","href":"https:\/\/api.w.org\/{rel}","templated":true}]}}