{"id":3425,"date":"2021-04-22T23:59:05","date_gmt":"2021-04-23T02:59:05","guid":{"rendered":"https:\/\/radiorevelacionfm.cl\/?p=3425"},"modified":"2021-04-22T23:59:05","modified_gmt":"2021-04-23T02:59:05","slug":"concejal-aravena-exige-explicacion-al-ejercito-por-brote-covid-19-en-cochrane","status":"publish","type":"post","link":"https:\/\/radiorevelacionfm.cl\/?p=3425","title":{"rendered":"Concejal Aravena exige explicaci\u00f3n al Ej\u00e9rcito por brote Covid-19 en Cochrane"},"content":{"rendered":"<div class=\"flex_column av_one_full  flex_column_div av-zero-column-padding first  avia-builder-el-0  el_before_av_one_full  avia-builder-el-first  \" style='border-radius:0px; '><div  class='avia-image-container  av-styling-    avia-builder-el-1  avia-builder-el-no-sibling  avia-align-center '  itemprop=\"image\" itemscope=\"itemscope\" itemtype=\"https:\/\/schema.org\/ImageObject\"  ><div class='avia-image-container-inner'><div class='avia-image-overlay-wrap'><img decoding=\"async\" class='wp-image-0 avia-img-lazy-loading-not-0 avia_image' src=\"https:\/\/radiorevelacionfm.cl\/wp-content\/uploads\/2021\/04\/ejercito_cmt_optimized.jpg\" alt='' title=''   itemprop=\"thumbnailUrl\"  \/><\/div><\/div><\/div><\/div><div class=\"flex_column av_one_full  flex_column_div av-zero-column-padding first  avia-builder-el-2  el_after_av_one_full  el_before_av_one_full  column-top-margin\" style='border-radius:0px; '><section class=\"av_textblock_section \"  itemscope=\"itemscope\" itemtype=\"https:\/\/schema.org\/BlogPosting\" itemprop=\"blogPost\" ><div class='avia_textblock  '   itemprop=\"text\" ><p style=\"text-align: center;\"><strong><span style=\"font-size: 18pt;\">Concejal Aravena exige explicaci\u00f3n al Ej\u00e9rcito por brote Covid-19 en Cochrane<\/span><\/strong><\/p>\n<div id=\"gtx-trans\" style=\"position: absolute; left: -50px; top: 4.31534px;\">\n<div class=\"gtx-trans-icon\"><\/div>\n<\/div>\n<\/div><\/section><\/div><div class=\"flex_column av_one_full  flex_column_div av-zero-column-padding first  avia-builder-el-4  el_after_av_one_full  el_before_av_hr  column-top-margin\" style='border-radius:0px; '><section class=\"av_textblock_section \"  itemscope=\"itemscope\" itemtype=\"https:\/\/schema.org\/BlogPosting\" itemprop=\"blogPost\" ><div class='avia_textblock  '   itemprop=\"text\" ><p>\u201cEl Ej\u00e9rcito le debe una explicaci\u00f3n a la gente de Cochrane\u201d.<\/p>\n<p style=\"text-align: justify;\">El Concejal de Cochrane, Miguel Aravena Torres, manifest\u00f3 su preocupaci\u00f3n por un brote de Covid 19, en el Cuerpo Militar del Trabajo, CMT, que a la fecha tiene m\u00e1s de 15 contagiados en la comuna. Estas personas civiles y militares, se encontraban ejecutando obras de apertura de 15 km de caminos hac\u00eda el sector Lago Brown de Cochrane.<\/p>\n<p style=\"text-align: justify;\">Para el Concejal, si bien destaca las obras que hace a\u00f1os ejecuta este cuerpo militar en la zona, no justifica el descuido de las medidas sanitarias que toda instituci\u00f3n p\u00fablica est\u00e1 llamada a respetar, \u201cno son dos o tres contagiados, sino m\u00e1s de quince y la cifra sigue en aumento, entonces lo l\u00f3gico es pensar que aqu\u00ed se descuidaron medidas tan b\u00e1sicas como por ejemplo, el distanciamiento f\u00edsico de los efectivos y la sanitizaci\u00f3n de los espacios comunes, por nombrar algunas\u201d, Indic\u00f3.<\/p>\n<p style=\"text-align: justify;\">Para Aravena, est\u00e1 situaci\u00f3n caus\u00f3 mucha preocupaci\u00f3n en la comunidad, sobre todo cuando la ciudadan\u00eda hab\u00eda hecho un esfuerzo de semanas para mantener a Cochrane sin casos activos y de la noche a la ma\u00f1ana aparece este gran n\u00famero de contagiados, sin que a la fecha se conozca adem\u00e1s, la cantidad de contactos estrechos asociados.<\/p>\n<p style=\"text-align: justify;\">Tambi\u00e9n record\u00f3 que, la semana anterior, visitaron la zona del glaciar Calluqueo y el cuartel avanzado de la Compa\u00f1\u00eda Andina N\u00b020, el Ministro de Defensa, Baldo Prokurica y el Comandante en Jefe del Ej\u00e9rcito, Gral. Ricardo Mart\u00ednez, por tanto, se expuso a estas autoridades a un posible contagio, cuando ya se ten\u00eda el antecedente del brote, lo que reviste la mayor gravedad.<\/p>\n<p style=\"text-align: justify;\">Finalmente, no comparte la postura de las autoridades locales y principalmente de Salud, de bajarle el perfil a este y otros brotes en la regi\u00f3n, minimizando sus alcances y consecuencias futuras en las comunidades, concluy\u00f3.<\/p>\n<\/div><\/section><\/div><div  style='height:50px' class='hr hr-invisible   avia-builder-el-6  el_after_av_one_full  el_before_av_social_share '><span class='hr-inner ' ><span class='hr-inner-style'><\/span><\/span><\/div><\/p>\n<div  class='av-social-sharing-box  avia-builder-el-7  el_after_av_hr  el_before_av_hr  '><div class='av-share-box'><h5 class='av-share-link-description av-no-toc '>Compartir esta noticia<\/h5><ul class='av-share-box-list noLightbox'><li class='av-share-link av-social-link-facebook' ><a target=\"_blank\" aria-label=\"Compartir en Facebook\" href='https:\/\/www.facebook.com\/sharer.php?u=https:\/\/radiorevelacionfm.cl\/?p=3425&#038;t=Concejal%20Aravena%20exige%20explicaci%C3%B3n%20al%20Ej%C3%A9rcito%20por%20brote%20Covid-19%20en%20Cochrane' aria-hidden='false' data-av_icon='\ue8f3' data-av_iconfont='entypo-fontello' title='' data-avia-related-tooltip='Compartir en Facebook' rel=\"noopener\"><span class='avia_hidden_link_text'>Compartir en Facebook<\/span><\/a><\/li><li class='av-share-link av-social-link-twitter' ><a target=\"_blank\" aria-label=\"Compartir en Twitter\" href='https:\/\/twitter.com\/share?text=Concejal%20Aravena%20exige%20explicaci%C3%B3n%20al%20Ej%C3%A9rcito%20por%20brote%20Covid-19%20en%20Cochrane&#038;url=https:\/\/radiorevelacionfm.cl\/?p=3425' aria-hidden='false' data-av_icon='\ue8f1' data-av_iconfont='entypo-fontello' title='' data-avia-related-tooltip='Compartir en Twitter' rel=\"noopener\"><span class='avia_hidden_link_text'>Compartir en Twitter<\/span><\/a><\/li><li class='av-share-link av-social-link-whatsapp' ><a target=\"_blank\" aria-label=\"Compartir en Whatsapp\" href='https:\/\/api.whatsapp.com\/send?text=https:\/\/radiorevelacionfm.cl\/?p=3425' aria-hidden='false' data-av_icon='\uf232' data-av_iconfont='entypo-fontello' title='' data-avia-related-tooltip='Compartir en Whatsapp' rel=\"noopener\"><span class='avia_hidden_link_text'>Compartir en Whatsapp<\/span><\/a><\/li><li class='av-share-link av-social-link-linkedin' ><a target=\"_blank\" aria-label=\"Compartir en LinkedIn\" href='https:\/\/linkedin.com\/shareArticle?mini=true&#038;title=Concejal%20Aravena%20exige%20explicaci%C3%B3n%20al%20Ej%C3%A9rcito%20por%20brote%20Covid-19%20en%20Cochrane&#038;url=https:\/\/radiorevelacionfm.cl\/?p=3425' aria-hidden='false' data-av_icon='\ue8fc' data-av_iconfont='entypo-fontello' title='' data-avia-related-tooltip='Compartir en LinkedIn' rel=\"noopener\"><span class='avia_hidden_link_text'>Compartir en LinkedIn<\/span><\/a><\/li><li class='av-share-link av-social-link-mail' ><a  aria-label=\"Compartir por correo\" href='mailto:?subject=Concejal%20Aravena%20exige%20explicaci%C3%B3n%20al%20Ej%C3%A9rcito%20por%20brote%20Covid-19%20en%20Cochrane&#038;body=https:\/\/radiorevelacionfm.cl\/?p=3425' aria-hidden='false' data-av_icon='\ue805' data-av_iconfont='entypo-fontello' title='' data-avia-related-tooltip='Compartir por correo'><span class='avia_hidden_link_text'>Compartir por correo<\/span><\/a><\/li><\/ul><\/div><\/div>\n<div  style='height:50px' class='hr hr-invisible   avia-builder-el-8  el_after_av_social_share  el_before_av_comments_list '><span class='hr-inner ' ><span class='hr-inner-style'><\/span><\/span><\/div>\n<div  class='av-buildercomment  av-blog-meta-html-info-disabled av-blog-meta-tag-disabled  '><\/div>\n","protected":false},"excerpt":{"rendered":"","protected":false},"author":1,"featured_media":0,"comment_status":"open","ping_status":"open","sticky":false,"template":"","format":"standard","meta":{"footnotes":""},"categories":[38],"tags":[],"class_list":["post-3425","post","type-post","status-publish","format-standard","hentry","category-regional"],"jetpack_featured_media_url":"","_links":{"self":[{"href":"https:\/\/radiorevelacionfm.cl\/index.php?rest_route=\/wp\/v2\/posts\/3425","targetHints":{"allow":["GET"]}}],"collection":[{"href":"https:\/\/radiorevelacionfm.cl\/index.php?rest_route=\/wp\/v2\/posts"}],"about":[{"href":"https:\/\/radiorevelacionfm.cl\/index.php?rest_route=\/wp\/v2\/types\/post"}],"author":[{"embeddable":true,"href":"https:\/\/radiorevelacionfm.cl\/index.php?rest_route=\/wp\/v2\/users\/1"}],"replies":[{"embeddable":true,"href":"https:\/\/radiorevelacionfm.cl\/index.php?rest_route=%2Fwp%2Fv2%2Fcomments&post=3425"}],"version-history":[{"count":1,"href":"https:\/\/radiorevelacionfm.cl\/index.php?rest_route=\/wp\/v2\/posts\/3425\/revisions"}],"predecessor-version":[{"id":3427,"href":"https:\/\/radiorevelacionfm.cl\/index.php?rest_route=\/wp\/v2\/posts\/3425\/revisions\/3427"}],"wp:attachment":[{"href":"https:\/\/radiorevelacionfm.cl\/index.php?rest_route=%2Fwp%2Fv2%2Fmedia&parent=3425"}],"wp:term":[{"taxonomy":"category","embeddable":true,"href":"https:\/\/radiorevelacionfm.cl\/index.php?rest_route=%2Fwp%2Fv2%2Fcategories&post=3425"},{"taxonomy":"post_tag","embeddable":true,"href":"https:\/\/radiorevelacionfm.cl\/index.php?rest_route=%2Fwp%2Fv2%2Ftags&post=3425"}],"curies":[{"name":"wp","href":"https:\/\/api.w.org\/{rel}","templated":true}]}}