{"id":34247,"date":"2023-08-25T18:11:43","date_gmt":"2023-08-25T21:11:43","guid":{"rendered":"https:\/\/radiorevelacionfm.cl\/?p=34247"},"modified":"2023-08-25T18:11:43","modified_gmt":"2023-08-25T21:11:43","slug":"superintendente-de-educacion-superior-se-reune-con-autoridades-y-comunidades-de-instituciones-investigadas-en-la-region-de-aysen","status":"publish","type":"post","link":"https:\/\/radiorevelacionfm.cl\/?p=34247","title":{"rendered":"Superintendente de Educaci\u00f3n Superior se re\u00fane con autoridades y comunidades de instituciones investigadas en la Regi\u00f3n de Ays\u00e9n"},"content":{"rendered":"<div class=\"flex_column av_one_full  flex_column_div av-zero-column-padding first  avia-builder-el-0  el_before_av_one_full  avia-builder-el-first  \" style='border-radius:0px; '><div  class='avia-image-container  av-styling-    avia-builder-el-1  avia-builder-el-no-sibling  avia-align-center '  itemprop=\"image\" itemscope=\"itemscope\" itemtype=\"https:\/\/schema.org\/ImageObject\"  ><div class='avia-image-container-inner'><div class='avia-image-overlay-wrap'><img decoding=\"async\" class='wp-image-34268 avia-img-lazy-loading-not-34268 avia_image' src=\"https:\/\/radiorevelacionfm.cl\/wp-content\/uploads\/2023\/08\/super-uaysen-1_optimized.jpg\" alt='' title='super-uaysen-(1)_optimized' height=\"600\" width=\"1085\"  itemprop=\"thumbnailUrl\" srcset=\"https:\/\/radiorevelacionfm.cl\/wp-content\/uploads\/2023\/08\/super-uaysen-1_optimized.jpg 1085w, https:\/\/radiorevelacionfm.cl\/wp-content\/uploads\/2023\/08\/super-uaysen-1_optimized-300x166.jpg 300w, https:\/\/radiorevelacionfm.cl\/wp-content\/uploads\/2023\/08\/super-uaysen-1_optimized-1030x570.jpg 1030w, https:\/\/radiorevelacionfm.cl\/wp-content\/uploads\/2023\/08\/super-uaysen-1_optimized-768x425.jpg 768w, https:\/\/radiorevelacionfm.cl\/wp-content\/uploads\/2023\/08\/super-uaysen-1_optimized-705x390.jpg 705w, https:\/\/radiorevelacionfm.cl\/wp-content\/uploads\/2023\/08\/super-uaysen-1_optimized-450x249.jpg 450w, https:\/\/radiorevelacionfm.cl\/wp-content\/uploads\/2023\/08\/super-uaysen-1_optimized-600x332.jpg 600w\" sizes=\"(max-width: 1085px) 100vw, 1085px\" \/><\/div><\/div><\/div><\/div><div class=\"flex_column av_one_full  flex_column_div av-zero-column-padding first  avia-builder-el-2  el_after_av_one_full  el_before_av_one_full  column-top-margin\" style='border-radius:0px; '><section class=\"av_textblock_section \"  itemscope=\"itemscope\" itemtype=\"https:\/\/schema.org\/BlogPosting\" itemprop=\"blogPost\" ><div class='avia_textblock  '   itemprop=\"text\" ><p style=\"text-align: center;\"><strong><span style=\"font-size: 18pt;\">Superintendente de Educaci\u00f3n Superior se re\u00fane con autoridades y comunidades de instituciones investigadas en la Regi\u00f3n de Ays\u00e9n<\/span><\/strong><\/p>\n<div id=\"gtx-trans\" style=\"position: absolute; left: -50px; top: 4.31534px;\">\n<div class=\"gtx-trans-icon\"><\/div>\n<\/div>\n<\/div><\/section><\/div><\/p>\n<div class=\"flex_column av_one_full  flex_column_div av-zero-column-padding first  avia-builder-el-4  el_after_av_one_full  el_before_av_hr  column-top-margin\" style='border-radius:0px; '><section class=\"av_textblock_section \"  itemscope=\"itemscope\" itemtype=\"https:\/\/schema.org\/BlogPosting\" itemprop=\"blogPost\" ><div class='avia_textblock  '   itemprop=\"text\" ><p class=\"v1MsoNormal\" style=\"text-align: justify;\">Una intensa agenda cumpli\u00f3\u00a0el Superintendente de Educaci\u00f3n Superior, Jos\u00e9 Miguel Salazar\u00a0durante tres d\u00edas en la Regi\u00f3n de Ays\u00e9n del General Carlos Ib\u00e1\u00f1ez del Campo, donde sostuvo reuniones con autoridades y distintos representantes de las comunidades de tres instituciones regionales de educaci\u00f3n superior investigadas por la SES por razones financieras.<\/p>\n<p class=\"v1MsoNormal\" style=\"text-align: justify;\">El primer encuentro tuvo lugar con estudiantes, funcionarios y acad\u00e9micos de\u00a0la sede de Coyhaique del IP y CFT Los Lagos, instituciones a las cuales la Superintendencia formul\u00f3 cargos, producto de una serie de problemas financieros que mantiene sin clases a m\u00e1s de 3.500 estudiantes en nueves sedes a lo largo del pa\u00eds.<\/p>\n<p class=\"v1MsoNormal\" style=\"text-align: justify;\">El Superintendente Salazar se\u00f1al\u00f3 que esta reuni\u00f3n tuvo como objetivo\u00a0\u201cayudar a los estudiantes a clarificar el estado del proceso que estamos siguiendo a estas dos instituciones, entender sus problemas y de esa manera empezar a proponer soluciones que permitan ir destrabando la situaci\u00f3n en que se encuentran ambas instituciones\u201d.<\/p>\n<p class=\"v1MsoNormal\" style=\"text-align: justify;\"><strong>Encuentro con la rectora de la U. de Ays\u00e9n, Natacha Pino, y su equipo directivo<\/strong><\/p>\n<p class=\"v1MsoNormal\" style=\"text-align: justify;\">Karen Ayanca, estudiante del CFT Los Lagos, se\u00f1al\u00f3 \u201cque el Superintendente nos dio a conocer todo lo que est\u00e1 sucediendo. El IP y el CFT Los Lagos ya fueron notificados de los cargos que se les imputan, por lo que ahora est\u00e1 corriendo el plazo para que ambas instituciones presenten sus descargos. No creemos que esto vaya a suceder,\u00a0porque desde la casa central no hay nadie con autoridad para hacer esos descargos, pero s\u00ed o s\u00ed se debe respetar ese plazo (15 d\u00edas h\u00e1biles) para que no se vicie el proceso. Es por eso que el superintendente nos pide que mantengamos la calma\u201d, se\u00f1al\u00f3.<\/p>\n<p class=\"v1MsoNormal\" style=\"text-align: justify;\"><strong>Universidad de Ays\u00e9n<\/strong><\/p>\n<p class=\"v1MsoNormal\" style=\"text-align: justify;\">En su segundo d\u00eda en la regi\u00f3n, el Superintendente sostuvo un importante encuentro con\u00a0la rectora de la Universidad de Ays\u00e9n, Natacha Pino, con su equipo directivo, y con\u00a0el rector electo, Enrique Urra, junto a representantes de los funcionarios y estudiantes, quienes dieron cuenta de las gestiones que est\u00e1n realizando y entregaron sus puntos de vista para revertir la situaci\u00f3n financiera que enfrenta la instituci\u00f3n estatal y que la tiene bajo investigaci\u00f3n por parte de la SES.<\/p>\n<p class=\"v1MsoNormal\" style=\"text-align: justify;\">La rectora Pino destac\u00f3 la importancia de comprender el contexto de esta fiscalizaci\u00f3n y acoger las sugerencias que permitan la sustentabilidad del proyecto educativo:<\/p>\n<p class=\"v1MsoNormal\" style=\"text-align: justify;\"><strong>Encuentro con estudiantes de la Universidad de Ays\u00e9n, en Coyhaique\u00a0<\/strong><\/p>\n<p class=\"v1MsoNormal\" style=\"text-align: justify;\">\u201cSe van a requerir cambios profundos, con el compromiso de todas y todos quienes hacemos la Universidad de Ays\u00e9n, para fortalecer la eficiencia en el uso de los recursos, mejoras de procedimientos, priorizaciones y definiciones estrat\u00e9gicas. En ese sentido, el superintendente dej\u00f3 en claro que no es una posibilidad que la universidad deje de existir, por lo tanto se va a requerir trabajar fuertemente en c\u00f3mo hacemos para alcanzar esa sustentabilidad\u201d, indic\u00f3 la rectora.<\/p>\n<p class=\"v1MsoNormal\" style=\"text-align: justify;\">El superintendente, por su parte, resalt\u00f3 que \u00abpara m\u00ed es hoy d\u00eda\u00a0imposible pensar la Regi\u00f3n de Ays\u00e9n sin que tenga una universidad estatal dedicada a sus necesidades. Por lo tanto, creo que todo el aparato p\u00fablico, todo el Estado tiene que hacer un esfuerzo decidido por apoyar a la universidad a atravesar esta situaci\u00f3n en que se encuentra, de manera exitosa y asegurar su sustentabilidad y su desarrollo en el largo plazo.\u00a0Es un proyecto demasiado importante para el desarrollo de la Regi\u00f3n de Ays\u00e9n, como para que todos tengamos que hacer los esfuerzos que sean necesarios para que esta instituci\u00f3n salga adelante\u201d, se\u00f1al\u00f3.<\/p>\n<p class=\"v1MsoNormal\" style=\"text-align: justify;\"><strong>Universidad Austral de Chile<\/strong><\/p>\n<p class=\"v1MsoNormal\" style=\"text-align: justify;\">En su \u00faltima jornada de trabajo en la regi\u00f3n, Salazar visit\u00f3 el\u00a0campus Patagonia de la Universidad Austral de Chile, ubicado en Coyhaique, y cuya matr\u00edcula ha sido suspendida en cinco de los 12 programas que dicha sede dicta, producto de la fuerte crisis financiera que mantiene a la UACH con un d\u00e9ficit acumulado de $ 28 mil millones en los \u00faltimos tres a\u00f1os.<\/p>\n<p class=\"v1MsoNormal\" style=\"text-align: justify;\"><strong>Reuni\u00f3n con director, docentes, funcionarios y profesionales del campus Patagonia de la Universidad Austral de Chile\u00a0<\/strong><\/p>\n<p class=\"v1MsoNormal\" style=\"text-align: justify;\">A modo de balance de la visita a la regi\u00f3n, el Superintendente Salazar se\u00f1al\u00f3 que:\u00a0\u201cHa sido una experiencia muy fruct\u00edfera. Hemos visitado a la Universidad de Ays\u00e9n, al CFT y al IP Los Lagos, y fuimos al campus Patagonia de la Universidad Austral, para saber c\u00f3mo estaban y, al mismo tiempo, ir preparando los procesos que tiene la Superintendencia de Educaci\u00f3n Superior en relaci\u00f3n con esas instituciones, comunicarle a las comunidades cu\u00e1les alternativas tienen estos procesos, la naturaleza que ellos poseen y la manera en que vamos a ir resolviendo los problemas detectados hasta ahora\u201d.<\/p>\n<p class=\"v1MsoNormal\" style=\"text-align: justify;\">El Delegado Regional, Rodrigo Araya, recibi\u00f3 al superintendente para conocer en detalle la condici\u00f3n en que se encuentran las instituciones de educaci\u00f3n superior de la regi\u00f3n. \u201cLa visita del Superintendente nos permiti\u00f3 ponernos al d\u00eda con respecto a todos los procesos que est\u00e1n afectando a estas tres instituciones de educaci\u00f3n superior de nuestra regi\u00f3n. Nosotros como Gobierno tenemos la responsabilidad de velar por la continuidad de estudios y asegurar que las instituciones cumplan con sus obligaciones para con los estudiantes. El Superintendente tuvo reuniones con todos los estamentos de estas instituciones, lo que sin lugar a dudas es muy beneficioso para que todos tengan la informaci\u00f3n que corresponde, de manera oportuna y que est\u00e9n con las certezas del proceso en que se encuentran\u201d.<\/p>\n<p class=\"v1MsoNormal\" style=\"text-align: justify;\">La Seremi Isabel Garrido, particip\u00f3 activamente en todas las reuniones con el superintendente y valor\u00f3 la visita del regulador y su esfuerzo de compartir con los distintos miembros de las comunidades educativas involucradas. \u201cHemos acompa\u00f1ado al superintendente a las distintas reuniones que ha sostenido en las instituciones de educaci\u00f3n superior de nuestra regi\u00f3n.\u00a0La Superintendencia est\u00e1 desarrollando investigaciones que dan cuenta que hay problemas en distintas \u00e1reas en nuestras instituciones, pero tambi\u00e9n abre oportunidades de hacer las cosas mejor, en la medida tambi\u00e9n que la Superintendencia dirige y sugiere posibles salidas a esas situaciones cr\u00edticas, que creemos, sin duda alguna, abren un camino para fortalecer nuestro ecosistema de educaci\u00f3n superior en la Regi\u00f3n de Ays\u00e9n\u201d.<\/p>\n<\/div><\/section><\/div>\n<div  style='height:50px' class='hr hr-invisible   avia-builder-el-6  el_after_av_one_full  el_before_av_social_share '><span class='hr-inner ' ><span class='hr-inner-style'><\/span><\/span><\/div>\n<div  class='av-social-sharing-box  avia-builder-el-7  el_after_av_hr  el_before_av_hr  '><div class='av-share-box'><h5 class='av-share-link-description av-no-toc '>Compartir esta noticia<\/h5><ul class='av-share-box-list noLightbox'><li class='av-share-link av-social-link-facebook' ><a target=\"_blank\" aria-label=\"Compartir en Facebook\" href='https:\/\/www.facebook.com\/sharer.php?u=https:\/\/radiorevelacionfm.cl\/?p=34247&#038;t=Superintendente%20de%20Educaci%C3%B3n%20Superior%20se%20re%C3%BAne%20con%20autoridades%20y%20comunidades%20de%20instituciones%20investigadas%20en%20la%20Regi%C3%B3n%20de%20Ays%C3%A9n' aria-hidden='false' data-av_icon='\ue8f3' data-av_iconfont='entypo-fontello' title='' data-avia-related-tooltip='Compartir en Facebook' rel=\"noopener\"><span class='avia_hidden_link_text'>Compartir en Facebook<\/span><\/a><\/li><li class='av-share-link av-social-link-twitter' ><a target=\"_blank\" aria-label=\"Compartir en Twitter\" href='https:\/\/twitter.com\/share?text=Superintendente%20de%20Educaci%C3%B3n%20Superior%20se%20re%C3%BAne%20con%20autoridades%20y%20comunidades%20de%20instituciones%20investigadas%20en%20la%20Regi%C3%B3n%20de%20Ays%C3%A9n&#038;url=https:\/\/radiorevelacionfm.cl\/?p=34247' aria-hidden='false' data-av_icon='\ue8f1' data-av_iconfont='entypo-fontello' title='' data-avia-related-tooltip='Compartir en Twitter' rel=\"noopener\"><span class='avia_hidden_link_text'>Compartir en Twitter<\/span><\/a><\/li><li class='av-share-link av-social-link-whatsapp' ><a target=\"_blank\" aria-label=\"Compartir en Whatsapp\" href='https:\/\/api.whatsapp.com\/send?text=https:\/\/radiorevelacionfm.cl\/?p=34247' aria-hidden='false' data-av_icon='\uf232' data-av_iconfont='entypo-fontello' title='' data-avia-related-tooltip='Compartir en Whatsapp' rel=\"noopener\"><span class='avia_hidden_link_text'>Compartir en Whatsapp<\/span><\/a><\/li><li class='av-share-link av-social-link-linkedin' ><a target=\"_blank\" aria-label=\"Compartir en LinkedIn\" href='https:\/\/linkedin.com\/shareArticle?mini=true&#038;title=Superintendente%20de%20Educaci%C3%B3n%20Superior%20se%20re%C3%BAne%20con%20autoridades%20y%20comunidades%20de%20instituciones%20investigadas%20en%20la%20Regi%C3%B3n%20de%20Ays%C3%A9n&#038;url=https:\/\/radiorevelacionfm.cl\/?p=34247' aria-hidden='false' data-av_icon='\ue8fc' data-av_iconfont='entypo-fontello' title='' data-avia-related-tooltip='Compartir en LinkedIn' rel=\"noopener\"><span class='avia_hidden_link_text'>Compartir en LinkedIn<\/span><\/a><\/li><li class='av-share-link av-social-link-mail' ><a  aria-label=\"Compartir por correo\" href='mailto:?subject=Superintendente%20de%20Educaci%C3%B3n%20Superior%20se%20re%C3%BAne%20con%20autoridades%20y%20comunidades%20de%20instituciones%20investigadas%20en%20la%20Regi%C3%B3n%20de%20Ays%C3%A9n&#038;body=https:\/\/radiorevelacionfm.cl\/?p=34247' aria-hidden='false' data-av_icon='\ue805' data-av_iconfont='entypo-fontello' title='' data-avia-related-tooltip='Compartir por correo'><span class='avia_hidden_link_text'>Compartir por correo<\/span><\/a><\/li><\/ul><\/div><\/div>\n<div  style='height:50px' class='hr hr-invisible   avia-builder-el-8  el_after_av_social_share  el_before_av_comments_list '><span class='hr-inner ' ><span class='hr-inner-style'><\/span><\/span><\/div>\n<div  class='av-buildercomment  av-blog-meta-html-info-disabled av-blog-meta-tag-disabled  '><\/div>\n","protected":false},"excerpt":{"rendered":"","protected":false},"author":1,"featured_media":34268,"comment_status":"open","ping_status":"open","sticky":false,"template":"","format":"standard","meta":{"footnotes":""},"categories":[49],"tags":[],"class_list":["post-34247","post","type-post","status-publish","format-standard","has-post-thumbnail","hentry","category-educacion"],"jetpack_featured_media_url":"https:\/\/radiorevelacionfm.cl\/wp-content\/uploads\/2023\/08\/super-uaysen-1_optimized.jpg","_links":{"self":[{"href":"https:\/\/radiorevelacionfm.cl\/index.php?rest_route=\/wp\/v2\/posts\/34247","targetHints":{"allow":["GET"]}}],"collection":[{"href":"https:\/\/radiorevelacionfm.cl\/index.php?rest_route=\/wp\/v2\/posts"}],"about":[{"href":"https:\/\/radiorevelacionfm.cl\/index.php?rest_route=\/wp\/v2\/types\/post"}],"author":[{"embeddable":true,"href":"https:\/\/radiorevelacionfm.cl\/index.php?rest_route=\/wp\/v2\/users\/1"}],"replies":[{"embeddable":true,"href":"https:\/\/radiorevelacionfm.cl\/index.php?rest_route=%2Fwp%2Fv2%2Fcomments&post=34247"}],"version-history":[{"count":2,"href":"https:\/\/radiorevelacionfm.cl\/index.php?rest_route=\/wp\/v2\/posts\/34247\/revisions"}],"predecessor-version":[{"id":34269,"href":"https:\/\/radiorevelacionfm.cl\/index.php?rest_route=\/wp\/v2\/posts\/34247\/revisions\/34269"}],"wp:featuredmedia":[{"embeddable":true,"href":"https:\/\/radiorevelacionfm.cl\/index.php?rest_route=\/wp\/v2\/media\/34268"}],"wp:attachment":[{"href":"https:\/\/radiorevelacionfm.cl\/index.php?rest_route=%2Fwp%2Fv2%2Fmedia&parent=34247"}],"wp:term":[{"taxonomy":"category","embeddable":true,"href":"https:\/\/radiorevelacionfm.cl\/index.php?rest_route=%2Fwp%2Fv2%2Fcategories&post=34247"},{"taxonomy":"post_tag","embeddable":true,"href":"https:\/\/radiorevelacionfm.cl\/index.php?rest_route=%2Fwp%2Fv2%2Ftags&post=34247"}],"curies":[{"name":"wp","href":"https:\/\/api.w.org\/{rel}","templated":true}]}}