{"id":34244,"date":"2023-08-25T11:39:19","date_gmt":"2023-08-25T14:39:19","guid":{"rendered":"https:\/\/radiorevelacionfm.cl\/?p=34244"},"modified":"2023-08-25T11:39:19","modified_gmt":"2023-08-25T14:39:19","slug":"estudiantes-y-profesores-de-escuela-despertar-fueron-parte-un-taller-propiciado-por-la-oficina-del-campesino","status":"publish","type":"post","link":"https:\/\/radiorevelacionfm.cl\/?p=34244","title":{"rendered":"Estudiantes y profesores de escuela Despertar fueron parte un taller propiciado por la Oficina del Campesino"},"content":{"rendered":"<div class=\"flex_column av_one_full  flex_column_div av-zero-column-padding first  avia-builder-el-0  el_before_av_one_full  avia-builder-el-first  \" style='border-radius:0px; '><div  class='avia-image-container  av-styling-    avia-builder-el-1  avia-builder-el-no-sibling  avia-align-center '  itemprop=\"image\" itemscope=\"itemscope\" itemtype=\"https:\/\/schema.org\/ImageObject\"  ><div class='avia-image-container-inner'><div class='avia-image-overlay-wrap'><img decoding=\"async\" class='wp-image-34245 avia-img-lazy-loading-not-34245 avia_image' src=\"https:\/\/radiorevelacionfm.cl\/wp-content\/uploads\/2023\/08\/taller-of-campesino-4-1_optimized-1.jpg\" alt='' title='taller-of-campesino-4-(1)_optimized (1)' height=\"600\" width=\"1067\"  itemprop=\"thumbnailUrl\" srcset=\"https:\/\/radiorevelacionfm.cl\/wp-content\/uploads\/2023\/08\/taller-of-campesino-4-1_optimized-1.jpg 1067w, https:\/\/radiorevelacionfm.cl\/wp-content\/uploads\/2023\/08\/taller-of-campesino-4-1_optimized-1-300x169.jpg 300w, https:\/\/radiorevelacionfm.cl\/wp-content\/uploads\/2023\/08\/taller-of-campesino-4-1_optimized-1-1030x579.jpg 1030w, https:\/\/radiorevelacionfm.cl\/wp-content\/uploads\/2023\/08\/taller-of-campesino-4-1_optimized-1-768x432.jpg 768w, https:\/\/radiorevelacionfm.cl\/wp-content\/uploads\/2023\/08\/taller-of-campesino-4-1_optimized-1-705x396.jpg 705w, https:\/\/radiorevelacionfm.cl\/wp-content\/uploads\/2023\/08\/taller-of-campesino-4-1_optimized-1-450x253.jpg 450w, https:\/\/radiorevelacionfm.cl\/wp-content\/uploads\/2023\/08\/taller-of-campesino-4-1_optimized-1-600x337.jpg 600w\" sizes=\"(max-width: 1067px) 100vw, 1067px\" \/><\/div><\/div><\/div><\/div><div class=\"flex_column av_one_full  flex_column_div av-zero-column-padding first  avia-builder-el-2  el_after_av_one_full  el_before_av_one_full  column-top-margin\" style='border-radius:0px; '><section class=\"av_textblock_section \"  itemscope=\"itemscope\" itemtype=\"https:\/\/schema.org\/BlogPosting\" itemprop=\"blogPost\" ><div class='avia_textblock  '   itemprop=\"text\" ><p style=\"text-align: center;\"><strong><span style=\"font-size: 18pt;\">Estudiantes y profesores de escuela Despertar fueron parte un taller propiciado por la Oficina del Campesino<\/span><\/strong><\/p>\n<div id=\"gtx-trans\" style=\"position: absolute; left: -50px; top: 4.31534px;\">\n<div class=\"gtx-trans-icon\"><\/div>\n<\/div>\n<\/div><\/section><\/div><div class=\"flex_column av_one_full  flex_column_div av-zero-column-padding first  avia-builder-el-4  el_after_av_one_full  el_before_av_hr  column-top-margin\" style='border-radius:0px; '><section class=\"av_textblock_section \"  itemscope=\"itemscope\" itemtype=\"https:\/\/schema.org\/BlogPosting\" itemprop=\"blogPost\" ><div class='avia_textblock  '   itemprop=\"text\" ><p style=\"text-align: justify;\">Con un entusiasta grupo de estudiantes de la escuela Despertar, profesoras y algunos agricultores locales, la Oficina Municipal del Campesino realiz\u00f3 en dependencias de la Biblioteca P\u00fablica de Ays\u00e9n, un taller \u201crelevando la asociatividad ben\u00e9fica entre diferentes familias de hortalizas\u201d, la importancia de la rotaci\u00f3n de cultivos y por \u00faltimo un intercambio de semillas de producci\u00f3n local de las mismas campesinas de la comuna.<\/p>\n<p style=\"text-align: justify;\">La instancia estuvo dirigida por la profesional, Danahe Sandoval Salgado, quien entreg\u00f3 los principales tips para obtener buenos y productivos resultados en el trabajo de la tierra, teniendo en cuenta, como planificar la huerta y las consideraciones que hay que tener para optimizar los recursos del suelo y el espacio.<\/p>\n<p style=\"text-align: justify;\">\u201cPor \u00e9poca productiva, estamos pr\u00f3ximos a comenzar nuestra temporada de hortalizas y frutas. Es por eso que, llegamos con este tema de la asociatividades ben\u00e9ficas entre las hortalizas, asociar una leguminosa con una lechuga que me va a demandar harto nitr\u00f3geno, explicar esto, que se queden con las nociones de que hacer, como planificar mi huerta y las consideraciones a tener, para optimizar los recursos, ya sea, del suelo y tambi\u00e9n de espacio\u201d, se\u00f1al\u00f3 Danahe Sandoval.<\/p>\n<p style=\"text-align: justify;\">En tanto, Miriam M\u00e1rquez, jefa UTP de la escuela Despertar, puso en valor la instancia propiciada por la Oficina del Municipal del Campesino.<\/p>\n<p style=\"text-align: justify;\">\u201cFuimos invitados por Danahe a este taller, donde participa un curso de nuestra escuela, que se dedica a la siempre y cosecha de hortalizas, es un taller laboral y estamos participando en ese contexto, porque ayuda de todas maneras a nuestro proceso educativo. La verdad es que, fue una participaci\u00f3n s\u00faper linda, s\u00faper did\u00e1ctica, de mucho aprendizaje, de tips que nos dio Danahe y de forma muy clara\u201d.<\/p>\n<p style=\"text-align: justify;\">El trabajo del equipo de la Oficina del Campesino fue relevado por el Alcalde de la comuna, Julio Uribe Alvarado, quien estuvo en el taller, dialog\u00f3 con los participantes y destac\u00f3 el hecho de que cada d\u00eda tome m\u00e1s fuerza la producci\u00f3n local familiar, privilegiando el consumo de verduras org\u00e1nicas en beneficio una alimentaci\u00f3n saludable.<\/p>\n<p style=\"text-align: justify;\">Al finalizar la actividad, a los participantes se le entreg\u00f3 semillas y bandeja almaciguera, para contribuir a la producci\u00f3n de cada uno en esta temporada 2023- 2024.<\/p>\n<\/div><\/section><\/div><div  style='height:50px' class='hr hr-invisible   avia-builder-el-6  el_after_av_one_full  el_before_av_social_share '><span class='hr-inner ' ><span class='hr-inner-style'><\/span><\/span><\/div><\/p>\n<div  class='av-social-sharing-box  avia-builder-el-7  el_after_av_hr  el_before_av_hr  '><div class='av-share-box'><h5 class='av-share-link-description av-no-toc '>Compartir esta noticia<\/h5><ul class='av-share-box-list noLightbox'><li class='av-share-link av-social-link-facebook' ><a target=\"_blank\" aria-label=\"Compartir en Facebook\" href='https:\/\/www.facebook.com\/sharer.php?u=https:\/\/radiorevelacionfm.cl\/?p=34244&#038;t=Estudiantes%20y%20profesores%20de%20escuela%20Despertar%20fueron%20parte%20un%20taller%20propiciado%20por%20la%20Oficina%20del%20Campesino' aria-hidden='false' data-av_icon='\ue8f3' data-av_iconfont='entypo-fontello' title='' data-avia-related-tooltip='Compartir en Facebook' rel=\"noopener\"><span class='avia_hidden_link_text'>Compartir en Facebook<\/span><\/a><\/li><li class='av-share-link av-social-link-twitter' ><a target=\"_blank\" aria-label=\"Compartir en Twitter\" href='https:\/\/twitter.com\/share?text=Estudiantes%20y%20profesores%20de%20escuela%20Despertar%20fueron%20parte%20un%20taller%20propiciado%20por%20la%20Oficina%20del%20Campesino&#038;url=https:\/\/radiorevelacionfm.cl\/?p=34244' aria-hidden='false' data-av_icon='\ue8f1' data-av_iconfont='entypo-fontello' title='' data-avia-related-tooltip='Compartir en Twitter' rel=\"noopener\"><span class='avia_hidden_link_text'>Compartir en Twitter<\/span><\/a><\/li><li class='av-share-link av-social-link-whatsapp' ><a target=\"_blank\" aria-label=\"Compartir en Whatsapp\" href='https:\/\/api.whatsapp.com\/send?text=https:\/\/radiorevelacionfm.cl\/?p=34244' aria-hidden='false' data-av_icon='\uf232' data-av_iconfont='entypo-fontello' title='' data-avia-related-tooltip='Compartir en Whatsapp' rel=\"noopener\"><span class='avia_hidden_link_text'>Compartir en Whatsapp<\/span><\/a><\/li><li class='av-share-link av-social-link-linkedin' ><a target=\"_blank\" aria-label=\"Compartir en LinkedIn\" href='https:\/\/linkedin.com\/shareArticle?mini=true&#038;title=Estudiantes%20y%20profesores%20de%20escuela%20Despertar%20fueron%20parte%20un%20taller%20propiciado%20por%20la%20Oficina%20del%20Campesino&#038;url=https:\/\/radiorevelacionfm.cl\/?p=34244' aria-hidden='false' data-av_icon='\ue8fc' data-av_iconfont='entypo-fontello' title='' data-avia-related-tooltip='Compartir en LinkedIn' rel=\"noopener\"><span class='avia_hidden_link_text'>Compartir en LinkedIn<\/span><\/a><\/li><li class='av-share-link av-social-link-mail' ><a  aria-label=\"Compartir por correo\" href='mailto:?subject=Estudiantes%20y%20profesores%20de%20escuela%20Despertar%20fueron%20parte%20un%20taller%20propiciado%20por%20la%20Oficina%20del%20Campesino&#038;body=https:\/\/radiorevelacionfm.cl\/?p=34244' aria-hidden='false' data-av_icon='\ue805' data-av_iconfont='entypo-fontello' title='' data-avia-related-tooltip='Compartir por correo'><span class='avia_hidden_link_text'>Compartir por correo<\/span><\/a><\/li><\/ul><\/div><\/div>\n<div  style='height:50px' class='hr hr-invisible   avia-builder-el-8  el_after_av_social_share  el_before_av_comments_list '><span class='hr-inner ' ><span class='hr-inner-style'><\/span><\/span><\/div>\n<div  class='av-buildercomment  av-blog-meta-html-info-disabled av-blog-meta-tag-disabled  '><\/div>\n","protected":false},"excerpt":{"rendered":"","protected":false},"author":1,"featured_media":34245,"comment_status":"open","ping_status":"open","sticky":false,"template":"","format":"standard","meta":{"footnotes":""},"categories":[38],"tags":[],"class_list":["post-34244","post","type-post","status-publish","format-standard","has-post-thumbnail","hentry","category-regional"],"jetpack_featured_media_url":"https:\/\/radiorevelacionfm.cl\/wp-content\/uploads\/2023\/08\/taller-of-campesino-4-1_optimized-1.jpg","_links":{"self":[{"href":"https:\/\/radiorevelacionfm.cl\/index.php?rest_route=\/wp\/v2\/posts\/34244","targetHints":{"allow":["GET"]}}],"collection":[{"href":"https:\/\/radiorevelacionfm.cl\/index.php?rest_route=\/wp\/v2\/posts"}],"about":[{"href":"https:\/\/radiorevelacionfm.cl\/index.php?rest_route=\/wp\/v2\/types\/post"}],"author":[{"embeddable":true,"href":"https:\/\/radiorevelacionfm.cl\/index.php?rest_route=\/wp\/v2\/users\/1"}],"replies":[{"embeddable":true,"href":"https:\/\/radiorevelacionfm.cl\/index.php?rest_route=%2Fwp%2Fv2%2Fcomments&post=34244"}],"version-history":[{"count":1,"href":"https:\/\/radiorevelacionfm.cl\/index.php?rest_route=\/wp\/v2\/posts\/34244\/revisions"}],"predecessor-version":[{"id":34246,"href":"https:\/\/radiorevelacionfm.cl\/index.php?rest_route=\/wp\/v2\/posts\/34244\/revisions\/34246"}],"wp:featuredmedia":[{"embeddable":true,"href":"https:\/\/radiorevelacionfm.cl\/index.php?rest_route=\/wp\/v2\/media\/34245"}],"wp:attachment":[{"href":"https:\/\/radiorevelacionfm.cl\/index.php?rest_route=%2Fwp%2Fv2%2Fmedia&parent=34244"}],"wp:term":[{"taxonomy":"category","embeddable":true,"href":"https:\/\/radiorevelacionfm.cl\/index.php?rest_route=%2Fwp%2Fv2%2Fcategories&post=34244"},{"taxonomy":"post_tag","embeddable":true,"href":"https:\/\/radiorevelacionfm.cl\/index.php?rest_route=%2Fwp%2Fv2%2Ftags&post=34244"}],"curies":[{"name":"wp","href":"https:\/\/api.w.org\/{rel}","templated":true}]}}