{"id":34239,"date":"2023-08-25T10:51:53","date_gmt":"2023-08-25T13:51:53","guid":{"rendered":"https:\/\/radiorevelacionfm.cl\/?p=34239"},"modified":"2023-08-25T10:51:53","modified_gmt":"2023-08-25T13:51:53","slug":"este-viernes-equipo-del-mop-se-reunira-con-integrantes-de-la-mesa-de-conectividad-en-chile-chico-para-informar-avances-en-compromisos","status":"publish","type":"post","link":"https:\/\/radiorevelacionfm.cl\/?p=34239","title":{"rendered":"Este viernes equipo del MOP se reunir\u00e1 con integrantes de la mesa de conectividad en Chile Chico para informar avances en compromisos"},"content":{"rendered":"<div class=\"flex_column av_one_full  flex_column_div av-zero-column-padding first  avia-builder-el-0  el_before_av_one_full  avia-builder-el-first  \" style='border-radius:0px; '><div  class='avia-image-container  av-styling-    avia-builder-el-1  avia-builder-el-no-sibling  avia-align-center '  itemprop=\"image\" itemscope=\"itemscope\" itemtype=\"https:\/\/schema.org\/ImageObject\"  ><div class='avia-image-container-inner'><div class='avia-image-overlay-wrap'><img decoding=\"async\" class='wp-image-34240 avia-img-lazy-loading-not-34240 avia_image' src=\"https:\/\/radiorevelacionfm.cl\/wp-content\/uploads\/2023\/08\/BARCAZA-2-1-1.jpg\" alt='' title='BARCAZA-2 (1) (1)' height=\"600\" width=\"973\"  itemprop=\"thumbnailUrl\" srcset=\"https:\/\/radiorevelacionfm.cl\/wp-content\/uploads\/2023\/08\/BARCAZA-2-1-1.jpg 973w, https:\/\/radiorevelacionfm.cl\/wp-content\/uploads\/2023\/08\/BARCAZA-2-1-1-300x185.jpg 300w, https:\/\/radiorevelacionfm.cl\/wp-content\/uploads\/2023\/08\/BARCAZA-2-1-1-768x474.jpg 768w, https:\/\/radiorevelacionfm.cl\/wp-content\/uploads\/2023\/08\/BARCAZA-2-1-1-705x435.jpg 705w, https:\/\/radiorevelacionfm.cl\/wp-content\/uploads\/2023\/08\/BARCAZA-2-1-1-450x277.jpg 450w, https:\/\/radiorevelacionfm.cl\/wp-content\/uploads\/2023\/08\/BARCAZA-2-1-1-600x370.jpg 600w\" sizes=\"(max-width: 973px) 100vw, 973px\" \/><\/div><\/div><\/div><\/div><div class=\"flex_column av_one_full  flex_column_div av-zero-column-padding first  avia-builder-el-2  el_after_av_one_full  el_before_av_one_full  column-top-margin\" style='border-radius:0px; '><section class=\"av_textblock_section \"  itemscope=\"itemscope\" itemtype=\"https:\/\/schema.org\/BlogPosting\" itemprop=\"blogPost\" ><div class='avia_textblock  '   itemprop=\"text\" ><p style=\"text-align: center;\"><strong><span style=\"font-size: 18pt;\">Este viernes equipo del MOP se reunir\u00e1 con integrantes de la mesa de conectividad en Chile Chico para informar avances en compromisos<\/span><\/strong><\/p>\n<div id=\"gtx-trans\" style=\"position: absolute; left: -50px; top: 4.31534px;\">\n<div class=\"gtx-trans-icon\"><\/div>\n<\/div>\n<\/div><\/section><\/div><div class=\"flex_column av_one_full  flex_column_div av-zero-column-padding first  avia-builder-el-4  el_after_av_one_full  el_before_av_hr  column-top-margin\" style='border-radius:0px; '><section class=\"av_textblock_section \"  itemscope=\"itemscope\" itemtype=\"https:\/\/schema.org\/BlogPosting\" itemprop=\"blogPost\" ><div class='avia_textblock  '   itemprop=\"text\" ><p style=\"text-align: justify;\">El Secretario Regional Ministerial de Obras P\u00fablicas Patricio Sanhueza Ulloa destac\u00f3 la realizaci\u00f3n este viernes 25 de agosto de una nueva reuni\u00f3n con los integrantes de la Mesa de Conectividad del lago General Carrera en Chile Chico, para informar diversos avances en obras portuarias y viales que se han estado desarrollando estos \u00faltimos meses.<\/p>\n<p style=\"text-align: justify;\">Al respecto, la autoridad regional de Obras P\u00fablicas expres\u00f3 \u201ca solicitud de dirigentes territoriales, gremiales, as\u00ed como tambi\u00e9n de autoridades electas y Concejales, este viernes 25 de agosto nos desplazaremos a la ciudad de Chile Chico junto con el Director Regional de Vialidad Renzo Sanders Cortes y el Director Regional de Obras Portuarias \u00c1lvaro D\u00edaz Contreras, para realizar una nueva sesi\u00f3n de la Mesa de Conectividad del lago General Carrera e informar los avances alcanzados y los desaf\u00edos que tenemos en algunas \u00e1reas\u201d.<\/p>\n<p style=\"text-align: justify;\">\u201cNuestro presidente Boric nos ha pedido mantener estas instancias de di\u00e1logo, de escuchar y comunicarnos con las comunidades, as\u00ed como tambi\u00e9n recoger las nuevas solicitudes y requerimientos para abordarlos con la celeridad que cada uno de ellos requiere, as\u00ed que esta nueva sesi\u00f3n de la Mesa nos entrega la oportunidad de retroalimentarnos con la comunidad, as\u00ed como tambi\u00e9n tratar con ellos y ellas algunos avances respecto del anuncio que realiz\u00f3 nuestra ministra Jessica L\u00f3pez cuando visit\u00f3 la regi\u00f3n, como es que vamos a llamar a licitaci\u00f3n dentro de los pr\u00f3ximos meses el dise\u00f1o y construcci\u00f3n de la nueva nave complementaria a las embarcaciones La Tehuelche y a la Pilchero, para mejorar las condiciones de conectividad en el lago General Carrera, as\u00ed como tambi\u00e9n comunicaremos con detalle c\u00f3mo abordaremos el mejoramiento de cuatro caminos en los alrededores de la ciudad del sol, con soluciones intermedias de sellos asf\u00e1lticos\u201d, agreg\u00f3 el SEREMI del MOP.<\/p>\n<p style=\"text-align: justify;\">De esta forma, \u201clos caminos que abordar\u00e1 nuestra Direcci\u00f3n Regional de Vialidad con esta soluci\u00f3n son desde el cruce Ruta 265- hasta el acceso al Aer\u00f3dromo, los callejones Falc\u00f3n y Vel\u00e1squez, y desde el cruce Ruta 265 hasta Bah\u00eda Jara, mejorando sustancialmente las condiciones de estas v\u00edas, la seguridad y la experiencia de viaje y confort que tendr\u00e1n las personas entreg\u00e1ndoles una mejor calidad de vida; otro tema relevante a tratar, por el Director Regional de Obras Portuarias\u00a0 son los pormenores del cronograma de dise\u00f1o y construcci\u00f3n de la nueva nave complementaria y de las labores de conservaci\u00f3n de la infraestructura portuaria en Chile Chico y en Puerto R\u00edo Ib\u00e1\u00f1ez, as\u00ed como tambi\u00e9n el nuevo Terminal de Pasajeros que est\u00e1 proyectado para Chile Chico\u201d, asegur\u00f3 Patricio Sanhueza Ulloa.<\/p>\n<p style=\"text-align: justify;\"><strong>\u00a0<\/strong><\/p>\n<p style=\"text-align: justify;\"><strong>\u00a0<\/strong><\/p>\n<p style=\"text-align: justify;\"><strong>\u00a0<\/strong><\/p>\n<\/div><\/section><\/div><div  style='height:50px' class='hr hr-invisible   avia-builder-el-6  el_after_av_one_full  el_before_av_social_share '><span class='hr-inner ' ><span class='hr-inner-style'><\/span><\/span><\/div><\/p>\n<div  class='av-social-sharing-box  avia-builder-el-7  el_after_av_hr  el_before_av_hr  '><div class='av-share-box'><h5 class='av-share-link-description av-no-toc '>Compartir esta noticia<\/h5><ul class='av-share-box-list noLightbox'><li class='av-share-link av-social-link-facebook' ><a target=\"_blank\" aria-label=\"Compartir en Facebook\" href='https:\/\/www.facebook.com\/sharer.php?u=https:\/\/radiorevelacionfm.cl\/?p=34239&#038;t=Este%20viernes%20equipo%20del%20MOP%20se%20reunir%C3%A1%20con%20integrantes%20de%20la%20mesa%20de%20conectividad%20en%20Chile%20Chico%20para%20informar%20avances%20en%20compromisos' aria-hidden='false' data-av_icon='\ue8f3' data-av_iconfont='entypo-fontello' title='' data-avia-related-tooltip='Compartir en Facebook' rel=\"noopener\"><span class='avia_hidden_link_text'>Compartir en Facebook<\/span><\/a><\/li><li class='av-share-link av-social-link-twitter' ><a target=\"_blank\" aria-label=\"Compartir en Twitter\" href='https:\/\/twitter.com\/share?text=Este%20viernes%20equipo%20del%20MOP%20se%20reunir%C3%A1%20con%20integrantes%20de%20la%20mesa%20de%20conectividad%20en%20Chile%20Chico%20para%20informar%20avances%20en%20compromisos&#038;url=https:\/\/radiorevelacionfm.cl\/?p=34239' aria-hidden='false' data-av_icon='\ue8f1' data-av_iconfont='entypo-fontello' title='' data-avia-related-tooltip='Compartir en Twitter' rel=\"noopener\"><span class='avia_hidden_link_text'>Compartir en Twitter<\/span><\/a><\/li><li class='av-share-link av-social-link-whatsapp' ><a target=\"_blank\" aria-label=\"Compartir en Whatsapp\" href='https:\/\/api.whatsapp.com\/send?text=https:\/\/radiorevelacionfm.cl\/?p=34239' aria-hidden='false' data-av_icon='\uf232' data-av_iconfont='entypo-fontello' title='' data-avia-related-tooltip='Compartir en Whatsapp' rel=\"noopener\"><span class='avia_hidden_link_text'>Compartir en Whatsapp<\/span><\/a><\/li><li class='av-share-link av-social-link-linkedin' ><a target=\"_blank\" aria-label=\"Compartir en LinkedIn\" href='https:\/\/linkedin.com\/shareArticle?mini=true&#038;title=Este%20viernes%20equipo%20del%20MOP%20se%20reunir%C3%A1%20con%20integrantes%20de%20la%20mesa%20de%20conectividad%20en%20Chile%20Chico%20para%20informar%20avances%20en%20compromisos&#038;url=https:\/\/radiorevelacionfm.cl\/?p=34239' aria-hidden='false' data-av_icon='\ue8fc' data-av_iconfont='entypo-fontello' title='' data-avia-related-tooltip='Compartir en LinkedIn' rel=\"noopener\"><span class='avia_hidden_link_text'>Compartir en LinkedIn<\/span><\/a><\/li><li class='av-share-link av-social-link-mail' ><a  aria-label=\"Compartir por correo\" href='mailto:?subject=Este%20viernes%20equipo%20del%20MOP%20se%20reunir%C3%A1%20con%20integrantes%20de%20la%20mesa%20de%20conectividad%20en%20Chile%20Chico%20para%20informar%20avances%20en%20compromisos&#038;body=https:\/\/radiorevelacionfm.cl\/?p=34239' aria-hidden='false' data-av_icon='\ue805' data-av_iconfont='entypo-fontello' title='' data-avia-related-tooltip='Compartir por correo'><span class='avia_hidden_link_text'>Compartir por correo<\/span><\/a><\/li><\/ul><\/div><\/div>\n<div  style='height:50px' class='hr hr-invisible   avia-builder-el-8  el_after_av_social_share  el_before_av_comments_list '><span class='hr-inner ' ><span class='hr-inner-style'><\/span><\/span><\/div>\n<div  class='av-buildercomment  av-blog-meta-html-info-disabled av-blog-meta-tag-disabled  '><\/div>\n","protected":false},"excerpt":{"rendered":"","protected":false},"author":1,"featured_media":34240,"comment_status":"open","ping_status":"open","sticky":false,"template":"","format":"standard","meta":{"footnotes":""},"categories":[38],"tags":[],"class_list":["post-34239","post","type-post","status-publish","format-standard","has-post-thumbnail","hentry","category-regional"],"jetpack_featured_media_url":"https:\/\/radiorevelacionfm.cl\/wp-content\/uploads\/2023\/08\/BARCAZA-2-1-1.jpg","_links":{"self":[{"href":"https:\/\/radiorevelacionfm.cl\/index.php?rest_route=\/wp\/v2\/posts\/34239","targetHints":{"allow":["GET"]}}],"collection":[{"href":"https:\/\/radiorevelacionfm.cl\/index.php?rest_route=\/wp\/v2\/posts"}],"about":[{"href":"https:\/\/radiorevelacionfm.cl\/index.php?rest_route=\/wp\/v2\/types\/post"}],"author":[{"embeddable":true,"href":"https:\/\/radiorevelacionfm.cl\/index.php?rest_route=\/wp\/v2\/users\/1"}],"replies":[{"embeddable":true,"href":"https:\/\/radiorevelacionfm.cl\/index.php?rest_route=%2Fwp%2Fv2%2Fcomments&post=34239"}],"version-history":[{"count":1,"href":"https:\/\/radiorevelacionfm.cl\/index.php?rest_route=\/wp\/v2\/posts\/34239\/revisions"}],"predecessor-version":[{"id":34241,"href":"https:\/\/radiorevelacionfm.cl\/index.php?rest_route=\/wp\/v2\/posts\/34239\/revisions\/34241"}],"wp:featuredmedia":[{"embeddable":true,"href":"https:\/\/radiorevelacionfm.cl\/index.php?rest_route=\/wp\/v2\/media\/34240"}],"wp:attachment":[{"href":"https:\/\/radiorevelacionfm.cl\/index.php?rest_route=%2Fwp%2Fv2%2Fmedia&parent=34239"}],"wp:term":[{"taxonomy":"category","embeddable":true,"href":"https:\/\/radiorevelacionfm.cl\/index.php?rest_route=%2Fwp%2Fv2%2Fcategories&post=34239"},{"taxonomy":"post_tag","embeddable":true,"href":"https:\/\/radiorevelacionfm.cl\/index.php?rest_route=%2Fwp%2Fv2%2Ftags&post=34239"}],"curies":[{"name":"wp","href":"https:\/\/api.w.org\/{rel}","templated":true}]}}