{"id":34233,"date":"2023-08-28T11:38:12","date_gmt":"2023-08-28T14:38:12","guid":{"rendered":"https:\/\/radiorevelacionfm.cl\/?p=34233"},"modified":"2023-08-28T11:38:12","modified_gmt":"2023-08-28T14:38:12","slug":"envejecemos-y-nos-vinculamos-desde-la-diversidad-senama-presenta-inedita-estrategia-para-avanzar-en-la-inclusion-de-personas-mayores-lgbtqia","status":"publish","type":"post","link":"https:\/\/radiorevelacionfm.cl\/?p=34233","title":{"rendered":"\u201cEnvejecemos y nos vinculamos desde la diversidad\u201d: Senama presenta in\u00e9dita estrategia para avanzar en la inclusi\u00f3n de personas mayores LGBTQIA+"},"content":{"rendered":"<div class=\"flex_column av_one_full  flex_column_div av-zero-column-padding first  avia-builder-el-0  el_before_av_one_full  avia-builder-el-first  \" style='border-radius:0px; '><div  class='avia-image-container  av-styling-    avia-builder-el-1  avia-builder-el-no-sibling  avia-align-center '  itemprop=\"image\" itemscope=\"itemscope\" itemtype=\"https:\/\/schema.org\/ImageObject\"  ><div class='avia-image-container-inner'><div class='avia-image-overlay-wrap'><img decoding=\"async\" class='wp-image-34234 avia-img-lazy-loading-not-34234 avia_image' src=\"https:\/\/radiorevelacionfm.cl\/wp-content\/uploads\/2023\/08\/diversidadaysen-2-1.jpg\" alt='' title='diversidadaysen (2) (1)' height=\"600\" width=\"821\"  itemprop=\"thumbnailUrl\" srcset=\"https:\/\/radiorevelacionfm.cl\/wp-content\/uploads\/2023\/08\/diversidadaysen-2-1.jpg 821w, https:\/\/radiorevelacionfm.cl\/wp-content\/uploads\/2023\/08\/diversidadaysen-2-1-300x219.jpg 300w, https:\/\/radiorevelacionfm.cl\/wp-content\/uploads\/2023\/08\/diversidadaysen-2-1-768x561.jpg 768w, https:\/\/radiorevelacionfm.cl\/wp-content\/uploads\/2023\/08\/diversidadaysen-2-1-705x515.jpg 705w, https:\/\/radiorevelacionfm.cl\/wp-content\/uploads\/2023\/08\/diversidadaysen-2-1-450x329.jpg 450w, https:\/\/radiorevelacionfm.cl\/wp-content\/uploads\/2023\/08\/diversidadaysen-2-1-600x438.jpg 600w\" sizes=\"(max-width: 821px) 100vw, 821px\" \/><\/div><\/div><\/div><\/div><div class=\"flex_column av_one_full  flex_column_div av-zero-column-padding first  avia-builder-el-2  el_after_av_one_full  el_before_av_one_full  column-top-margin\" style='border-radius:0px; '><section class=\"av_textblock_section \"  itemscope=\"itemscope\" itemtype=\"https:\/\/schema.org\/BlogPosting\" itemprop=\"blogPost\" ><div class='avia_textblock  '   itemprop=\"text\" ><p style=\"text-align: center;\"><strong><span style=\"font-size: 18pt;\">\u201cEnvejecemos y nos vinculamos desde la diversidad\u201d: Senama presenta in\u00e9dita estrategia para avanzar en la inclusi\u00f3n de personas mayores<\/span><\/strong><span style=\"font-size: 18pt;\"> <strong>LGBTQIA+<\/strong><\/span><\/p>\n<div id=\"gtx-trans\" style=\"position: absolute; left: -50px; top: 4.31534px;\">\n<div class=\"gtx-trans-icon\"><\/div>\n<\/div>\n<\/div><\/section><\/div><div class=\"flex_column av_one_full  flex_column_div av-zero-column-padding first  avia-builder-el-4  el_after_av_one_full  el_before_av_hr  column-top-margin\" style='border-radius:0px; '><section class=\"av_textblock_section \"  itemscope=\"itemscope\" itemtype=\"https:\/\/schema.org\/BlogPosting\" itemprop=\"blogPost\" ><div class='avia_textblock  '   itemprop=\"text\" ><p style=\"text-align: justify;\"><em>Las personas mayores de la comunidad LGBTQIA+ enfrentan su vejez con mayores tasas de soledad y aislamiento y con menores redes familiares que el resto de la poblaci\u00f3n en general, por ello SENAMA est\u00e1 impulsando esta iniciativa que <\/em><em>apunta al acercamiento y di\u00e1logo con personas mayores de las diversidades sexo gen\u00e9ricas, con el fin de identificar sus necesidades, intereses y propuestas y generar l\u00edneas de acci\u00f3n co construidas para y con ellas y ellos.<\/em><\/p>\n<p style=\"text-align: justify;\">Con el objetivo de generar espacios de vinculaci\u00f3n con personas mayores de la comunidad LGBTIQA+, el Servicio Nacional del Adulto Mayor (SENAMA), ha impulsado la estrategia in\u00e9dita \u201cEnvejecemos y nos vinculamos desde la diversidad\u201d, que busca avanzar en la promoci\u00f3n y protecci\u00f3n de todas las vejeces.<\/p>\n<p style=\"text-align: justify;\">A trav\u00e9s de esta iniciativa, se busca construir un servicio que incluya la diversidad del envejecimiento, avanzando en un trabajo conjunto con aquellos grupos que se han visto hist\u00f3ricamente excluidos, reconoci\u00e9ndolos no solo en la creaci\u00f3n de la oferta program\u00e1tica institucional, sino tambi\u00e9n en la elaboraci\u00f3n de pol\u00edticas p\u00fablicas, avanzando en el respeto de sus derechos y promoviendo su participaci\u00f3n social.<\/p>\n<p style=\"text-align: justify;\">Asimismo, SENAMA ha redefinido su misi\u00f3n y objetivos estrat\u00e9gicos, incorporando y transversalizando el enfoque de g\u00e9nero e interseccionalidad, proyectando l\u00edneas de acci\u00f3n que apunten a la inclusi\u00f3n de la poblaci\u00f3n mayor de las diversidades sexo gen\u00e9ricas, comprendiendo la particularidad de sus experiencias y definiendo estrategias de intervenci\u00f3n adecuadas a sus especificidades.<\/p>\n<p style=\"text-align: justify;\">La directora nacional de SENAMA, Claudia Asmad, se\u00f1al\u00f3 al respecto que \u201ca trav\u00e9s de la incorporaci\u00f3n del enfoque de g\u00e9nero e interseccionalidad buscamos el reconocimiento de las desigualdades, discriminaciones y violencias que experimentan las personas por distintos motivos, como la edad, g\u00e9nero, orientaci\u00f3n o identidad sexual, entre otros, apelando a conocer c\u00f3mo el cruce de inequidades va forjando vivencias particulares que requieren ser abordados con una mirada m\u00e1s compleja. Esto nos permitir\u00e1 ir proyectando l\u00edneas de acci\u00f3n que contribuyan a la inclusi\u00f3n de la poblaci\u00f3n mayor de las diversidades sexo gen\u00e9ricas\u201d.<\/p>\n<p style=\"text-align: justify;\">La estrategia \u201cEnvejecemos y nos vinculamos desde la diversidad\u201d, apunta al acercamiento y di\u00e1logo con personas mayores de la comunidad LGBTQIA+ en todo el territorio, con el fin de identificar sus necesidades, intereses y propuestas y generar l\u00edneas de acci\u00f3n co construidas para y con ellas\/os.<\/p>\n<p style=\"text-align: justify;\">Es as\u00ed como SENAMA implementar\u00e1 un plan de trabajo que contempla diversas etapas. Para comenzar, se realizar\u00e1 un mapeo de las personas mayores de las diversidades sexo gen\u00e9ricas que se encuentren organizadas. As\u00ed como tambi\u00e9n se efectuar\u00e1 un llamado a trav\u00e9s de las redes sociales institucionales, a todas las personas mayores de las diversidades sexo gen\u00e9ricas que quieran ser parte de esta estrategia que se est\u00e1 levantando a nivel nacional. Posteriormente se impulsar\u00e1 un espacio de encuentro con personas mayores de las diversidades sexo gen\u00e9ricas que hayan sido registradas a partir de este mapeo.<\/p>\n<p style=\"text-align: justify;\">Como parte de este trabajo se considera adem\u00e1s una instancia o espacio formativo en esta tem\u00e1tica dirigido hacia personas funcionarias del servicio y la implementaci\u00f3n de mesas de trabajo con organizaciones vinculadas a la tem\u00e1tica que permitan aportar a la generaci\u00f3n de propuestas para el abordaje de la materia. Es as\u00ed como ya se ha iniciado un di\u00e1logo y trabajo con Red Diversa, la Red Nacional de Municipalidades con Oficinas de Diversidad, Inclusi\u00f3n y No Discriminaci\u00f3n.<\/p>\n<p style=\"text-align: justify;\">Para ser parte de esta estrategia, SENAMA ha convocado a las personas mayores de las diversidades sexo gen\u00e9ricas a inscribirse en las coordinaciones regionales del servicio (direcciones disponibles en el sitio web) ya sea de manera presencial o por tel\u00e9fono, o bien llenando el <a href=\"https:\/\/docs.google.com\/forms\/d\/1MZbxL209FvjXeaSO9e0gVukHhcCczGx5rPAcYb18r6Q\/edit?invite=CKLGx8wG&amp;ts=64c3d8d3\">formulario de inscripci\u00f3n<\/a> que se encuentra en un banner dispuesto en la p\u00e1gina web <a href=\"http:\/\/www.senama.gob.cl\">www.senama.gob.cl<\/a>.<\/p>\n<\/div><\/section><\/div><div  style='height:50px' class='hr hr-invisible   avia-builder-el-6  el_after_av_one_full  el_before_av_social_share '><span class='hr-inner ' ><span class='hr-inner-style'><\/span><\/span><\/div><\/p>\n<div  class='av-social-sharing-box  avia-builder-el-7  el_after_av_hr  el_before_av_hr  '><div class='av-share-box'><h5 class='av-share-link-description av-no-toc '>Compartir esta noticia<\/h5><ul class='av-share-box-list noLightbox'><li class='av-share-link av-social-link-facebook' ><a target=\"_blank\" aria-label=\"Compartir en Facebook\" href='https:\/\/www.facebook.com\/sharer.php?u=https:\/\/radiorevelacionfm.cl\/?p=34233&#038;t=%E2%80%9CEnvejecemos%20y%20nos%20vinculamos%20desde%20la%20diversidad%E2%80%9D%3A%20Senama%20presenta%20in%C3%A9dita%20estrategia%20para%20avanzar%20en%20la%20inclusi%C3%B3n%20de%20personas%20mayores%20LGBTQIA%2B' aria-hidden='false' data-av_icon='\ue8f3' data-av_iconfont='entypo-fontello' title='' data-avia-related-tooltip='Compartir en Facebook' rel=\"noopener\"><span class='avia_hidden_link_text'>Compartir en Facebook<\/span><\/a><\/li><li class='av-share-link av-social-link-twitter' ><a target=\"_blank\" aria-label=\"Compartir en Twitter\" href='https:\/\/twitter.com\/share?text=%E2%80%9CEnvejecemos%20y%20nos%20vinculamos%20desde%20la%20diversidad%E2%80%9D%3A%20Senama%20presenta%20in%C3%A9dita%20estrategia%20para%20avanzar%20en%20la%20inclusi%C3%B3n%20de%20personas%20mayores%20LGBTQIA%2B&#038;url=https:\/\/radiorevelacionfm.cl\/?p=34233' aria-hidden='false' data-av_icon='\ue8f1' data-av_iconfont='entypo-fontello' title='' data-avia-related-tooltip='Compartir en Twitter' rel=\"noopener\"><span class='avia_hidden_link_text'>Compartir en Twitter<\/span><\/a><\/li><li class='av-share-link av-social-link-whatsapp' ><a target=\"_blank\" aria-label=\"Compartir en Whatsapp\" href='https:\/\/api.whatsapp.com\/send?text=https:\/\/radiorevelacionfm.cl\/?p=34233' aria-hidden='false' data-av_icon='\uf232' data-av_iconfont='entypo-fontello' title='' data-avia-related-tooltip='Compartir en Whatsapp' rel=\"noopener\"><span class='avia_hidden_link_text'>Compartir en Whatsapp<\/span><\/a><\/li><li class='av-share-link av-social-link-linkedin' ><a target=\"_blank\" aria-label=\"Compartir en LinkedIn\" href='https:\/\/linkedin.com\/shareArticle?mini=true&#038;title=%E2%80%9CEnvejecemos%20y%20nos%20vinculamos%20desde%20la%20diversidad%E2%80%9D%3A%20Senama%20presenta%20in%C3%A9dita%20estrategia%20para%20avanzar%20en%20la%20inclusi%C3%B3n%20de%20personas%20mayores%20LGBTQIA%2B&#038;url=https:\/\/radiorevelacionfm.cl\/?p=34233' aria-hidden='false' data-av_icon='\ue8fc' data-av_iconfont='entypo-fontello' title='' data-avia-related-tooltip='Compartir en LinkedIn' rel=\"noopener\"><span class='avia_hidden_link_text'>Compartir en LinkedIn<\/span><\/a><\/li><li class='av-share-link av-social-link-mail' ><a  aria-label=\"Compartir por correo\" href='mailto:?subject=%E2%80%9CEnvejecemos%20y%20nos%20vinculamos%20desde%20la%20diversidad%E2%80%9D%3A%20Senama%20presenta%20in%C3%A9dita%20estrategia%20para%20avanzar%20en%20la%20inclusi%C3%B3n%20de%20personas%20mayores%20LGBTQIA%2B&#038;body=https:\/\/radiorevelacionfm.cl\/?p=34233' aria-hidden='false' data-av_icon='\ue805' data-av_iconfont='entypo-fontello' title='' data-avia-related-tooltip='Compartir por correo'><span class='avia_hidden_link_text'>Compartir por correo<\/span><\/a><\/li><\/ul><\/div><\/div>\n<div  style='height:50px' class='hr hr-invisible   avia-builder-el-8  el_after_av_social_share  el_before_av_comments_list '><span class='hr-inner ' ><span class='hr-inner-style'><\/span><\/span><\/div>\n<div  class='av-buildercomment  av-blog-meta-html-info-disabled av-blog-meta-tag-disabled  '><\/div>\n","protected":false},"excerpt":{"rendered":"","protected":false},"author":1,"featured_media":34234,"comment_status":"open","ping_status":"open","sticky":false,"template":"","format":"standard","meta":{"footnotes":""},"categories":[61],"tags":[],"class_list":["post-34233","post","type-post","status-publish","format-standard","has-post-thumbnail","hentry","category-nacional"],"jetpack_featured_media_url":"https:\/\/radiorevelacionfm.cl\/wp-content\/uploads\/2023\/08\/diversidadaysen-2-1.jpg","_links":{"self":[{"href":"https:\/\/radiorevelacionfm.cl\/index.php?rest_route=\/wp\/v2\/posts\/34233","targetHints":{"allow":["GET"]}}],"collection":[{"href":"https:\/\/radiorevelacionfm.cl\/index.php?rest_route=\/wp\/v2\/posts"}],"about":[{"href":"https:\/\/radiorevelacionfm.cl\/index.php?rest_route=\/wp\/v2\/types\/post"}],"author":[{"embeddable":true,"href":"https:\/\/radiorevelacionfm.cl\/index.php?rest_route=\/wp\/v2\/users\/1"}],"replies":[{"embeddable":true,"href":"https:\/\/radiorevelacionfm.cl\/index.php?rest_route=%2Fwp%2Fv2%2Fcomments&post=34233"}],"version-history":[{"count":1,"href":"https:\/\/radiorevelacionfm.cl\/index.php?rest_route=\/wp\/v2\/posts\/34233\/revisions"}],"predecessor-version":[{"id":34235,"href":"https:\/\/radiorevelacionfm.cl\/index.php?rest_route=\/wp\/v2\/posts\/34233\/revisions\/34235"}],"wp:featuredmedia":[{"embeddable":true,"href":"https:\/\/radiorevelacionfm.cl\/index.php?rest_route=\/wp\/v2\/media\/34234"}],"wp:attachment":[{"href":"https:\/\/radiorevelacionfm.cl\/index.php?rest_route=%2Fwp%2Fv2%2Fmedia&parent=34233"}],"wp:term":[{"taxonomy":"category","embeddable":true,"href":"https:\/\/radiorevelacionfm.cl\/index.php?rest_route=%2Fwp%2Fv2%2Fcategories&post=34233"},{"taxonomy":"post_tag","embeddable":true,"href":"https:\/\/radiorevelacionfm.cl\/index.php?rest_route=%2Fwp%2Fv2%2Ftags&post=34233"}],"curies":[{"name":"wp","href":"https:\/\/api.w.org\/{rel}","templated":true}]}}