{"id":34230,"date":"2023-08-24T21:56:47","date_gmt":"2023-08-25T00:56:47","guid":{"rendered":"https:\/\/radiorevelacionfm.cl\/?p=34230"},"modified":"2023-08-24T21:56:47","modified_gmt":"2023-08-25T00:56:47","slug":"senadora-ordenes-mostro-preocupacion-por-el-aumento-en-las-listas-de-espera-de-ges-oncologicas","status":"publish","type":"post","link":"https:\/\/radiorevelacionfm.cl\/?p=34230","title":{"rendered":"Senadora Ordenes mostr\u00f3 preocupaci\u00f3n por el aumento en las listas de espera de GES oncol\u00f3gicas"},"content":{"rendered":"<div class=\"flex_column av_one_full  flex_column_div av-zero-column-padding first  avia-builder-el-0  el_before_av_one_full  avia-builder-el-first  \" style='border-radius:0px; '><div  class='avia-image-container  av-styling-    avia-builder-el-1  avia-builder-el-no-sibling  avia-align-center '  itemprop=\"image\" itemscope=\"itemscope\" itemtype=\"https:\/\/schema.org\/ImageObject\"  ><div class='avia-image-container-inner'><div class='avia-image-overlay-wrap'><img decoding=\"async\" class='wp-image-34231 avia-img-lazy-loading-not-34231 avia_image' src=\"https:\/\/radiorevelacionfm.cl\/wp-content\/uploads\/2023\/08\/2-74-2-1.jpg\" alt='' title='2 (74) (2) (1)' height=\"600\" width=\"900\"  itemprop=\"thumbnailUrl\" srcset=\"https:\/\/radiorevelacionfm.cl\/wp-content\/uploads\/2023\/08\/2-74-2-1.jpg 900w, https:\/\/radiorevelacionfm.cl\/wp-content\/uploads\/2023\/08\/2-74-2-1-300x200.jpg 300w, https:\/\/radiorevelacionfm.cl\/wp-content\/uploads\/2023\/08\/2-74-2-1-768x512.jpg 768w, https:\/\/radiorevelacionfm.cl\/wp-content\/uploads\/2023\/08\/2-74-2-1-705x470.jpg 705w, https:\/\/radiorevelacionfm.cl\/wp-content\/uploads\/2023\/08\/2-74-2-1-450x300.jpg 450w, https:\/\/radiorevelacionfm.cl\/wp-content\/uploads\/2023\/08\/2-74-2-1-600x400.jpg 600w\" sizes=\"(max-width: 900px) 100vw, 900px\" \/><\/div><\/div><\/div><\/div><div class=\"flex_column av_one_full  flex_column_div av-zero-column-padding first  avia-builder-el-2  el_after_av_one_full  el_before_av_one_full  column-top-margin\" style='border-radius:0px; '><section class=\"av_textblock_section \"  itemscope=\"itemscope\" itemtype=\"https:\/\/schema.org\/BlogPosting\" itemprop=\"blogPost\" ><div class='avia_textblock  '   itemprop=\"text\" ><p style=\"text-align: center;\"><strong><span style=\"font-size: 18pt;\">Senadora Ordenes mostr\u00f3 preocupaci\u00f3n por el aumento en las listas de espera de GES oncol\u00f3gicas<\/span><\/strong><\/p>\n<div id=\"gtx-trans\" style=\"position: absolute; left: -50px; top: 4.31534px;\">\n<div class=\"gtx-trans-icon\"><\/div>\n<\/div>\n<\/div><\/section><\/div><div class=\"flex_column av_one_full  flex_column_div av-zero-column-padding first  avia-builder-el-4  el_after_av_one_full  el_before_av_hr  column-top-margin\" style='border-radius:0px; '><section class=\"av_textblock_section \"  itemscope=\"itemscope\" itemtype=\"https:\/\/schema.org\/BlogPosting\" itemprop=\"blogPost\" ><div class='avia_textblock  '   itemprop=\"text\" ><p style=\"text-align: justify;\"><em>Durante su intervenci<\/em><em>\u00f3<\/em><em>n en la Comisi<\/em><em>\u00f3<\/em><em>n de Salud del 21 de agosto, citada para \u201canalizar la situaci<\/em><em>\u00f3<\/em><em>n de las listas de espera GES C<\/em><em>\u00e1<\/em><em>ncer y complementariedad p<\/em><em>\u00fa<\/em><em>blico\/privada en las soluciones\u201d, la senadora por la regi<\/em><em>\u00f3<\/em><em>n de Ays<\/em><em>\u00e9<\/em><em>n, Ximena <\/em><em>O<\/em><em>rdenes, contrast<\/em><em>\u00f3<\/em><em> lo expuesto por el ejecutivo durante la instancia, con el informe que revisaron en marzo de este a<\/em><em>\u00f1<\/em><em>o. La tendencia que a finales de 2022 mostraba una disminuci<\/em><em>\u00f3<\/em><em>n en las Listas de Espera, especialmente en retraso de las Garant<\/em><em>\u00ed<\/em><em>as Expl<\/em><em>\u00ed<\/em><em>citas en Salud -GES- Oncol<\/em><em>\u00f3<\/em><em>gicas, se revirti<\/em><em>\u00f3<\/em><em>, aumentando los retrasos.<\/em><\/p>\n<p style=\"text-align: justify;\">\u201cHoy estamos hablando de cerca de 15 mil casos de retraso GES Oncol\u00f3gica\u201d, sostuvo parlamentaria durante la comisi\u00f3n. \u201cQuiero preguntar por qu\u00e9 aumentaron. Porque a diciembre -del 2022- eran 12 mil 993. En noviembre 13 mil y tantos, en octubre 13 mil 600 aproximadamente y en septiembre 14 mil. En esa oportunidad vimos la baja, desde 14 mil y tantos casos, a 12 mil 993, pero claramente en este semestre esa tendencia cambi\u00f3\u201d afirm\u00f3 Ordenes, emplazando al Ejecutivo por este aumento en las Listas de Espera.<\/p>\n<p style=\"text-align: justify;\">Sobre los retrasos, en base a lo expuesto durante la Comisi\u00f3n, la senadora indic\u00f3: \u201cEst\u00e1n -refiri\u00e9ndose a los pacientes- m\u00e1s del 50 por ciento en una etapa de diagn\u00f3stico. Yo me pongo en el lugar de alguien que est\u00e1 en un problema de salud oncol\u00f3gica\u201d, manifest\u00f3, cuestionando \u201c\u00bfcu\u00e1nto tiempo pasa entre el diagn\u00f3stico y el tratamiento?\u201d.<\/p>\n<p style=\"text-align: justify;\">\u201cEn esa fecha -durante la comisi\u00f3n de inicio de a\u00f1o- los tiempos de espera eran, en promedio, cerca de 80 y tantos d\u00edas. Yo me qued\u00e9 con lo que planteaba el expositor de la FALP -Fundaci\u00f3n Arturo L\u00f3pez P\u00e9rez-, del ideal o est\u00e1ndar de 21 d\u00edas. Me parece que es bueno en pol\u00edticas p\u00fablicas ponerse horizontes y ac\u00e1 hay una experiencia y argumentos para eso\u201d, sostuvo.<\/p>\n<p style=\"text-align: justify;\">Tambi\u00e9n, apunt\u00f3 que, cuando se revisaron las listas de espera, \u201cel subsecretario de Redes, en reuniones anteriores, planteaba \u2018200 d\u00edas\u2019&#8230; Entonces, estamos siendo poco ambiciosos y quiero invitar a cambiar eso, porque, 200 d\u00edas no va a ser un logro para nadie y creo que 87 tampoco\u201d, concluy\u00f3.<\/p>\n<p style=\"text-align: justify;\">Del mismo modo, reforz\u00f3 la idea de poner el foco de la discusi\u00f3n en los detalles como la importancia de cu\u00e1ntos d\u00edas deben esperar los usuarios y de las brechas de tiempo que se abren, por ejemplo, de una etapa de diagn\u00f3stico a la de tratamiento. Adem\u00e1s, la senadora por la regi\u00f3n de Ays\u00e9n retrat\u00f3 el problema que existe con los gestores y las consecuencias de una mala coordinaci\u00f3n, sobre todo en lugares apartados como en las localidades de la regi\u00f3n.<\/p>\n<p style=\"text-align: justify;\">\u201cYo represento a una regi\u00f3n de 100 mil habitantes. Desde el punto de vista de la densidad poblacional, son pocos y es muy com\u00fan el que no se ubique a las personas. Me ha tocado conocer casos donde pacientes fueron derivados desde un centro de salud p\u00fablico a otro, tambi\u00e9n p\u00fablico y los devuelven porque no sirven los ex\u00e1menes\u201d coment\u00f3 la parlamentaria.<\/p>\n<p style=\"text-align: justify;\">\u201cLos gestores son fundamental para que estas cosas no ocurran y lo digo porque hay personas que nunca han salido de la regi\u00f3n y si han salido, no ha sido a esa ciudad -donde est\u00e1 el centro de salud de derivaci\u00f3n- y son ciudades muy diferentes. A mi juicio y siempre planteo esta hip\u00f3tesis, las personas se enferman m\u00e1s en b\u00fasqueda de una soluci\u00f3n a su problem\u00e1tica de salud\u201d, insisti\u00f3 Ximena Ordenes.<\/p>\n<p style=\"text-align: justify;\">Durante la jornada de comisi\u00f3n, luego de lo expuesto por el Ejecutivo, la senadora recalc\u00f3 la importancia de contar con una hoja de ruta clara, que involucre a lo p\u00fablico y lo privado. Tambi\u00e9n, mostr\u00f3 su preocupaci\u00f3n por las capacidades regionales, sobre todo en los problemas que presenta la regi\u00f3n de Ays\u00e9n en el acceso en salud, poniendo como ejemplo que esta es la \u00fanica regi\u00f3n que no figuraba con un proyecto oncol\u00f3gico.<\/p>\n<\/div><\/section><\/div><div  style='height:50px' class='hr hr-invisible   avia-builder-el-6  el_after_av_one_full  el_before_av_social_share '><span class='hr-inner ' ><span class='hr-inner-style'><\/span><\/span><\/div><\/p>\n<div  class='av-social-sharing-box  avia-builder-el-7  el_after_av_hr  el_before_av_hr  '><div class='av-share-box'><h5 class='av-share-link-description av-no-toc '>Compartir esta noticia<\/h5><ul class='av-share-box-list noLightbox'><li class='av-share-link av-social-link-facebook' ><a target=\"_blank\" aria-label=\"Compartir en Facebook\" href='https:\/\/www.facebook.com\/sharer.php?u=https:\/\/radiorevelacionfm.cl\/?p=34230&#038;t=Senadora%20Ordenes%20mostr%C3%B3%20preocupaci%C3%B3n%20por%20el%20aumento%20en%20las%20listas%20de%20espera%20de%20GES%20oncol%C3%B3gicas' aria-hidden='false' data-av_icon='\ue8f3' data-av_iconfont='entypo-fontello' title='' data-avia-related-tooltip='Compartir en Facebook' rel=\"noopener\"><span class='avia_hidden_link_text'>Compartir en Facebook<\/span><\/a><\/li><li class='av-share-link av-social-link-twitter' ><a target=\"_blank\" aria-label=\"Compartir en Twitter\" href='https:\/\/twitter.com\/share?text=Senadora%20Ordenes%20mostr%C3%B3%20preocupaci%C3%B3n%20por%20el%20aumento%20en%20las%20listas%20de%20espera%20de%20GES%20oncol%C3%B3gicas&#038;url=https:\/\/radiorevelacionfm.cl\/?p=34230' aria-hidden='false' data-av_icon='\ue8f1' data-av_iconfont='entypo-fontello' title='' data-avia-related-tooltip='Compartir en Twitter' rel=\"noopener\"><span class='avia_hidden_link_text'>Compartir en Twitter<\/span><\/a><\/li><li class='av-share-link av-social-link-whatsapp' ><a target=\"_blank\" aria-label=\"Compartir en Whatsapp\" href='https:\/\/api.whatsapp.com\/send?text=https:\/\/radiorevelacionfm.cl\/?p=34230' aria-hidden='false' data-av_icon='\uf232' data-av_iconfont='entypo-fontello' title='' data-avia-related-tooltip='Compartir en Whatsapp' rel=\"noopener\"><span class='avia_hidden_link_text'>Compartir en Whatsapp<\/span><\/a><\/li><li class='av-share-link av-social-link-linkedin' ><a target=\"_blank\" aria-label=\"Compartir en LinkedIn\" href='https:\/\/linkedin.com\/shareArticle?mini=true&#038;title=Senadora%20Ordenes%20mostr%C3%B3%20preocupaci%C3%B3n%20por%20el%20aumento%20en%20las%20listas%20de%20espera%20de%20GES%20oncol%C3%B3gicas&#038;url=https:\/\/radiorevelacionfm.cl\/?p=34230' aria-hidden='false' data-av_icon='\ue8fc' data-av_iconfont='entypo-fontello' title='' data-avia-related-tooltip='Compartir en LinkedIn' rel=\"noopener\"><span class='avia_hidden_link_text'>Compartir en LinkedIn<\/span><\/a><\/li><li class='av-share-link av-social-link-mail' ><a  aria-label=\"Compartir por correo\" href='mailto:?subject=Senadora%20Ordenes%20mostr%C3%B3%20preocupaci%C3%B3n%20por%20el%20aumento%20en%20las%20listas%20de%20espera%20de%20GES%20oncol%C3%B3gicas&#038;body=https:\/\/radiorevelacionfm.cl\/?p=34230' aria-hidden='false' data-av_icon='\ue805' data-av_iconfont='entypo-fontello' title='' data-avia-related-tooltip='Compartir por correo'><span class='avia_hidden_link_text'>Compartir por correo<\/span><\/a><\/li><\/ul><\/div><\/div>\n<div  style='height:50px' class='hr hr-invisible   avia-builder-el-8  el_after_av_social_share  el_before_av_comments_list '><span class='hr-inner ' ><span class='hr-inner-style'><\/span><\/span><\/div>\n<div  class='av-buildercomment  av-blog-meta-html-info-disabled av-blog-meta-tag-disabled  '><\/div>\n","protected":false},"excerpt":{"rendered":"","protected":false},"author":1,"featured_media":34231,"comment_status":"open","ping_status":"open","sticky":false,"template":"","format":"standard","meta":{"footnotes":""},"categories":[35],"tags":[],"class_list":["post-34230","post","type-post","status-publish","format-standard","has-post-thumbnail","hentry","category-politica"],"jetpack_featured_media_url":"https:\/\/radiorevelacionfm.cl\/wp-content\/uploads\/2023\/08\/2-74-2-1.jpg","_links":{"self":[{"href":"https:\/\/radiorevelacionfm.cl\/index.php?rest_route=\/wp\/v2\/posts\/34230","targetHints":{"allow":["GET"]}}],"collection":[{"href":"https:\/\/radiorevelacionfm.cl\/index.php?rest_route=\/wp\/v2\/posts"}],"about":[{"href":"https:\/\/radiorevelacionfm.cl\/index.php?rest_route=\/wp\/v2\/types\/post"}],"author":[{"embeddable":true,"href":"https:\/\/radiorevelacionfm.cl\/index.php?rest_route=\/wp\/v2\/users\/1"}],"replies":[{"embeddable":true,"href":"https:\/\/radiorevelacionfm.cl\/index.php?rest_route=%2Fwp%2Fv2%2Fcomments&post=34230"}],"version-history":[{"count":1,"href":"https:\/\/radiorevelacionfm.cl\/index.php?rest_route=\/wp\/v2\/posts\/34230\/revisions"}],"predecessor-version":[{"id":34232,"href":"https:\/\/radiorevelacionfm.cl\/index.php?rest_route=\/wp\/v2\/posts\/34230\/revisions\/34232"}],"wp:featuredmedia":[{"embeddable":true,"href":"https:\/\/radiorevelacionfm.cl\/index.php?rest_route=\/wp\/v2\/media\/34231"}],"wp:attachment":[{"href":"https:\/\/radiorevelacionfm.cl\/index.php?rest_route=%2Fwp%2Fv2%2Fmedia&parent=34230"}],"wp:term":[{"taxonomy":"category","embeddable":true,"href":"https:\/\/radiorevelacionfm.cl\/index.php?rest_route=%2Fwp%2Fv2%2Fcategories&post=34230"},{"taxonomy":"post_tag","embeddable":true,"href":"https:\/\/radiorevelacionfm.cl\/index.php?rest_route=%2Fwp%2Fv2%2Ftags&post=34230"}],"curies":[{"name":"wp","href":"https:\/\/api.w.org\/{rel}","templated":true}]}}