{"id":34226,"date":"2023-08-24T20:53:19","date_gmt":"2023-08-24T23:53:19","guid":{"rendered":"https:\/\/radiorevelacionfm.cl\/?p=34226"},"modified":"2023-08-24T20:53:19","modified_gmt":"2023-08-24T23:53:19","slug":"inician-entrega-de-computadores-del-programa-becas-tic-2023-en-la-region-de-aysen","status":"publish","type":"post","link":"https:\/\/radiorevelacionfm.cl\/?p=34226","title":{"rendered":"Inician entrega de computadores del Programa Becas TIC 2023 en la regi\u00f3n de Ays\u00e9n"},"content":{"rendered":"<div class=\"flex_column av_one_full  flex_column_div av-zero-column-padding first  avia-builder-el-0  el_before_av_one_full  avia-builder-el-first  \" style='border-radius:0px; '><div  class='avia-image-container  av-styling-    avia-builder-el-1  avia-builder-el-no-sibling  avia-align-center '  itemprop=\"image\" itemscope=\"itemscope\" itemtype=\"https:\/\/schema.org\/ImageObject\"  ><div class='avia-image-container-inner'><div class='avia-image-overlay-wrap'><img decoding=\"async\" class='wp-image-34228 avia-img-lazy-loading-not-34228 avia_image' src=\"https:\/\/radiorevelacionfm.cl\/wp-content\/uploads\/2023\/08\/2203c161-245d-4def-9d50-8a010520fa13-1_optimized.jpeg\" alt='' title='2203c161-245d-4def-9d50-8a010520fa13-(1)_optimized' height=\"600\" width=\"802\"  itemprop=\"thumbnailUrl\" srcset=\"https:\/\/radiorevelacionfm.cl\/wp-content\/uploads\/2023\/08\/2203c161-245d-4def-9d50-8a010520fa13-1_optimized.jpeg 802w, https:\/\/radiorevelacionfm.cl\/wp-content\/uploads\/2023\/08\/2203c161-245d-4def-9d50-8a010520fa13-1_optimized-300x224.jpeg 300w, https:\/\/radiorevelacionfm.cl\/wp-content\/uploads\/2023\/08\/2203c161-245d-4def-9d50-8a010520fa13-1_optimized-768x575.jpeg 768w, https:\/\/radiorevelacionfm.cl\/wp-content\/uploads\/2023\/08\/2203c161-245d-4def-9d50-8a010520fa13-1_optimized-705x527.jpeg 705w, https:\/\/radiorevelacionfm.cl\/wp-content\/uploads\/2023\/08\/2203c161-245d-4def-9d50-8a010520fa13-1_optimized-450x337.jpeg 450w, https:\/\/radiorevelacionfm.cl\/wp-content\/uploads\/2023\/08\/2203c161-245d-4def-9d50-8a010520fa13-1_optimized-600x449.jpeg 600w\" sizes=\"(max-width: 802px) 100vw, 802px\" \/><\/div><\/div><\/div><\/div><div class=\"flex_column av_one_full  flex_column_div av-zero-column-padding first  avia-builder-el-2  el_after_av_one_full  el_before_av_one_full  column-top-margin\" style='border-radius:0px; '><section class=\"av_textblock_section \"  itemscope=\"itemscope\" itemtype=\"https:\/\/schema.org\/BlogPosting\" itemprop=\"blogPost\" ><div class='avia_textblock  '   itemprop=\"text\" ><p style=\"text-align: center;\"><strong><span style=\"font-size: 18pt;\">Inician entrega de computadores del Programa Becas TIC 2023 en la regi\u00f3n de Ays\u00e9n<\/span><\/strong><\/p>\n<div id=\"gtx-trans\" style=\"position: absolute; left: -50px; top: 4.31534px;\">\n<div class=\"gtx-trans-icon\"><\/div>\n<\/div>\n<\/div><\/section><\/div><div class=\"flex_column av_one_full  flex_column_div av-zero-column-padding first  avia-builder-el-4  el_after_av_one_full  el_before_av_hr  column-top-margin\" style='border-radius:0px; '><section class=\"av_textblock_section \"  itemscope=\"itemscope\" itemtype=\"https:\/\/schema.org\/BlogPosting\" itemprop=\"blogPost\" ><div class='avia_textblock  '   itemprop=\"text\" ><p class=\"v1MsoNormal\" style=\"text-align: justify;\">Con la entrega de m\u00e1s de 460 equipos computacionales en la comuna de Coyhaique, la Junta Nacional de Auxilio Escolar y Becas (Junaeb) dio inicio en la regi\u00f3n al funcionamiento del programa Becas TIC, actividad que se realiz\u00f3 en el Liceo Josefina Aguirre Montenegro, en la que estuvieron presentes la Seremi de Educaci\u00f3n, Isabel Garrido, el Director Regional Junaeb, Manuel Vivar, acompa\u00f1ados de la Gobernadora Regional, Andrea Mac\u00edas, y el Alcalde de Coyhaique, Carlos Gatica.<\/p>\n<p class=\"v1MsoNormal\" style=\"text-align: justify;\">El programa Becas TIC de Junaeb, tiene\u00a0como fin acortar la brecha de acceso y uso de las Tecnolog\u00edas de la Informaci\u00f3n y Comunicaci\u00f3n (TIC) y apoyar los procesos de aprendizaje de las y los estudiantes, a trav\u00e9s de la entrega de un set de herramientas para el estudio, que corresponden a un computador con los softwares necesarios y conectividad a internet por 12 meses.<\/p>\n<p class=\"v1MsoNormal\" style=\"text-align: justify;\">En este sentido, Manuel Vivar, Director Regional de Junaeb mencion\u00f3: \u201cCon este hito estamos iniciando el proceso de entrega en la regi\u00f3n, donde debi\u00e9ramos estar entregando del orden de 1.050 equipos distribuidos en las distintas comunas. Considerando que nuestra misi\u00f3n es apoyar la trayectoria educacional de la\/os estudiantes, la entrega de equipos permite disminuir brechas digitales en un territorio donde la conectividad es un tema muy sensible, reforzando tambi\u00e9n el desaf\u00edo de la reactivaci\u00f3n educativa\u201d.<\/p>\n<p class=\"v1MsoNormal\" style=\"text-align: justify;\">Durante el 2023 se logr\u00f3 un aumento en la compra de los equipos, gracias a gestiones internas de Junaeb, permitiendo la entrega este a\u00f1o de 143.544 equipos a nivel nacional, aumentando en 23% los adquiridos durante el a\u00f1o anterior.<\/p>\n<p class=\"v1MsoNormal\" style=\"text-align: justify;\">La Seremi de Educaci\u00f3n Isabel Garrido se\u00f1al\u00f3 que \u201cEn el marco del Plan de Reactivaci\u00f3n Educativa que impulsa el Gobierno del Presidente Gabriel Boric el programa de Becas TIC de Junaeb es tremendamente relevante porque hoy las tecnolog\u00edas de la informaci\u00f3n y comunicaciones es requisito para el aprendizaje. Lo que antes se consideraba un lujo hoy es la base para poder avanzar en los estudios. Nuestro compromiso como Gobierno es resguardar las condiciones para garantizar la reactivaci\u00f3n educativa. Necesitamos que las ni\u00f1as y los ni\u00f1os est\u00e9n asistiendo regularmente a clases, cerrando brechas de aprendizajes y mejorando en su convivencia escolar y las tecnolog\u00edas de la informaci\u00f3n y comunicaciones forman parte de la base de estas condiciones\u201d.<\/p>\n<p class=\"v1MsoNormal\" style=\"text-align: justify;\">Por su parte, la Gobernadora, que tambi\u00e9n estuvo presente en la actividad coment\u00f3 que \u201cEstamos muy contentos como Gobierno Regional\u00a0 de que se concrete esta entrega de Becas TIC que viene a reducir brechas para el aprendizaje y destacamos que el n\u00famero asignado permite dar cobertura al cien por ciento de los estudiantes de s\u00e9ptimos a\u00f1os b\u00e1sicos de las escuelas y liceos p\u00fablicos. Esto es un aliciente para que las familias sigan enviando a sus hijos e hijas a la escuela y disminuir as\u00ed el ausentismo escolar. En un mundo globalizado y tecnologizado es fundamental abrir espacios a nuestros estudiantes para que puedan acceder a este mundo y no quedarse abajo\u201d.<\/p>\n<p class=\"v1MsoNormal\" style=\"text-align: justify;\">En tanto, el alcalde de Coyhaique Carlos Gatica\u00a0 agradeci\u00f3 el aporte tecnol\u00f3gico\u00a0\u00a0a estudiantes de 23 colegios de la comuna de Coyhaique se\u00f1alando que \u201cEs destacable que este a\u00f1o el n\u00famero de computadores se increment\u00f3 en un esfuerzo mayor que est\u00e1 realizando el Gobierno a trav\u00e9s de Junaeb y eso hay que agradecerlo porque son m\u00e1s familias y m\u00e1s estudiantes que acceden a estas herramientas que son tan necesarias hoy\u201d.<\/p>\n<p class=\"v1MsoNormal\" style=\"text-align: justify;\">El Programa Beca TIC 2023 se asigna de manera universal a estudiantes de 7\u00b0 b\u00e1sico de establecimientos p\u00fablicos, y en el caso de estudiantes de establecimientos particulares subvencionados, los computadores disponibles, se asignan de acuerdo a requisitos establecidos por el Ministerio de Desarrollo Social, priorizando a los estudiantes que presentan mayores \u00edndices de vulnerabilidad social. La entrega de equipos se desarrollar\u00e1 durante agosto y septiembre para poder llegar a los distintos establecimientos educacionales presentes en la regi\u00f3n.<\/p>\n<\/div><\/section><\/div><div  style='height:50px' class='hr hr-invisible   avia-builder-el-6  el_after_av_one_full  el_before_av_social_share '><span class='hr-inner ' ><span class='hr-inner-style'><\/span><\/span><\/div><\/p>\n<div  class='av-social-sharing-box  avia-builder-el-7  el_after_av_hr  el_before_av_hr  '><div class='av-share-box'><h5 class='av-share-link-description av-no-toc '>Compartir esta noticia<\/h5><ul class='av-share-box-list noLightbox'><li class='av-share-link av-social-link-facebook' ><a target=\"_blank\" aria-label=\"Compartir en Facebook\" href='https:\/\/www.facebook.com\/sharer.php?u=https:\/\/radiorevelacionfm.cl\/?p=34226&#038;t=Inician%20entrega%20de%20computadores%20del%20Programa%20Becas%20TIC%202023%20en%20la%20regi%C3%B3n%20de%20Ays%C3%A9n' aria-hidden='false' data-av_icon='\ue8f3' data-av_iconfont='entypo-fontello' title='' data-avia-related-tooltip='Compartir en Facebook' rel=\"noopener\"><span class='avia_hidden_link_text'>Compartir en Facebook<\/span><\/a><\/li><li class='av-share-link av-social-link-twitter' ><a target=\"_blank\" aria-label=\"Compartir en Twitter\" href='https:\/\/twitter.com\/share?text=Inician%20entrega%20de%20computadores%20del%20Programa%20Becas%20TIC%202023%20en%20la%20regi%C3%B3n%20de%20Ays%C3%A9n&#038;url=https:\/\/radiorevelacionfm.cl\/?p=34226' aria-hidden='false' data-av_icon='\ue8f1' data-av_iconfont='entypo-fontello' title='' data-avia-related-tooltip='Compartir en Twitter' rel=\"noopener\"><span class='avia_hidden_link_text'>Compartir en Twitter<\/span><\/a><\/li><li class='av-share-link av-social-link-whatsapp' ><a target=\"_blank\" aria-label=\"Compartir en Whatsapp\" href='https:\/\/api.whatsapp.com\/send?text=https:\/\/radiorevelacionfm.cl\/?p=34226' aria-hidden='false' data-av_icon='\uf232' data-av_iconfont='entypo-fontello' title='' data-avia-related-tooltip='Compartir en Whatsapp' rel=\"noopener\"><span class='avia_hidden_link_text'>Compartir en Whatsapp<\/span><\/a><\/li><li class='av-share-link av-social-link-linkedin' ><a target=\"_blank\" aria-label=\"Compartir en LinkedIn\" href='https:\/\/linkedin.com\/shareArticle?mini=true&#038;title=Inician%20entrega%20de%20computadores%20del%20Programa%20Becas%20TIC%202023%20en%20la%20regi%C3%B3n%20de%20Ays%C3%A9n&#038;url=https:\/\/radiorevelacionfm.cl\/?p=34226' aria-hidden='false' data-av_icon='\ue8fc' data-av_iconfont='entypo-fontello' title='' data-avia-related-tooltip='Compartir en LinkedIn' rel=\"noopener\"><span class='avia_hidden_link_text'>Compartir en LinkedIn<\/span><\/a><\/li><li class='av-share-link av-social-link-mail' ><a  aria-label=\"Compartir por correo\" href='mailto:?subject=Inician%20entrega%20de%20computadores%20del%20Programa%20Becas%20TIC%202023%20en%20la%20regi%C3%B3n%20de%20Ays%C3%A9n&#038;body=https:\/\/radiorevelacionfm.cl\/?p=34226' aria-hidden='false' data-av_icon='\ue805' data-av_iconfont='entypo-fontello' title='' data-avia-related-tooltip='Compartir por correo'><span class='avia_hidden_link_text'>Compartir por correo<\/span><\/a><\/li><\/ul><\/div><\/div>\n<div  style='height:50px' class='hr hr-invisible   avia-builder-el-8  el_after_av_social_share  el_before_av_comments_list '><span class='hr-inner ' ><span class='hr-inner-style'><\/span><\/span><\/div>\n<div  class='av-buildercomment  av-blog-meta-html-info-disabled av-blog-meta-tag-disabled  '><\/div>\n","protected":false},"excerpt":{"rendered":"","protected":false},"author":1,"featured_media":34228,"comment_status":"open","ping_status":"open","sticky":false,"template":"","format":"standard","meta":{"footnotes":""},"categories":[49],"tags":[],"class_list":["post-34226","post","type-post","status-publish","format-standard","has-post-thumbnail","hentry","category-educacion"],"jetpack_featured_media_url":"https:\/\/radiorevelacionfm.cl\/wp-content\/uploads\/2023\/08\/2203c161-245d-4def-9d50-8a010520fa13-1_optimized.jpeg","_links":{"self":[{"href":"https:\/\/radiorevelacionfm.cl\/index.php?rest_route=\/wp\/v2\/posts\/34226","targetHints":{"allow":["GET"]}}],"collection":[{"href":"https:\/\/radiorevelacionfm.cl\/index.php?rest_route=\/wp\/v2\/posts"}],"about":[{"href":"https:\/\/radiorevelacionfm.cl\/index.php?rest_route=\/wp\/v2\/types\/post"}],"author":[{"embeddable":true,"href":"https:\/\/radiorevelacionfm.cl\/index.php?rest_route=\/wp\/v2\/users\/1"}],"replies":[{"embeddable":true,"href":"https:\/\/radiorevelacionfm.cl\/index.php?rest_route=%2Fwp%2Fv2%2Fcomments&post=34226"}],"version-history":[{"count":1,"href":"https:\/\/radiorevelacionfm.cl\/index.php?rest_route=\/wp\/v2\/posts\/34226\/revisions"}],"predecessor-version":[{"id":34229,"href":"https:\/\/radiorevelacionfm.cl\/index.php?rest_route=\/wp\/v2\/posts\/34226\/revisions\/34229"}],"wp:featuredmedia":[{"embeddable":true,"href":"https:\/\/radiorevelacionfm.cl\/index.php?rest_route=\/wp\/v2\/media\/34228"}],"wp:attachment":[{"href":"https:\/\/radiorevelacionfm.cl\/index.php?rest_route=%2Fwp%2Fv2%2Fmedia&parent=34226"}],"wp:term":[{"taxonomy":"category","embeddable":true,"href":"https:\/\/radiorevelacionfm.cl\/index.php?rest_route=%2Fwp%2Fv2%2Fcategories&post=34226"},{"taxonomy":"post_tag","embeddable":true,"href":"https:\/\/radiorevelacionfm.cl\/index.php?rest_route=%2Fwp%2Fv2%2Ftags&post=34226"}],"curies":[{"name":"wp","href":"https:\/\/api.w.org\/{rel}","templated":true}]}}