{"id":3422,"date":"2021-04-23T12:13:55","date_gmt":"2021-04-23T15:13:55","guid":{"rendered":"https:\/\/radiorevelacionfm.cl\/?p=3422"},"modified":"2021-04-23T12:13:55","modified_gmt":"2021-04-23T15:13:55","slug":"consejo-regional-valora-restablecimiento-de-actividades-culturales-mediante-escenario-movil","status":"publish","type":"post","link":"https:\/\/radiorevelacionfm.cl\/?p=3422","title":{"rendered":"Consejo Regional valora restablecimiento de actividades culturales mediante escenario m\u00f3vil"},"content":{"rendered":"<div class=\"flex_column av_one_full  flex_column_div av-zero-column-padding first  avia-builder-el-0  el_before_av_one_full  avia-builder-el-first  \" style='border-radius:0px; '><div  class='avia-image-container  av-styling-    avia-builder-el-1  avia-builder-el-no-sibling  avia-align-center '  itemprop=\"image\" itemscope=\"itemscope\" itemtype=\"https:\/\/schema.org\/ImageObject\"  ><div class='avia-image-container-inner'><div class='avia-image-overlay-wrap'><img decoding=\"async\" class='wp-image-0 avia-img-lazy-loading-not-0 avia_image' src=\"https:\/\/radiorevelacionfm.cl\/wp-content\/uploads\/2021\/04\/image-11-3.png\" alt='' title=''   itemprop=\"thumbnailUrl\"  \/><\/div><\/div><\/div><\/div><div class=\"flex_column av_one_full  flex_column_div av-zero-column-padding first  avia-builder-el-2  el_after_av_one_full  el_before_av_one_full  column-top-margin\" style='border-radius:0px; '><section class=\"av_textblock_section \"  itemscope=\"itemscope\" itemtype=\"https:\/\/schema.org\/BlogPosting\" itemprop=\"blogPost\" ><div class='avia_textblock  '   itemprop=\"text\" ><p style=\"text-align: center;\"><strong><span style=\"font-size: 18pt;\">Consejo Regional valora restablecimiento de actividades culturales mediante escenario m\u00f3vil <\/span><\/strong><\/p>\n<div id=\"gtx-trans\" style=\"position: absolute; left: -50px; top: 4.31534px;\">\n<div class=\"gtx-trans-icon\"><\/div>\n<\/div>\n<\/div><\/section><\/div><div class=\"flex_column av_one_full  flex_column_div av-zero-column-padding first  avia-builder-el-4  el_after_av_one_full  el_before_av_hr  column-top-margin\" style='border-radius:0px; '><section class=\"av_textblock_section \"  itemscope=\"itemscope\" itemtype=\"https:\/\/schema.org\/BlogPosting\" itemprop=\"blogPost\" ><div class='avia_textblock  '   itemprop=\"text\" ><p style=\"text-align: justify;\">Una visita de inspecci\u00f3n al escenario m\u00f3vil que administra la secretar\u00eda regional ministerial de las Culturas las Artes y el Patrimonio en la Regi\u00f3n de Ays\u00e9n y que actualmente se ubica en terrenos del Museo Regional, realiz\u00f3 el presidente de la Comisi\u00f3n Cultural, Social y Deportiva del Consejo Regional de Ays\u00e9n, Gustavo Villarroel Pinilla.<\/p>\n<p style=\"text-align: justify;\">La infraestructura fue financiada con $95 millones del Fondo Nacional de Desarrollo Regional (F.N.D.R.), con el objetivo de fortalecer el acceso de las personas a la cultura y las artes, priorizando las comunas y localidades m\u00e1s retiradas.<\/p>\n<p style=\"text-align: justify;\">\u201cNosotros tuvimos la visi\u00f3n de poder llevar la cultura, las actividades recreativas a distintos puntos de nuestra regi\u00f3n de Ays\u00e9n, con todo lo dif\u00edcil, primero la distancia para que nuestra gente pueda acceder a eventos culturales y ciertas limitaciones que tenemos para traer cultura a nuestra gente, ve\u00edamos que este proyecto realmente daba respuesta a estas necesidades y a estas aspiraciones\u201d, indic\u00f3.<\/p>\n<p style=\"text-align: justify;\">Gustavo Villarroel a\u00f1adi\u00f3 que esta infraestructura estar\u00e1 disponible para todo tipo de actividades culturales, como la actuaci\u00f3n de conjuntos musicales, presentaci\u00f3n de obras de teatro, proyecci\u00f3n de pel\u00edculas, entre otras, a partir de una programaci\u00f3n conjunta.<\/p>\n<p style=\"text-align: justify;\">\u201cHubo bastantes situaciones que impidieron este desarrollo normal, despu\u00e9s de hecha la adquisici\u00f3n del m\u00f3vil. Hubo tema de seguros, disponer de un veh\u00edculo, permisos y una serie de tr\u00e1mites que tal vez no se vieron al inicio y que signific\u00f3 tener guardado el m\u00f3vil en distintos lugares hasta que se trajo ac\u00e1. Nos queda acompa\u00f1ar a nuestra seremi de Cultura, para efectos de disponer en conjunto de una planificaci\u00f3n de trabajo, donde nos interesa ser parte como Consejo Regional en la proyecci\u00f3n que se vaya a desarrollar, sobre todo, pensando en los desplazamientos que tenga y en los espect\u00e1culos que puedan llevarse a distintos lugares\u201d, puntualiz\u00f3.<\/p>\n<p style=\"text-align: justify;\">Cabe destacar que esta infraestructura se enmarca en las pol\u00edticas p\u00fablicas nacionales y regionales y en las necesidades de la regi\u00f3n y la comunidad, en torno a que toda persona tiene derecho a tomar parte libremente en la vida cultural de la comunidad, a gozar de las artes y a participar en el progreso cient\u00edfico y en los beneficios que de \u00e9l resulten.<\/p>\n<\/div><\/section><\/div><div  style='height:50px' class='hr hr-invisible   avia-builder-el-6  el_after_av_one_full  el_before_av_social_share '><span class='hr-inner ' ><span class='hr-inner-style'><\/span><\/span><\/div><\/p>\n<div  class='av-social-sharing-box  avia-builder-el-7  el_after_av_hr  el_before_av_hr  '><div class='av-share-box'><h5 class='av-share-link-description av-no-toc '>Compartir esta noticia<\/h5><ul class='av-share-box-list noLightbox'><li class='av-share-link av-social-link-facebook' ><a target=\"_blank\" aria-label=\"Compartir en Facebook\" href='https:\/\/www.facebook.com\/sharer.php?u=https:\/\/radiorevelacionfm.cl\/?p=3422&#038;t=Consejo%20Regional%20valora%20restablecimiento%20de%20actividades%20culturales%20mediante%20escenario%20m%C3%B3vil' aria-hidden='false' data-av_icon='\ue8f3' data-av_iconfont='entypo-fontello' title='' data-avia-related-tooltip='Compartir en Facebook' rel=\"noopener\"><span class='avia_hidden_link_text'>Compartir en Facebook<\/span><\/a><\/li><li class='av-share-link av-social-link-twitter' ><a target=\"_blank\" aria-label=\"Compartir en Twitter\" href='https:\/\/twitter.com\/share?text=Consejo%20Regional%20valora%20restablecimiento%20de%20actividades%20culturales%20mediante%20escenario%20m%C3%B3vil&#038;url=https:\/\/radiorevelacionfm.cl\/?p=3422' aria-hidden='false' data-av_icon='\ue8f1' data-av_iconfont='entypo-fontello' title='' data-avia-related-tooltip='Compartir en Twitter' rel=\"noopener\"><span class='avia_hidden_link_text'>Compartir en Twitter<\/span><\/a><\/li><li class='av-share-link av-social-link-whatsapp' ><a target=\"_blank\" aria-label=\"Compartir en Whatsapp\" href='https:\/\/api.whatsapp.com\/send?text=https:\/\/radiorevelacionfm.cl\/?p=3422' aria-hidden='false' data-av_icon='\uf232' data-av_iconfont='entypo-fontello' title='' data-avia-related-tooltip='Compartir en Whatsapp' rel=\"noopener\"><span class='avia_hidden_link_text'>Compartir en Whatsapp<\/span><\/a><\/li><li class='av-share-link av-social-link-linkedin' ><a target=\"_blank\" aria-label=\"Compartir en LinkedIn\" href='https:\/\/linkedin.com\/shareArticle?mini=true&#038;title=Consejo%20Regional%20valora%20restablecimiento%20de%20actividades%20culturales%20mediante%20escenario%20m%C3%B3vil&#038;url=https:\/\/radiorevelacionfm.cl\/?p=3422' aria-hidden='false' data-av_icon='\ue8fc' data-av_iconfont='entypo-fontello' title='' data-avia-related-tooltip='Compartir en LinkedIn' rel=\"noopener\"><span class='avia_hidden_link_text'>Compartir en LinkedIn<\/span><\/a><\/li><li class='av-share-link av-social-link-mail' ><a  aria-label=\"Compartir por correo\" href='mailto:?subject=Consejo%20Regional%20valora%20restablecimiento%20de%20actividades%20culturales%20mediante%20escenario%20m%C3%B3vil&#038;body=https:\/\/radiorevelacionfm.cl\/?p=3422' aria-hidden='false' data-av_icon='\ue805' data-av_iconfont='entypo-fontello' title='' data-avia-related-tooltip='Compartir por correo'><span class='avia_hidden_link_text'>Compartir por correo<\/span><\/a><\/li><\/ul><\/div><\/div>\n<div  style='height:50px' class='hr hr-invisible   avia-builder-el-8  el_after_av_social_share  el_before_av_comments_list '><span class='hr-inner ' ><span class='hr-inner-style'><\/span><\/span><\/div>\n<div  class='av-buildercomment  av-blog-meta-html-info-disabled av-blog-meta-tag-disabled  '><\/div>\n","protected":false},"excerpt":{"rendered":"","protected":false},"author":1,"featured_media":0,"comment_status":"open","ping_status":"open","sticky":false,"template":"","format":"standard","meta":{"footnotes":""},"categories":[52],"tags":[],"class_list":["post-3422","post","type-post","status-publish","format-standard","hentry","category-cultura"],"jetpack_featured_media_url":"","_links":{"self":[{"href":"https:\/\/radiorevelacionfm.cl\/index.php?rest_route=\/wp\/v2\/posts\/3422","targetHints":{"allow":["GET"]}}],"collection":[{"href":"https:\/\/radiorevelacionfm.cl\/index.php?rest_route=\/wp\/v2\/posts"}],"about":[{"href":"https:\/\/radiorevelacionfm.cl\/index.php?rest_route=\/wp\/v2\/types\/post"}],"author":[{"embeddable":true,"href":"https:\/\/radiorevelacionfm.cl\/index.php?rest_route=\/wp\/v2\/users\/1"}],"replies":[{"embeddable":true,"href":"https:\/\/radiorevelacionfm.cl\/index.php?rest_route=%2Fwp%2Fv2%2Fcomments&post=3422"}],"version-history":[{"count":1,"href":"https:\/\/radiorevelacionfm.cl\/index.php?rest_route=\/wp\/v2\/posts\/3422\/revisions"}],"predecessor-version":[{"id":3424,"href":"https:\/\/radiorevelacionfm.cl\/index.php?rest_route=\/wp\/v2\/posts\/3422\/revisions\/3424"}],"wp:attachment":[{"href":"https:\/\/radiorevelacionfm.cl\/index.php?rest_route=%2Fwp%2Fv2%2Fmedia&parent=3422"}],"wp:term":[{"taxonomy":"category","embeddable":true,"href":"https:\/\/radiorevelacionfm.cl\/index.php?rest_route=%2Fwp%2Fv2%2Fcategories&post=3422"},{"taxonomy":"post_tag","embeddable":true,"href":"https:\/\/radiorevelacionfm.cl\/index.php?rest_route=%2Fwp%2Fv2%2Ftags&post=3422"}],"curies":[{"name":"wp","href":"https:\/\/api.w.org\/{rel}","templated":true}]}}