{"id":34215,"date":"2023-08-25T20:07:11","date_gmt":"2023-08-25T23:07:11","guid":{"rendered":"https:\/\/radiorevelacionfm.cl\/?p=34215"},"modified":"2023-08-25T20:07:11","modified_gmt":"2023-08-25T23:07:11","slug":"diputada-raphael-valora-avance-de-ley-que-consagra-el-olvido-oncologico","status":"publish","type":"post","link":"https:\/\/radiorevelacionfm.cl\/?p=34215","title":{"rendered":"Diputada Raphael valora avance de ley que consagra el \u201colvido oncol\u00f3gico\u201d"},"content":{"rendered":"<div class=\"flex_column av_one_full  flex_column_div av-zero-column-padding first  avia-builder-el-0  el_before_av_one_full  avia-builder-el-first  \" style='border-radius:0px; '><div  class='avia-image-container  av-styling-    avia-builder-el-1  avia-builder-el-no-sibling  avia-align-center '  itemprop=\"image\" itemscope=\"itemscope\" itemtype=\"https:\/\/schema.org\/ImageObject\"  ><div class='avia-image-container-inner'><div class='avia-image-overlay-wrap'><img decoding=\"async\" class='wp-image-29430 avia-img-lazy-loading-not-29430 avia_image' src=\"https:\/\/radiorevelacionfm.cl\/wp-content\/uploads\/2023\/03\/Diputada-MRM-1-1.jpg\" alt='' title='Diputada MRM (1) (1)' height=\"600\" width=\"901\"  itemprop=\"thumbnailUrl\" srcset=\"https:\/\/radiorevelacionfm.cl\/wp-content\/uploads\/2023\/03\/Diputada-MRM-1-1.jpg 901w, https:\/\/radiorevelacionfm.cl\/wp-content\/uploads\/2023\/03\/Diputada-MRM-1-1-300x200.jpg 300w, https:\/\/radiorevelacionfm.cl\/wp-content\/uploads\/2023\/03\/Diputada-MRM-1-1-768x511.jpg 768w, https:\/\/radiorevelacionfm.cl\/wp-content\/uploads\/2023\/03\/Diputada-MRM-1-1-705x469.jpg 705w, https:\/\/radiorevelacionfm.cl\/wp-content\/uploads\/2023\/03\/Diputada-MRM-1-1-450x300.jpg 450w, https:\/\/radiorevelacionfm.cl\/wp-content\/uploads\/2023\/03\/Diputada-MRM-1-1-600x400.jpg 600w\" sizes=\"(max-width: 901px) 100vw, 901px\" \/><\/div><\/div><\/div><\/div><div class=\"flex_column av_one_full  flex_column_div av-zero-column-padding first  avia-builder-el-2  el_after_av_one_full  el_before_av_one_full  column-top-margin\" style='border-radius:0px; '><section class=\"av_textblock_section \"  itemscope=\"itemscope\" itemtype=\"https:\/\/schema.org\/BlogPosting\" itemprop=\"blogPost\" ><div class='avia_textblock  '   itemprop=\"text\" ><p style=\"text-align: center;\"><span style=\"font-size: 18pt;\"><strong>Diputada Marcia Raphael valora avance de ley que consagra el \u201colvido oncol\u00f3gico\u201d<\/strong><\/span><\/p>\n<div id=\"gtx-trans\" style=\"position: absolute; left: -50px; top: 4.31534px;\">\n<div class=\"gtx-trans-icon\"><\/div>\n<\/div>\n<\/div><\/section><\/div><div class=\"flex_column av_one_full  flex_column_div av-zero-column-padding first  avia-builder-el-4  el_after_av_one_full  el_before_av_hr  column-top-margin\" style='border-radius:0px; '><section class=\"av_textblock_section \"  itemscope=\"itemscope\" itemtype=\"https:\/\/schema.org\/BlogPosting\" itemprop=\"blogPost\" ><div class='avia_textblock  '   itemprop=\"text\" ><p style=\"text-align: justify;\">La subjefa de la bancada de Renovaci\u00f3n Nacimiento, Marcia Raphael, valor\u00f3 la aprobaci\u00f3n en general y en particular en la Comisi\u00f3n de Econom\u00eda, del proyecto de su autor\u00eda que consagra el \u201colvido oncol\u00f3gico\u201d, estableciendo que las entidades reguladas y fiscalizadas por la Comisi\u00f3n para el Mercado Financiero deber\u00e1n eliminar todo registro de dicha informaci\u00f3n, cualquiera sea su soporte, una vez que hayan transcurrido tres a\u00f1os desde el alta m\u00e9dica del c\u00e1ncer.<\/p>\n<p style=\"text-align: justify;\">La iniciativa fue aprobada con la unanimidad de los 7 diputados presentes y pas\u00f3 a la Sala de la C\u00e1mara para luego continuar con su tramitaci\u00f3n. Al respecto, la diputada Raphael explic\u00f3 que \u201ceste proyecto lo que hace es consagrar y contribuir a que personas que han logrado superar el c\u00e1ncer puedan no verse impedidos a tener acceso a un cr\u00e9dito hipotecario, o a un cr\u00e9dito de consumo o a un seguro de vida. Este proyecto contempla que despu\u00e9s de tres a\u00f1os desde el alta m\u00e9dica un paciente se le pueda borrar el historial m\u00e9dico y que, ante el deseo de querer optar a un cr\u00e9dito seguro de vida, no sea discriminado.\u201d<\/p>\n<p style=\"text-align: justify;\">Jessica Salas, voluntaria de la Agrupaci\u00f3n Oncol\u00f3gica \u201cLa Voz de los Pacientes\u201d, cont\u00f3 su experiencia: \u201cPara m\u00ed este proyecto es s\u00faper importante. Yo creo que tenemos leyes de discriminaci\u00f3n desde otro aspecto y yo creo que esta ley empezar\u00eda a terminar con esa discriminaci\u00f3n de los pacientes oncol\u00f3gicos, porque ya vivimos una dolorosa experiencia, fueron a\u00f1os de sufrimiento de no saber si te ibas a salvar, si ibas a seguir, Tu familia estaba toda enferma al saber que t\u00fa te pod\u00edas ir. Y cuando ya sales de esto, la sociedad te castiga, te vuelve a discriminar, te vuelve a castigar. Entonces, as\u00ed como existe la ley Zamudio, deber\u00eda de existir esta ley para que nadie m\u00e1s sea discriminado por una enfermedad que no la busc\u00f3\u201d.<\/p>\n<p style=\"text-align: justify;\">\u201cYo lo tuve en 2018 y estuve aqu\u00ed hasta el 2019 que fue que empec\u00e9 con mis quimioterapias, radioterapias y la operaci\u00f3n\u201d, coment\u00f3 Celia Lagos, quien tambi\u00e9n es parte de la Agrupaci\u00f3n Oncol\u00f3gica \u201cLa Voz de los Pacientes\u201d. \u201cEstamos felices de que este proyecto haya pasado justamente porque nosotros siempre nos hemos sentido discriminados. Yo acabo de perder hace dos meses a mi mam\u00e1 con un c\u00e1ncer mamario que le volvi\u00f3 y le dio met\u00e1stasis pulmonar; ya no hab\u00eda soluci\u00f3n. Entonces no me pod\u00eda endeudar, mi mam\u00e1 nunca pudo postular a ni un subsidio. Lo he visto en carne propia yo, como mi familia\u201d.<\/p>\n<p style=\"text-align: justify;\">El proyecto fue presentado por la subjefa de la bancada de diputados de Renovaci\u00f3n Nacional, Marcia Raphael junto a Carla Morales, Andr\u00e9s Celis, Sof\u00eda Cid, Mar\u00eda Luisa Cordero, Paula Labra, Ximena Ossand\u00f3n, Danisa Astudillo (PS), Marta Bravo (UDI) y Daniel Lilayu; y busca modificar la ley N\u00b020.584 que regula derechos y deberes que tienen las personas en relaci\u00f3n con acciones vinculadas a su atenci\u00f3n en salud.<\/p>\n<\/div><\/section><\/div><div  style='height:50px' class='hr hr-invisible   avia-builder-el-6  el_after_av_one_full  el_before_av_social_share '><span class='hr-inner ' ><span class='hr-inner-style'><\/span><\/span><\/div><\/p>\n<div  class='av-social-sharing-box  avia-builder-el-7  el_after_av_hr  el_before_av_hr  '><div class='av-share-box'><h5 class='av-share-link-description av-no-toc '>Compartir esta noticia<\/h5><ul class='av-share-box-list noLightbox'><li class='av-share-link av-social-link-facebook' ><a target=\"_blank\" aria-label=\"Compartir en Facebook\" href='https:\/\/www.facebook.com\/sharer.php?u=https:\/\/radiorevelacionfm.cl\/?p=34215&#038;t=Diputada%20Raphael%20valora%20avance%20de%20ley%20que%20consagra%20el%20%E2%80%9Colvido%20oncol%C3%B3gico%E2%80%9D' aria-hidden='false' data-av_icon='\ue8f3' data-av_iconfont='entypo-fontello' title='' data-avia-related-tooltip='Compartir en Facebook' rel=\"noopener\"><span class='avia_hidden_link_text'>Compartir en Facebook<\/span><\/a><\/li><li class='av-share-link av-social-link-twitter' ><a target=\"_blank\" aria-label=\"Compartir en Twitter\" href='https:\/\/twitter.com\/share?text=Diputada%20Raphael%20valora%20avance%20de%20ley%20que%20consagra%20el%20%E2%80%9Colvido%20oncol%C3%B3gico%E2%80%9D&#038;url=https:\/\/radiorevelacionfm.cl\/?p=34215' aria-hidden='false' data-av_icon='\ue8f1' data-av_iconfont='entypo-fontello' title='' data-avia-related-tooltip='Compartir en Twitter' rel=\"noopener\"><span class='avia_hidden_link_text'>Compartir en Twitter<\/span><\/a><\/li><li class='av-share-link av-social-link-whatsapp' ><a target=\"_blank\" aria-label=\"Compartir en Whatsapp\" href='https:\/\/api.whatsapp.com\/send?text=https:\/\/radiorevelacionfm.cl\/?p=34215' aria-hidden='false' data-av_icon='\uf232' data-av_iconfont='entypo-fontello' title='' data-avia-related-tooltip='Compartir en Whatsapp' rel=\"noopener\"><span class='avia_hidden_link_text'>Compartir en Whatsapp<\/span><\/a><\/li><li class='av-share-link av-social-link-linkedin' ><a target=\"_blank\" aria-label=\"Compartir en LinkedIn\" href='https:\/\/linkedin.com\/shareArticle?mini=true&#038;title=Diputada%20Raphael%20valora%20avance%20de%20ley%20que%20consagra%20el%20%E2%80%9Colvido%20oncol%C3%B3gico%E2%80%9D&#038;url=https:\/\/radiorevelacionfm.cl\/?p=34215' aria-hidden='false' data-av_icon='\ue8fc' data-av_iconfont='entypo-fontello' title='' data-avia-related-tooltip='Compartir en LinkedIn' rel=\"noopener\"><span class='avia_hidden_link_text'>Compartir en LinkedIn<\/span><\/a><\/li><li class='av-share-link av-social-link-mail' ><a  aria-label=\"Compartir por correo\" href='mailto:?subject=Diputada%20Raphael%20valora%20avance%20de%20ley%20que%20consagra%20el%20%E2%80%9Colvido%20oncol%C3%B3gico%E2%80%9D&#038;body=https:\/\/radiorevelacionfm.cl\/?p=34215' aria-hidden='false' data-av_icon='\ue805' data-av_iconfont='entypo-fontello' title='' data-avia-related-tooltip='Compartir por correo'><span class='avia_hidden_link_text'>Compartir por correo<\/span><\/a><\/li><\/ul><\/div><\/div>\n<div  style='height:50px' class='hr hr-invisible   avia-builder-el-8  el_after_av_social_share  el_before_av_comments_list '><span class='hr-inner ' ><span class='hr-inner-style'><\/span><\/span><\/div>\n<div  class='av-buildercomment  av-blog-meta-html-info-disabled av-blog-meta-tag-disabled  '><\/div>\n","protected":false},"excerpt":{"rendered":"","protected":false},"author":1,"featured_media":29430,"comment_status":"open","ping_status":"open","sticky":false,"template":"","format":"standard","meta":{"footnotes":""},"categories":[35],"tags":[],"class_list":["post-34215","post","type-post","status-publish","format-standard","has-post-thumbnail","hentry","category-politica"],"jetpack_featured_media_url":"https:\/\/radiorevelacionfm.cl\/wp-content\/uploads\/2023\/03\/Diputada-MRM-1-1.jpg","_links":{"self":[{"href":"https:\/\/radiorevelacionfm.cl\/index.php?rest_route=\/wp\/v2\/posts\/34215","targetHints":{"allow":["GET"]}}],"collection":[{"href":"https:\/\/radiorevelacionfm.cl\/index.php?rest_route=\/wp\/v2\/posts"}],"about":[{"href":"https:\/\/radiorevelacionfm.cl\/index.php?rest_route=\/wp\/v2\/types\/post"}],"author":[{"embeddable":true,"href":"https:\/\/radiorevelacionfm.cl\/index.php?rest_route=\/wp\/v2\/users\/1"}],"replies":[{"embeddable":true,"href":"https:\/\/radiorevelacionfm.cl\/index.php?rest_route=%2Fwp%2Fv2%2Fcomments&post=34215"}],"version-history":[{"count":1,"href":"https:\/\/radiorevelacionfm.cl\/index.php?rest_route=\/wp\/v2\/posts\/34215\/revisions"}],"predecessor-version":[{"id":34216,"href":"https:\/\/radiorevelacionfm.cl\/index.php?rest_route=\/wp\/v2\/posts\/34215\/revisions\/34216"}],"wp:featuredmedia":[{"embeddable":true,"href":"https:\/\/radiorevelacionfm.cl\/index.php?rest_route=\/wp\/v2\/media\/29430"}],"wp:attachment":[{"href":"https:\/\/radiorevelacionfm.cl\/index.php?rest_route=%2Fwp%2Fv2%2Fmedia&parent=34215"}],"wp:term":[{"taxonomy":"category","embeddable":true,"href":"https:\/\/radiorevelacionfm.cl\/index.php?rest_route=%2Fwp%2Fv2%2Fcategories&post=34215"},{"taxonomy":"post_tag","embeddable":true,"href":"https:\/\/radiorevelacionfm.cl\/index.php?rest_route=%2Fwp%2Fv2%2Ftags&post=34215"}],"curies":[{"name":"wp","href":"https:\/\/api.w.org\/{rel}","templated":true}]}}