{"id":34210,"date":"2023-08-24T16:12:52","date_gmt":"2023-08-24T19:12:52","guid":{"rendered":"https:\/\/radiorevelacionfm.cl\/?p=34210"},"modified":"2023-08-24T16:12:52","modified_gmt":"2023-08-24T19:12:52","slug":"corte-deja-sin-efecto-termino-anticipado-de-contrato-de-adquisicion-de-camiones-de-recoleccion-de-residuos","status":"publish","type":"post","link":"https:\/\/radiorevelacionfm.cl\/?p=34210","title":{"rendered":"Corte deja sin efecto t\u00e9rmino anticipado de contrato de adquisici\u00f3n de camiones de recolecci\u00f3n de residuos"},"content":{"rendered":"<div class=\"flex_column av_one_full  flex_column_div av-zero-column-padding first  avia-builder-el-0  el_before_av_one_full  avia-builder-el-first  \" style='border-radius:0px; '><div  class='avia-image-container  av-styling-    avia-builder-el-1  avia-builder-el-no-sibling  avia-align-center '  itemprop=\"image\" itemscope=\"itemscope\" itemtype=\"https:\/\/schema.org\/ImageObject\"  ><div class='avia-image-container-inner'><div class='avia-image-overlay-wrap'><img decoding=\"async\" class='wp-image-34211 avia-img-lazy-loading-not-34211 avia_image' src=\"https:\/\/radiorevelacionfm.cl\/wp-content\/uploads\/2023\/08\/Camiones-Basura-1-1.jpg\" alt='' title='Camiones Basura (1) (1)' height=\"600\" width=\"900\"  itemprop=\"thumbnailUrl\" srcset=\"https:\/\/radiorevelacionfm.cl\/wp-content\/uploads\/2023\/08\/Camiones-Basura-1-1.jpg 900w, https:\/\/radiorevelacionfm.cl\/wp-content\/uploads\/2023\/08\/Camiones-Basura-1-1-300x200.jpg 300w, https:\/\/radiorevelacionfm.cl\/wp-content\/uploads\/2023\/08\/Camiones-Basura-1-1-768x512.jpg 768w, https:\/\/radiorevelacionfm.cl\/wp-content\/uploads\/2023\/08\/Camiones-Basura-1-1-705x470.jpg 705w, https:\/\/radiorevelacionfm.cl\/wp-content\/uploads\/2023\/08\/Camiones-Basura-1-1-450x300.jpg 450w, https:\/\/radiorevelacionfm.cl\/wp-content\/uploads\/2023\/08\/Camiones-Basura-1-1-600x400.jpg 600w\" sizes=\"(max-width: 900px) 100vw, 900px\" \/><\/div><\/div><\/div><\/div><div class=\"flex_column av_one_full  flex_column_div av-zero-column-padding first  avia-builder-el-2  el_after_av_one_full  el_before_av_one_full  column-top-margin\" style='border-radius:0px; '><section class=\"av_textblock_section \"  itemscope=\"itemscope\" itemtype=\"https:\/\/schema.org\/BlogPosting\" itemprop=\"blogPost\" ><div class='avia_textblock  '   itemprop=\"text\" ><p style=\"text-align: center;\"><strong><span style=\"font-size: 18pt;\">Corte deja sin efecto t\u00e9rmino anticipado de contrato de adquisici\u00f3n de camiones de recolecci\u00f3n de residuos <\/span><\/strong><\/p>\n<div id=\"gtx-trans\" style=\"position: absolute; left: -50px; top: 4.31534px;\">\n<div class=\"gtx-trans-icon\"><\/div>\n<\/div>\n<\/div><\/section><\/div><div class=\"flex_column av_one_full  flex_column_div av-zero-column-padding first  avia-builder-el-4  el_after_av_one_full  el_before_av_hr  column-top-margin\" style='border-radius:0px; '><section class=\"av_textblock_section \"  itemscope=\"itemscope\" itemtype=\"https:\/\/schema.org\/BlogPosting\" itemprop=\"blogPost\" ><div class='avia_textblock  '   itemprop=\"text\" ><p class=\"v1MsoNormal\" style=\"text-align: justify;\">La Corte de Apelaciones de Coyhaique acogi\u00f3 el recurso de protecci\u00f3n deducido en contra del Gobierno Regional de Ays\u00e9n, por poner t\u00e9rmino anticipado al contrato de \u00abAdquisici\u00f3n de camiones recolectores de residuos s\u00f3lidos domiciliarios, Coyhaique\u00bb, por el supuesto atraso en la entrega de tres veh\u00edculos, sin dar la opci\u00f3n a la recurrente, la adjudicataria Sociedad Pe\u00f1a Spoerer y C\u00eda S.A, de efectuar descargos.<\/p>\n<p class=\"v1MsoNormal\" style=\"text-align: justify;\">En fallo un\u00e1nime (causa rol 211-2023), la Primera Sala del tribunal de alzada \u2013integrada por los ministros Jos\u00e9 Ignacio Mora Trujillo, Natalia Rencoret Oliva y el abogado (i) Enrique\u00a0Vel\u00e1squez\u00a0Trujillo\u2013 acogi\u00f3 la acci\u00f3n cautelar y orden\u00f3 a la recurrida dejar sin efecto la\u00a0resoluci\u00f3n\u00a0exenta que dispuso el t\u00e9rmino anticipado del contrato y el cobro de la garant\u00eda girada por la recurrente.<\/p>\n<p class=\"v1MsoNormal\" style=\"text-align: justify;\">\u00abQue, la recurrente ha sostenido, en s\u00edntesis, que el hecho base, que constituye el acto ilegal y\/o arbitrario cometido por la recurrida, corresponde a la Resoluci\u00f3n Exenta N\u00b0 0449, de fecha 21 de abril de 2023, que dispuso sin previa audiencia, el t\u00e9rmino anticipado del contrato aprobado por Resoluci\u00f3n Exenta N\u00b0 2088 de fecha 30 de diciembre de 2022 y orden\u00f3 el cobro de la Garant\u00eda de Fiel Cumplimiento otorgada por la Sociedad PE\u00d1A SPOERER y C\u00cdA S.A., en atenci\u00f3n al supuesto atraso en la entrega de los veh\u00edculos y el vencimiento del plazo dispuesto para levantar la totalidad de las observaciones realizadas por la Comisi\u00f3n Receptora; lo que vulnerar\u00eda sus garant\u00edas, previstas en los N\u00b03, inciso 5 y N\u00b024 del art\u00edculo 19 de la Constituci\u00f3n Pol\u00edtica de la Rep\u00fablica\u00bb, sostiene el fallo.<\/p>\n<p class=\"v1MsoNormal\" style=\"text-align: justify;\">La resoluci\u00f3n agrega que: \u00ab(&#8230;) el Gobierno Regional de Ays\u00e9n al dictar la referida Resoluci\u00f3n, vulner\u00f3 lo dispuesto en el art\u00edculo 79 ter del Decreto 250 que Aprueba el Reglamento de la Ley N\u00ba 19.886 de Bases sobre Contratos Administrativos de Suministro y Prestaci\u00f3n de Servicios, toda vez que no se le concedi\u00f3 traslado a su representada para realizar sus descargos, ni tampoco se fundament\u00f3 la gravedad del supuesto incumplimiento, resultando en una declaraci\u00f3n carente de toda motivaci\u00f3n, considerando que el dominio de los veh\u00edculos fue traspasado a la Municipalidad de Coyhaique, que se corrigieron las observaciones levantadas por la Comisi\u00f3n Receptora, que siempre existi\u00f3 comunicaci\u00f3n entre las partes y que la Sociedad PE\u00d1A SPOERER y C\u00cdA S.A., estuvo dispuesta a colaborar con la recurrida ante la ca\u00edda de \u00e1rbol sobre los camiones, no teniendo la obligaci\u00f3n de hacerlo\u00bb.<\/p>\n<p class=\"v1MsoNormal\" style=\"text-align: justify;\">Para el tribunal de alzada:\u00a0\u00ab(&#8230;) en estas condiciones al no haberse conferido traslado para efectuar descargos a la empresa recurrente a fin de poner t\u00e9rmino anticipado al contrato, la resoluci\u00f3n exenta impugnada mediante esta acci\u00f3n de protecci\u00f3n que precisamente dispone tal medida, surge del todo ilegal y arbitraria, desde que no respeta los principios de contradictoriedad e impugnabilidad, como en derecho corresponde, respecto del procedimiento que debe preceder a la decisi\u00f3n antes indicada, especialmente, en cuanto se debe conceder siempre traslado al respectivo proveedor, a fin de que este manifieste sus descargos en relaci\u00f3n al eventual incumplimiento\u00bb.<\/p>\n<p class=\"v1MsoNormal\" style=\"text-align: justify;\">Por tanto, se resuelve que: \u00ab<b>SE ACOGE<\/b>, el recurso de protecci\u00f3n deducido a favor de la Sociedad Pe\u00f1a Spoerer y C\u00cdA S.A. en contra del Gobierno Regional de Ays\u00e9n, representado por Andrea Mac\u00edas Palma, Gobernadora Regional de Ays\u00e9n, y, en consecuencia se deja sin efecto la Resoluci\u00f3n Exenta N\u00b0 0449, de fecha 21 de abril de 2023, que dispuso sin previa audiencia, el t\u00e9rmino anticipado del contrato aprobado por Resoluci\u00f3n Exenta N\u00b0 2088 de fecha 30 de diciembre de 2022 y orden\u00f3 el cobro de la Garant\u00eda de Fiel Cumplimiento otorgada por la recurrente, sin costas, por haber tenido la recurrida motivo plausible para litigar\u00bb.<\/p>\n<\/div><\/section><\/div><div  style='height:50px' class='hr hr-invisible   avia-builder-el-6  el_after_av_one_full  el_before_av_social_share '><span class='hr-inner ' ><span class='hr-inner-style'><\/span><\/span><\/div><\/p>\n<div  class='av-social-sharing-box  avia-builder-el-7  el_after_av_hr  el_before_av_hr  '><div class='av-share-box'><h5 class='av-share-link-description av-no-toc '>Compartir esta noticia<\/h5><ul class='av-share-box-list noLightbox'><li class='av-share-link av-social-link-facebook' ><a target=\"_blank\" aria-label=\"Compartir en Facebook\" href='https:\/\/www.facebook.com\/sharer.php?u=https:\/\/radiorevelacionfm.cl\/?p=34210&#038;t=Corte%20deja%20sin%20efecto%20t%C3%A9rmino%20anticipado%20de%20contrato%20de%20adquisici%C3%B3n%20de%20camiones%20de%20recolecci%C3%B3n%20de%20residuos' aria-hidden='false' data-av_icon='\ue8f3' data-av_iconfont='entypo-fontello' title='' data-avia-related-tooltip='Compartir en Facebook' rel=\"noopener\"><span class='avia_hidden_link_text'>Compartir en Facebook<\/span><\/a><\/li><li class='av-share-link av-social-link-twitter' ><a target=\"_blank\" aria-label=\"Compartir en Twitter\" href='https:\/\/twitter.com\/share?text=Corte%20deja%20sin%20efecto%20t%C3%A9rmino%20anticipado%20de%20contrato%20de%20adquisici%C3%B3n%20de%20camiones%20de%20recolecci%C3%B3n%20de%20residuos&#038;url=https:\/\/radiorevelacionfm.cl\/?p=34210' aria-hidden='false' data-av_icon='\ue8f1' data-av_iconfont='entypo-fontello' title='' data-avia-related-tooltip='Compartir en Twitter' rel=\"noopener\"><span class='avia_hidden_link_text'>Compartir en Twitter<\/span><\/a><\/li><li class='av-share-link av-social-link-whatsapp' ><a target=\"_blank\" aria-label=\"Compartir en Whatsapp\" href='https:\/\/api.whatsapp.com\/send?text=https:\/\/radiorevelacionfm.cl\/?p=34210' aria-hidden='false' data-av_icon='\uf232' data-av_iconfont='entypo-fontello' title='' data-avia-related-tooltip='Compartir en Whatsapp' rel=\"noopener\"><span class='avia_hidden_link_text'>Compartir en Whatsapp<\/span><\/a><\/li><li class='av-share-link av-social-link-linkedin' ><a target=\"_blank\" aria-label=\"Compartir en LinkedIn\" href='https:\/\/linkedin.com\/shareArticle?mini=true&#038;title=Corte%20deja%20sin%20efecto%20t%C3%A9rmino%20anticipado%20de%20contrato%20de%20adquisici%C3%B3n%20de%20camiones%20de%20recolecci%C3%B3n%20de%20residuos&#038;url=https:\/\/radiorevelacionfm.cl\/?p=34210' aria-hidden='false' data-av_icon='\ue8fc' data-av_iconfont='entypo-fontello' title='' data-avia-related-tooltip='Compartir en LinkedIn' rel=\"noopener\"><span class='avia_hidden_link_text'>Compartir en LinkedIn<\/span><\/a><\/li><li class='av-share-link av-social-link-mail' ><a  aria-label=\"Compartir por correo\" href='mailto:?subject=Corte%20deja%20sin%20efecto%20t%C3%A9rmino%20anticipado%20de%20contrato%20de%20adquisici%C3%B3n%20de%20camiones%20de%20recolecci%C3%B3n%20de%20residuos&#038;body=https:\/\/radiorevelacionfm.cl\/?p=34210' aria-hidden='false' data-av_icon='\ue805' data-av_iconfont='entypo-fontello' title='' data-avia-related-tooltip='Compartir por correo'><span class='avia_hidden_link_text'>Compartir por correo<\/span><\/a><\/li><\/ul><\/div><\/div>\n<div  style='height:50px' class='hr hr-invisible   avia-builder-el-8  el_after_av_social_share  el_before_av_comments_list '><span class='hr-inner ' ><span class='hr-inner-style'><\/span><\/span><\/div>\n<div  class='av-buildercomment  av-blog-meta-html-info-disabled av-blog-meta-tag-disabled  '><\/div>\n","protected":false},"excerpt":{"rendered":"","protected":false},"author":1,"featured_media":34211,"comment_status":"open","ping_status":"open","sticky":false,"template":"","format":"standard","meta":{"footnotes":""},"categories":[55],"tags":[],"class_list":["post-34210","post","type-post","status-publish","format-standard","has-post-thumbnail","hentry","category-justicia"],"jetpack_featured_media_url":"https:\/\/radiorevelacionfm.cl\/wp-content\/uploads\/2023\/08\/Camiones-Basura-1-1.jpg","_links":{"self":[{"href":"https:\/\/radiorevelacionfm.cl\/index.php?rest_route=\/wp\/v2\/posts\/34210","targetHints":{"allow":["GET"]}}],"collection":[{"href":"https:\/\/radiorevelacionfm.cl\/index.php?rest_route=\/wp\/v2\/posts"}],"about":[{"href":"https:\/\/radiorevelacionfm.cl\/index.php?rest_route=\/wp\/v2\/types\/post"}],"author":[{"embeddable":true,"href":"https:\/\/radiorevelacionfm.cl\/index.php?rest_route=\/wp\/v2\/users\/1"}],"replies":[{"embeddable":true,"href":"https:\/\/radiorevelacionfm.cl\/index.php?rest_route=%2Fwp%2Fv2%2Fcomments&post=34210"}],"version-history":[{"count":1,"href":"https:\/\/radiorevelacionfm.cl\/index.php?rest_route=\/wp\/v2\/posts\/34210\/revisions"}],"predecessor-version":[{"id":34212,"href":"https:\/\/radiorevelacionfm.cl\/index.php?rest_route=\/wp\/v2\/posts\/34210\/revisions\/34212"}],"wp:featuredmedia":[{"embeddable":true,"href":"https:\/\/radiorevelacionfm.cl\/index.php?rest_route=\/wp\/v2\/media\/34211"}],"wp:attachment":[{"href":"https:\/\/radiorevelacionfm.cl\/index.php?rest_route=%2Fwp%2Fv2%2Fmedia&parent=34210"}],"wp:term":[{"taxonomy":"category","embeddable":true,"href":"https:\/\/radiorevelacionfm.cl\/index.php?rest_route=%2Fwp%2Fv2%2Fcategories&post=34210"},{"taxonomy":"post_tag","embeddable":true,"href":"https:\/\/radiorevelacionfm.cl\/index.php?rest_route=%2Fwp%2Fv2%2Ftags&post=34210"}],"curies":[{"name":"wp","href":"https:\/\/api.w.org\/{rel}","templated":true}]}}