{"id":34207,"date":"2023-08-25T12:07:58","date_gmt":"2023-08-25T15:07:58","guid":{"rendered":"https:\/\/radiorevelacionfm.cl\/?p=34207"},"modified":"2023-08-25T12:07:58","modified_gmt":"2023-08-25T15:07:58","slug":"invitan-a-empresas-a-postular-a-licitacion-para-mejoramiento-del-sistema-electrico-y-equipo-electrogeno-de-emergencia-para-la-carcel-de-puerto-aysen","status":"publish","type":"post","link":"https:\/\/radiorevelacionfm.cl\/?p=34207","title":{"rendered":"Invitan a empresas a postular a licitaci\u00f3n para mejoramiento del sistema el\u00e9ctrico y equipo electr\u00f3geno de emergencia para la c\u00e1rcel de Puerto Ays\u00e9n"},"content":{"rendered":"<div class=\"flex_column av_one_full  flex_column_div av-zero-column-padding first  avia-builder-el-0  el_before_av_one_full  avia-builder-el-first  \" style='border-radius:0px; '><div  class='avia-image-container  av-styling-    avia-builder-el-1  avia-builder-el-no-sibling  avia-align-center '  itemprop=\"image\" itemscope=\"itemscope\" itemtype=\"https:\/\/schema.org\/ImageObject\"  ><div class='avia-image-container-inner'><div class='avia-image-overlay-wrap'><img decoding=\"async\" class='wp-image-34208 avia-img-lazy-loading-not-34208 avia_image' src=\"https:\/\/radiorevelacionfm.cl\/wp-content\/uploads\/2023\/08\/carcel-aysen-369x245-1-1.jpg\" alt='' title='carcel-aysen-369x245 (1) (1)' height=\"600\" width=\"904\"  itemprop=\"thumbnailUrl\" srcset=\"https:\/\/radiorevelacionfm.cl\/wp-content\/uploads\/2023\/08\/carcel-aysen-369x245-1-1.jpg 904w, https:\/\/radiorevelacionfm.cl\/wp-content\/uploads\/2023\/08\/carcel-aysen-369x245-1-1-300x199.jpg 300w, https:\/\/radiorevelacionfm.cl\/wp-content\/uploads\/2023\/08\/carcel-aysen-369x245-1-1-768x510.jpg 768w, https:\/\/radiorevelacionfm.cl\/wp-content\/uploads\/2023\/08\/carcel-aysen-369x245-1-1-705x468.jpg 705w, https:\/\/radiorevelacionfm.cl\/wp-content\/uploads\/2023\/08\/carcel-aysen-369x245-1-1-450x299.jpg 450w, https:\/\/radiorevelacionfm.cl\/wp-content\/uploads\/2023\/08\/carcel-aysen-369x245-1-1-600x398.jpg 600w\" sizes=\"(max-width: 904px) 100vw, 904px\" \/><\/div><\/div><\/div><\/div><div class=\"flex_column av_one_full  flex_column_div av-zero-column-padding first  avia-builder-el-2  el_after_av_one_full  el_before_av_one_full  column-top-margin\" style='border-radius:0px; '><section class=\"av_textblock_section \"  itemscope=\"itemscope\" itemtype=\"https:\/\/schema.org\/BlogPosting\" itemprop=\"blogPost\" ><div class='avia_textblock  '   itemprop=\"text\" ><p style=\"text-align: center;\"><span style=\"font-size: 18pt;\"><strong>Invitan a empresas a postular a licitaci\u00f3n para mejoramiento del sistema el\u00e9ctrico y equipo electr\u00f3geno de emergencia para la c\u00e1rcel de Puerto Ays\u00e9n <\/strong><\/span><\/p>\n<div id=\"gtx-trans\" style=\"position: absolute; left: -50px; top: 4.31534px;\">\n<div class=\"gtx-trans-icon\"><\/div>\n<\/div>\n<\/div><\/section><\/div><div class=\"flex_column av_one_full  flex_column_div av-zero-column-padding first  avia-builder-el-4  el_after_av_one_full  el_before_av_hr  column-top-margin\" style='border-radius:0px; '><section class=\"av_textblock_section \"  itemscope=\"itemscope\" itemtype=\"https:\/\/schema.org\/BlogPosting\" itemprop=\"blogPost\" ><div class='avia_textblock  '   itemprop=\"text\" ><p style=\"text-align: justify;\">Recientemente se llev\u00f3 a cabo el llamado a licitaci\u00f3n del Proyecto \u201cMejoramiento sistema el\u00e9ctrico y equipo electr\u00f3nico emergencia, CDP Ays\u00e9n\u201d, instancia que permite a las distintas empresas del rubro poder postular para la adjudicaci\u00f3n de dicha obra.<\/p>\n<p style=\"text-align: justify;\">En este sentido, el Seremi de Justica y Derechos Humanos Samuel Navarro hizo una invitaci\u00f3n a las distintas empresas de la regi\u00f3n a postular \u201cdesde el sector Justicia tenemos una muy buena noticia para aquellos proveedores y contratistas, porque estamos en plan difusi\u00f3n de lo que va a ser la licitaci\u00f3n p\u00fablica del \u201cMejoramiento sistema el\u00e9ctrico y equipo electr\u00f3geno de emergencia para el Centro de Detenci\u00f3n Preventiva de Puerto Ays\u00e9n\u201d, que es financiado por el Fondo Regional de Iniciativas Locales (Fril) del Gobierno Regional y que fue presentado por la Municipalidad de Ays\u00e9n, as\u00ed que estamos muy contentos que esto se lleve a efecto, as\u00ed que reiteramos la invitaci\u00f3n a todas las empresas y proveedores que trabajan en este rubro para que puedan ver el ID 2713-183-LP23 para esta iniciativa y postular\u201d.<\/p>\n<p style=\"text-align: justify;\">Cabe mencionar que tras el llamado a licitaci\u00f3n se abre una instancia denominada visita a terreno, que permite a todas las empresas interesadas en postular conocer in situ el trabajo que deben realizar, dicha instancia se llevar\u00e1 a cabo el pr\u00f3ximo lunes 28 de agosto a las 12 horas en dependencias del Centro de Detenci\u00f3n Preventiva de Puerto Ays\u00e9n, ubicado en calle Armando Hern\u00e1ndez #576, Puerto Ays\u00e9n.<\/p>\n<p style=\"text-align: justify;\">Finalmente, cabe mencionar que el 31 de agosto a las 13 horas culmina el proceso de preguntas, mientras que el cierre de ofertas est\u00e1 fijado para el 15 de septiembre pr\u00f3ximo a las 13 horas.<\/p>\n<\/div><\/section><\/div><div  style='height:50px' class='hr hr-invisible   avia-builder-el-6  el_after_av_one_full  el_before_av_social_share '><span class='hr-inner ' ><span class='hr-inner-style'><\/span><\/span><\/div><\/p>\n<div  class='av-social-sharing-box  avia-builder-el-7  el_after_av_hr  el_before_av_hr  '><div class='av-share-box'><h5 class='av-share-link-description av-no-toc '>Compartir esta noticia<\/h5><ul class='av-share-box-list noLightbox'><li class='av-share-link av-social-link-facebook' ><a target=\"_blank\" aria-label=\"Compartir en Facebook\" href='https:\/\/www.facebook.com\/sharer.php?u=https:\/\/radiorevelacionfm.cl\/?p=34207&#038;t=Invitan%20a%20empresas%20a%20postular%20a%20licitaci%C3%B3n%20para%20mejoramiento%20del%20sistema%20el%C3%A9ctrico%20y%20equipo%20electr%C3%B3geno%20de%20emergencia%20para%20la%20c%C3%A1rcel%20de%20Puerto%20Ays%C3%A9n' aria-hidden='false' data-av_icon='\ue8f3' data-av_iconfont='entypo-fontello' title='' data-avia-related-tooltip='Compartir en Facebook' rel=\"noopener\"><span class='avia_hidden_link_text'>Compartir en Facebook<\/span><\/a><\/li><li class='av-share-link av-social-link-twitter' ><a target=\"_blank\" aria-label=\"Compartir en Twitter\" href='https:\/\/twitter.com\/share?text=Invitan%20a%20empresas%20a%20postular%20a%20licitaci%C3%B3n%20para%20mejoramiento%20del%20sistema%20el%C3%A9ctrico%20y%20equipo%20electr%C3%B3geno%20de%20emergencia%20para%20la%20c%C3%A1rcel%20de%20Puerto%20Ays%C3%A9n&#038;url=https:\/\/radiorevelacionfm.cl\/?p=34207' aria-hidden='false' data-av_icon='\ue8f1' data-av_iconfont='entypo-fontello' title='' data-avia-related-tooltip='Compartir en Twitter' rel=\"noopener\"><span class='avia_hidden_link_text'>Compartir en Twitter<\/span><\/a><\/li><li class='av-share-link av-social-link-whatsapp' ><a target=\"_blank\" aria-label=\"Compartir en Whatsapp\" href='https:\/\/api.whatsapp.com\/send?text=https:\/\/radiorevelacionfm.cl\/?p=34207' aria-hidden='false' data-av_icon='\uf232' data-av_iconfont='entypo-fontello' title='' data-avia-related-tooltip='Compartir en Whatsapp' rel=\"noopener\"><span class='avia_hidden_link_text'>Compartir en Whatsapp<\/span><\/a><\/li><li class='av-share-link av-social-link-linkedin' ><a target=\"_blank\" aria-label=\"Compartir en LinkedIn\" href='https:\/\/linkedin.com\/shareArticle?mini=true&#038;title=Invitan%20a%20empresas%20a%20postular%20a%20licitaci%C3%B3n%20para%20mejoramiento%20del%20sistema%20el%C3%A9ctrico%20y%20equipo%20electr%C3%B3geno%20de%20emergencia%20para%20la%20c%C3%A1rcel%20de%20Puerto%20Ays%C3%A9n&#038;url=https:\/\/radiorevelacionfm.cl\/?p=34207' aria-hidden='false' data-av_icon='\ue8fc' data-av_iconfont='entypo-fontello' title='' data-avia-related-tooltip='Compartir en LinkedIn' rel=\"noopener\"><span class='avia_hidden_link_text'>Compartir en LinkedIn<\/span><\/a><\/li><li class='av-share-link av-social-link-mail' ><a  aria-label=\"Compartir por correo\" href='mailto:?subject=Invitan%20a%20empresas%20a%20postular%20a%20licitaci%C3%B3n%20para%20mejoramiento%20del%20sistema%20el%C3%A9ctrico%20y%20equipo%20electr%C3%B3geno%20de%20emergencia%20para%20la%20c%C3%A1rcel%20de%20Puerto%20Ays%C3%A9n&#038;body=https:\/\/radiorevelacionfm.cl\/?p=34207' aria-hidden='false' data-av_icon='\ue805' data-av_iconfont='entypo-fontello' title='' data-avia-related-tooltip='Compartir por correo'><span class='avia_hidden_link_text'>Compartir por correo<\/span><\/a><\/li><\/ul><\/div><\/div>\n<div  style='height:50px' class='hr hr-invisible   avia-builder-el-8  el_after_av_social_share  el_before_av_comments_list '><span class='hr-inner ' ><span class='hr-inner-style'><\/span><\/span><\/div>\n<div  class='av-buildercomment  av-blog-meta-html-info-disabled av-blog-meta-tag-disabled  '><\/div>\n","protected":false},"excerpt":{"rendered":"","protected":false},"author":1,"featured_media":34208,"comment_status":"open","ping_status":"open","sticky":false,"template":"","format":"standard","meta":{"footnotes":""},"categories":[55],"tags":[],"class_list":["post-34207","post","type-post","status-publish","format-standard","has-post-thumbnail","hentry","category-justicia"],"jetpack_featured_media_url":"https:\/\/radiorevelacionfm.cl\/wp-content\/uploads\/2023\/08\/carcel-aysen-369x245-1-1.jpg","_links":{"self":[{"href":"https:\/\/radiorevelacionfm.cl\/index.php?rest_route=\/wp\/v2\/posts\/34207","targetHints":{"allow":["GET"]}}],"collection":[{"href":"https:\/\/radiorevelacionfm.cl\/index.php?rest_route=\/wp\/v2\/posts"}],"about":[{"href":"https:\/\/radiorevelacionfm.cl\/index.php?rest_route=\/wp\/v2\/types\/post"}],"author":[{"embeddable":true,"href":"https:\/\/radiorevelacionfm.cl\/index.php?rest_route=\/wp\/v2\/users\/1"}],"replies":[{"embeddable":true,"href":"https:\/\/radiorevelacionfm.cl\/index.php?rest_route=%2Fwp%2Fv2%2Fcomments&post=34207"}],"version-history":[{"count":1,"href":"https:\/\/radiorevelacionfm.cl\/index.php?rest_route=\/wp\/v2\/posts\/34207\/revisions"}],"predecessor-version":[{"id":34209,"href":"https:\/\/radiorevelacionfm.cl\/index.php?rest_route=\/wp\/v2\/posts\/34207\/revisions\/34209"}],"wp:featuredmedia":[{"embeddable":true,"href":"https:\/\/radiorevelacionfm.cl\/index.php?rest_route=\/wp\/v2\/media\/34208"}],"wp:attachment":[{"href":"https:\/\/radiorevelacionfm.cl\/index.php?rest_route=%2Fwp%2Fv2%2Fmedia&parent=34207"}],"wp:term":[{"taxonomy":"category","embeddable":true,"href":"https:\/\/radiorevelacionfm.cl\/index.php?rest_route=%2Fwp%2Fv2%2Fcategories&post=34207"},{"taxonomy":"post_tag","embeddable":true,"href":"https:\/\/radiorevelacionfm.cl\/index.php?rest_route=%2Fwp%2Fv2%2Ftags&post=34207"}],"curies":[{"name":"wp","href":"https:\/\/api.w.org\/{rel}","templated":true}]}}