{"id":34203,"date":"2023-08-24T22:35:31","date_gmt":"2023-08-25T01:35:31","guid":{"rendered":"https:\/\/radiorevelacionfm.cl\/?p=34203"},"modified":"2023-08-24T22:35:31","modified_gmt":"2023-08-25T01:35:31","slug":"docentes-y-profesionales-de-educacion-participaron-en-el-curso-la-escuela-en-el-marco-de-los-derechos-humanos","status":"publish","type":"post","link":"https:\/\/radiorevelacionfm.cl\/?p=34203","title":{"rendered":"Docentes y profesionales de Educaci\u00f3n participaron en el Curso \u00abLa Escuela en el Marco de los Derechos Humanos\u00bb"},"content":{"rendered":"<div class=\"flex_column av_one_full  flex_column_div av-zero-column-padding first  avia-builder-el-0  el_before_av_one_full  avia-builder-el-first  \" style='border-radius:0px; '><div  class='avia-image-container  av-styling-    avia-builder-el-1  avia-builder-el-no-sibling  avia-align-center '  itemprop=\"image\" itemscope=\"itemscope\" itemtype=\"https:\/\/schema.org\/ImageObject\"  ><div class='avia-image-container-inner'><div class='avia-image-overlay-wrap'><img decoding=\"async\" class='wp-image-34205 avia-img-lazy-loading-not-34205 avia_image' src=\"https:\/\/radiorevelacionfm.cl\/wp-content\/uploads\/2023\/08\/img_3093-1_optimized.jpg\" alt='' title='img_3093-(1)_optimized' height=\"600\" width=\"908\"  itemprop=\"thumbnailUrl\" srcset=\"https:\/\/radiorevelacionfm.cl\/wp-content\/uploads\/2023\/08\/img_3093-1_optimized.jpg 908w, https:\/\/radiorevelacionfm.cl\/wp-content\/uploads\/2023\/08\/img_3093-1_optimized-300x198.jpg 300w, https:\/\/radiorevelacionfm.cl\/wp-content\/uploads\/2023\/08\/img_3093-1_optimized-768x507.jpg 768w, https:\/\/radiorevelacionfm.cl\/wp-content\/uploads\/2023\/08\/img_3093-1_optimized-705x466.jpg 705w, https:\/\/radiorevelacionfm.cl\/wp-content\/uploads\/2023\/08\/img_3093-1_optimized-450x297.jpg 450w, https:\/\/radiorevelacionfm.cl\/wp-content\/uploads\/2023\/08\/img_3093-1_optimized-600x396.jpg 600w\" sizes=\"(max-width: 908px) 100vw, 908px\" \/><\/div><\/div><\/div><\/div><div class=\"flex_column av_one_full  flex_column_div av-zero-column-padding first  avia-builder-el-2  el_after_av_one_full  el_before_av_one_full  column-top-margin\" style='border-radius:0px; '><section class=\"av_textblock_section \"  itemscope=\"itemscope\" itemtype=\"https:\/\/schema.org\/BlogPosting\" itemprop=\"blogPost\" ><div class='avia_textblock  '   itemprop=\"text\" ><p style=\"text-align: center;\"><span style=\"font-size: 18pt;\"><b>Docentes y profesionales de Educaci\u00f3n participaron en el Curso \u00abLa Escuela en el Marco de los Derechos Humanos\u00bb<\/b><\/span><\/p>\n<div id=\"gtx-trans\" style=\"position: absolute; left: -50px; top: 4.31534px;\">\n<div class=\"gtx-trans-icon\"><\/div>\n<\/div>\n<\/div><\/section><\/div><div class=\"flex_column av_one_full  flex_column_div av-zero-column-padding first  avia-builder-el-4  el_after_av_one_full  el_before_av_hr  column-top-margin\" style='border-radius:0px; '><section class=\"av_textblock_section \"  itemscope=\"itemscope\" itemtype=\"https:\/\/schema.org\/BlogPosting\" itemprop=\"blogPost\" ><div class='avia_textblock  '   itemprop=\"text\" ><p class=\"v1MsoNormal\" style=\"text-align: justify;\">El viernes 18 de agosto se vivi\u00f3 un momento muy significativo para el \u00e1mbito educativo regional. En dependencias de la Corte de Apelaciones de Coyhaique se realiz\u00f3 el cierre y certificaci\u00f3n del Curso \u00abLa Escuela en el Marco de Los Derechos Humanos\u00bb, iniciativa impulsada por el Departamento Provincial de Educaci\u00f3n DEPROVED Coyhaique y el Instituto Nacional de Derechos Humanos (INDH).<\/p>\n<p class=\"v1MsoNormal\" style=\"text-align: justify;\">En el curso participaron 17 personas: profesores de Historia y profesionales de la educaci\u00f3n y tuvo como objetivo\u00a0<span lang=\"ES\">fortalecer la integraci\u00f3n del enfoque de derechos humanos en el trabajo cotidiano de las comunidades escolares de la regi\u00f3n, por lo tanto, es un curso orientado a responsables de trabajar directa e indirectamente en procesos educativos, de gesti\u00f3n y de administraci\u00f3n en el sistema escolar local, con el prop\u00f3sito de actualizar conocimientos, despertar inter\u00e9s en la materia y entregar herramientas te\u00f3ricas pr\u00e1cticas para seguir profundizando por cuenta propia y seg\u00fan necesidades de contexto.<\/span><\/p>\n<p class=\"v1MsoNormal\" style=\"text-align: justify;\"><span lang=\"ES\">El curso se estructur\u00f3 en 32 horas cronol\u00f3gicas, distribuidas en 8 horas de clases presenciales y 24 horas de trabajo aut\u00f3nomo. Los contenidos se articularon en 4 m\u00f3dulos o \u00e1mbitos tem\u00e1ticos: Marco general de los derechos humanos, Principio de Igualdad y no Discriminaci\u00f3n; Derecho a la educaci\u00f3n; Marco normativo de la convivencia escolar en Chile<\/span><\/p>\n<p class=\"v1MsoNormal\" style=\"text-align: justify;\"><span lang=\"ES\">Tatiana Rodriguez Wehrmeister del Deproved Coyhaique explic\u00f3 que \u00abCon este curso se espera adem\u00e1s aportar con algunos criterios y orientaciones en la toma de decisiones y en las pr\u00e1cticas para\u00a0 favorecer el reconocimiento de todas las personas como sujeto de derechos, mejorar el compromiso y la responsabilidad de hombres y mujeres en el respeto de cada persona, favorecer la buena convivencia y desnaturalizar discriminaciones que est\u00e1n presentes en nuestra cultura para aportar a la democratizaci\u00f3n de la sociedad y sus instituciones\u00bb.<\/span><\/p>\n<p class=\"v1MsoNormal\" style=\"text-align: justify;\"><span lang=\"ES\">Se busca, adem\u00e1s, que sea un espacio formativo dial\u00f3gico, reflexivo, de intercambios de experiencias y creencias, de saberes y costumbres que permita asumir los cambios y el cuidado de aquellos imprescindibles que la educaci\u00f3n resguarda y conserva de la humana creaci\u00f3n y de la vida en relaci\u00f3n a trav\u00e9s del tiempo, para dar una perspectiva hist\u00f3rica a los hechos y fen\u00f3menos que nos inquietan en la actualidad y evitar en lo posible as\u00ed caer en un presentismo que esquiva sus ra\u00edces.<\/span><\/p>\n<p class=\"v1MsoNormal\" style=\"text-align: justify;\"><span lang=\"ES\">La actividad formativa se imparti\u00f3 en modalidad mixta, es decir, cuenta con espacios de autoformaci\u00f3n sustentados en la revisi\u00f3n de textos, videos de estudio, un ejercicio de reflexi\u00f3n semanal; y una clase en modalidad h\u00edbrida cada martes durante las cuatro semanas de duraci\u00f3n del curso.<\/span><\/p>\n<p class=\"v1MsoNormal\" style=\"text-align: justify;\"><span lang=\"ES\">La Seremi de Educaci\u00f3n Isabel Garrido Casassa relev\u00f3 esta actividad y sus contexto se\u00f1alando \u00abEl Gobierno del Presidente Gabriel Boric ha ratificado el compromiso con la democracia y los Derechos Humanos y en eso nuestro sistema escolar tiene much\u00edsimo que aportar y en ese contexto, la ense\u00f1anza de la Historia con enfoque en Derechos Humanos es muy relevante\u00bb.<\/span><\/p>\n<p class=\"v1MsoNormal\" style=\"text-align: justify;\"><span lang=\"ES\">Por su parte, Luciano Gonz\u00e1lez Jefe Regional(s) del Instituto Nacional de Derechos Humanos INDH se\u00f1al\u00f3 que \u00abEstamos muy complacidos de haber realizado esta colaboraci\u00f3n junto con el Departamento Provincial de Educaci\u00f3n Coyhaique y aportar con algunas herramientas para hacer tangible la tem\u00e1tica de los Derechos Humano en los espacios educativos de la regi\u00f3n. Esperamos que sea la primera de muchas futuras colaboraciones en post de la ense\u00f1anza y promoci\u00f3n de los Derechos Humanos\u00bb.<\/span><\/p>\n<p class=\"v1MsoNormal\" style=\"text-align: justify;\"><span lang=\"ES\">En tanto, la profesora de Historia Katherine Subiabre del Liceo T\u00e9cnico Profesional Ricardo Navarrete de Coyhaique quien fue una de las participantes en el curso afirm\u00f3 que \u00abFue una experiencia muy gratificante compartir con otros profesores y profesoras en forma presencial o aquellos que se conectaron v\u00eda zoom y en ese sentido fue inclusivo el curso. A mi me sirvi\u00f3 para reforzar conocimientos que tengo y que debemos replicar en el aula. Fue una oportunidad para retroalimentarme con otros colegas y profesionales de \u00e1rea de la educaci\u00f3n, as\u00ed que estoy muy agradecida por el espacio de aprendizaje\u00bb.<\/span><\/p>\n<\/div><\/section><\/div><div  style='height:50px' class='hr hr-invisible   avia-builder-el-6  el_after_av_one_full  el_before_av_social_share '><span class='hr-inner ' ><span class='hr-inner-style'><\/span><\/span><\/div><\/p>\n<div  class='av-social-sharing-box  avia-builder-el-7  el_after_av_hr  el_before_av_hr  '><div class='av-share-box'><h5 class='av-share-link-description av-no-toc '>Compartir esta noticia<\/h5><ul class='av-share-box-list noLightbox'><li class='av-share-link av-social-link-facebook' ><a target=\"_blank\" aria-label=\"Compartir en Facebook\" href='https:\/\/www.facebook.com\/sharer.php?u=https:\/\/radiorevelacionfm.cl\/?p=34203&#038;t=Docentes%20y%20profesionales%20de%20Educaci%C3%B3n%20participaron%20en%20el%20Curso%20%C2%ABLa%20Escuela%20en%20el%20Marco%20de%20los%20Derechos%20Humanos%C2%BB' aria-hidden='false' data-av_icon='\ue8f3' data-av_iconfont='entypo-fontello' title='' data-avia-related-tooltip='Compartir en Facebook' rel=\"noopener\"><span class='avia_hidden_link_text'>Compartir en Facebook<\/span><\/a><\/li><li class='av-share-link av-social-link-twitter' ><a target=\"_blank\" aria-label=\"Compartir en Twitter\" href='https:\/\/twitter.com\/share?text=Docentes%20y%20profesionales%20de%20Educaci%C3%B3n%20participaron%20en%20el%20Curso%20%C2%ABLa%20Escuela%20en%20el%20Marco%20de%20los%20Derechos%20Humanos%C2%BB&#038;url=https:\/\/radiorevelacionfm.cl\/?p=34203' aria-hidden='false' data-av_icon='\ue8f1' data-av_iconfont='entypo-fontello' title='' data-avia-related-tooltip='Compartir en Twitter' rel=\"noopener\"><span class='avia_hidden_link_text'>Compartir en Twitter<\/span><\/a><\/li><li class='av-share-link av-social-link-whatsapp' ><a target=\"_blank\" aria-label=\"Compartir en Whatsapp\" href='https:\/\/api.whatsapp.com\/send?text=https:\/\/radiorevelacionfm.cl\/?p=34203' aria-hidden='false' data-av_icon='\uf232' data-av_iconfont='entypo-fontello' title='' data-avia-related-tooltip='Compartir en Whatsapp' rel=\"noopener\"><span class='avia_hidden_link_text'>Compartir en Whatsapp<\/span><\/a><\/li><li class='av-share-link av-social-link-linkedin' ><a target=\"_blank\" aria-label=\"Compartir en LinkedIn\" href='https:\/\/linkedin.com\/shareArticle?mini=true&#038;title=Docentes%20y%20profesionales%20de%20Educaci%C3%B3n%20participaron%20en%20el%20Curso%20%C2%ABLa%20Escuela%20en%20el%20Marco%20de%20los%20Derechos%20Humanos%C2%BB&#038;url=https:\/\/radiorevelacionfm.cl\/?p=34203' aria-hidden='false' data-av_icon='\ue8fc' data-av_iconfont='entypo-fontello' title='' data-avia-related-tooltip='Compartir en LinkedIn' rel=\"noopener\"><span class='avia_hidden_link_text'>Compartir en LinkedIn<\/span><\/a><\/li><li class='av-share-link av-social-link-mail' ><a  aria-label=\"Compartir por correo\" href='mailto:?subject=Docentes%20y%20profesionales%20de%20Educaci%C3%B3n%20participaron%20en%20el%20Curso%20%C2%ABLa%20Escuela%20en%20el%20Marco%20de%20los%20Derechos%20Humanos%C2%BB&#038;body=https:\/\/radiorevelacionfm.cl\/?p=34203' aria-hidden='false' data-av_icon='\ue805' data-av_iconfont='entypo-fontello' title='' data-avia-related-tooltip='Compartir por correo'><span class='avia_hidden_link_text'>Compartir por correo<\/span><\/a><\/li><\/ul><\/div><\/div>\n<div  style='height:50px' class='hr hr-invisible   avia-builder-el-8  el_after_av_social_share  el_before_av_comments_list '><span class='hr-inner ' ><span class='hr-inner-style'><\/span><\/span><\/div>\n<div  class='av-buildercomment  av-blog-meta-html-info-disabled av-blog-meta-tag-disabled  '><\/div>\n","protected":false},"excerpt":{"rendered":"","protected":false},"author":1,"featured_media":34205,"comment_status":"open","ping_status":"open","sticky":false,"template":"","format":"standard","meta":{"footnotes":""},"categories":[49],"tags":[],"class_list":["post-34203","post","type-post","status-publish","format-standard","has-post-thumbnail","hentry","category-educacion"],"jetpack_featured_media_url":"https:\/\/radiorevelacionfm.cl\/wp-content\/uploads\/2023\/08\/img_3093-1_optimized.jpg","_links":{"self":[{"href":"https:\/\/radiorevelacionfm.cl\/index.php?rest_route=\/wp\/v2\/posts\/34203","targetHints":{"allow":["GET"]}}],"collection":[{"href":"https:\/\/radiorevelacionfm.cl\/index.php?rest_route=\/wp\/v2\/posts"}],"about":[{"href":"https:\/\/radiorevelacionfm.cl\/index.php?rest_route=\/wp\/v2\/types\/post"}],"author":[{"embeddable":true,"href":"https:\/\/radiorevelacionfm.cl\/index.php?rest_route=\/wp\/v2\/users\/1"}],"replies":[{"embeddable":true,"href":"https:\/\/radiorevelacionfm.cl\/index.php?rest_route=%2Fwp%2Fv2%2Fcomments&post=34203"}],"version-history":[{"count":1,"href":"https:\/\/radiorevelacionfm.cl\/index.php?rest_route=\/wp\/v2\/posts\/34203\/revisions"}],"predecessor-version":[{"id":34206,"href":"https:\/\/radiorevelacionfm.cl\/index.php?rest_route=\/wp\/v2\/posts\/34203\/revisions\/34206"}],"wp:featuredmedia":[{"embeddable":true,"href":"https:\/\/radiorevelacionfm.cl\/index.php?rest_route=\/wp\/v2\/media\/34205"}],"wp:attachment":[{"href":"https:\/\/radiorevelacionfm.cl\/index.php?rest_route=%2Fwp%2Fv2%2Fmedia&parent=34203"}],"wp:term":[{"taxonomy":"category","embeddable":true,"href":"https:\/\/radiorevelacionfm.cl\/index.php?rest_route=%2Fwp%2Fv2%2Fcategories&post=34203"},{"taxonomy":"post_tag","embeddable":true,"href":"https:\/\/radiorevelacionfm.cl\/index.php?rest_route=%2Fwp%2Fv2%2Ftags&post=34203"}],"curies":[{"name":"wp","href":"https:\/\/api.w.org\/{rel}","templated":true}]}}