{"id":34199,"date":"2023-08-24T18:25:28","date_gmt":"2023-08-24T21:25:28","guid":{"rendered":"https:\/\/radiorevelacionfm.cl\/?p=34199"},"modified":"2023-08-24T18:25:28","modified_gmt":"2023-08-24T21:25:28","slug":"hazte-responsable-campana-busca-crear-conciencia-sobre-el-peligro-que-implican-perros-y-ganado-domestico-dentro-de-las-areas-protegidas","status":"publish","type":"post","link":"https:\/\/radiorevelacionfm.cl\/?p=34199","title":{"rendered":"\u00abHazte Responsable\u00bb: Campa\u00f1a  busca crear conciencia sobre el peligro que implican perros y ganado dom\u00e9stico dentro de las \u00e1reas protegidas"},"content":{"rendered":"<div class=\"flex_column av_one_full  flex_column_div av-zero-column-padding first  avia-builder-el-0  el_before_av_one_full  avia-builder-el-first  \" style='border-radius:0px; '><div  class='avia-image-container  av-styling-    avia-builder-el-1  avia-builder-el-no-sibling  avia-align-center '  itemprop=\"image\" itemscope=\"itemscope\" itemtype=\"https:\/\/schema.org\/ImageObject\"  ><div class='avia-image-container-inner'><div class='avia-image-overlay-wrap'><img decoding=\"async\" class='wp-image-34201 avia-img-lazy-loading-not-34201 avia_image' src=\"https:\/\/radiorevelacionfm.cl\/wp-content\/uploads\/2023\/08\/posters-fauna_perros-1-1_optimized.jpeg\" alt='' title='posters-fauna_perros-(1)-(1)_optimized' height=\"599\" width=\"428\"  itemprop=\"thumbnailUrl\" srcset=\"https:\/\/radiorevelacionfm.cl\/wp-content\/uploads\/2023\/08\/posters-fauna_perros-1-1_optimized.jpeg 428w, https:\/\/radiorevelacionfm.cl\/wp-content\/uploads\/2023\/08\/posters-fauna_perros-1-1_optimized-214x300.jpeg 214w\" sizes=\"(max-width: 428px) 100vw, 428px\" \/><\/div><\/div><\/div><\/div><div class=\"flex_column av_one_full  flex_column_div av-zero-column-padding first  avia-builder-el-2  el_after_av_one_full  el_before_av_one_full  column-top-margin\" style='border-radius:0px; '><section class=\"av_textblock_section \"  itemscope=\"itemscope\" itemtype=\"https:\/\/schema.org\/BlogPosting\" itemprop=\"blogPost\" ><div class='avia_textblock  '   itemprop=\"text\" ><p style=\"text-align: center;\"><strong><span style=\"font-size: 18pt;\">\u00abHazte Responsable\u00bb: Campa\u00f1a\u00a0 busca crear conciencia sobre el peligro que implican perros y ganado dom\u00e9stico dentro de las \u00e1reas protegidas<\/span><\/strong><\/p>\n<div id=\"gtx-trans\" style=\"position: absolute; left: -50px; top: 4.31534px;\">\n<div class=\"gtx-trans-icon\"><\/div>\n<\/div>\n<\/div><\/section><\/div><div class=\"flex_column av_one_full  flex_column_div av-zero-column-padding first  avia-builder-el-4  el_after_av_one_full  el_before_av_hr  column-top-margin\" style='border-radius:0px; '><section class=\"av_textblock_section \"  itemscope=\"itemscope\" itemtype=\"https:\/\/schema.org\/BlogPosting\" itemprop=\"blogPost\" ><div class='avia_textblock  '   itemprop=\"text\" ><p dir=\"ltr\" style=\"text-align: justify;\">La iniciativa es impulsada por Fundaci\u00f3n Rewilding Chile, Conaf, Sag, la Subdere, Universidad San Sebasti\u00e1n, Serem\u00eda de Medio Ambiente, Colmevet, Serem\u00eda de Salud de Ays\u00e9n, la Municipalidad de Puerto Montt y la Municipalidad de Puerto Iba\u00f1ez.<\/p>\n<p dir=\"ltr\" style=\"text-align: justify;\">Canela y su cr\u00eda, Canelilla, eran una de las 1500 huemules que sobreviven en Chile y Argentina. Esto es, menos del 1% de su poblaci\u00f3n original. Una jaur\u00eda de perros, las persigui\u00f3 y acorral\u00f3, hasta darles muerte al interior del Parque Nacional Patagonia. As\u00ed, pasaron a engrosar la lista de los innumerables ataques de perros a fauna nativa, que ocurren dentro de las \u00e1reas protegidas de nuestro pa\u00eds.<\/p>\n<p dir=\"ltr\" style=\"text-align: justify;\">Esta problem\u00e1tica es una de las tres que aborda la campa\u00f1a \u00abHazte Responsable: Datos fabulosos para due\u00f1os de mascotas y ganado\u00bb, que\u00a0busca generar conciencia sobre el impacto negativo que provocan en los ecosistemas de las \u00e1reas protegidas, tanto el ganado dom\u00e9stico como las mascotas, sin supervisi\u00f3n de sus due\u00f1os. A\u00a0trav\u00e9s de un trabajo colaborativo con el artista nacional, Tom\u00e1s Infante, m\u00e1s conocido como Faun\u00e1nimo, la campa\u00f1a cuenta con piezas gr\u00e1ficas\u00a0 descargables para concientizar sobre nuestra responsabilidad como due\u00f1os de mascotas y ganado en el cuidado de la fauna nativa. Este material sirve, adem\u00e1s, como una herramienta did\u00e1ctica de ense\u00f1anza para las comunidades escolares.<\/p>\n<p dir=\"ltr\" style=\"text-align: justify;\">Huemules, guanacos, pud\u00faes y diversas aves, entre otros, han sido v\u00edctimas de ataques de caninos y felinos dom\u00e9sticos a lo largo del pa\u00eds. Mientras la mayor\u00eda de las poblaciones de fauna nativa se encuentran disminuidas y con sus poblaciones fragmentadas en Chile, un estudio del programa Mascota Protegida de la Subdere (2022) estima que existir\u00edan cerca de 12\u00a0 millones de perros y gatos en el pa\u00eds<\/p>\n<p dir=\"ltr\" style=\"text-align: justify;\">Si bien, desde Conaf se\u00f1alan que el\u00a0ingreso de mascotas, aunque vayan con correa y est\u00e9n vacunadas, est\u00e1 prohibido en los parques nacionales,\u00a0el 86% de las \u00e1reas que conforman el SNASPE se encuentran amenazadas por perros y gatos. Una realidad visible tanto en los centros de rescate y rehabilitaci\u00f3n de animales silvestres, como en las im\u00e1genes de c\u00e1maras trampas, en diversas \u00e1reas protegidas del pa\u00eds, que revelan esta compleja problem\u00e1tica.<\/p>\n<p dir=\"ltr\" style=\"text-align: justify;\">Asimismo, los expertos ven con suma preocupaci\u00f3n c\u00f3mo, a nivel nacional, es cada vez m\u00e1s frecuente encontrar ganado pastando, dentro de \u00e1reas protegidas.\u00a0Es as\u00ed como, el Parque Nacional Cerro Castillo a pesar de ser uno de los refugios m\u00e1s significativos para el huemul, este se ve enfrentado a la transmisi\u00f3n de una enfermedad bacteriana proveniente del ganado ovino. Son numerosos los casos de huemules afectados por esta enfermedad (linfoadenitis caseosa ), incluso, produciendo,\u00a0 en algunos casos la muerte de los individuos.<\/p>\n<p dir=\"ltr\" style=\"text-align: justify;\">Impulsada\u00a0Conaf, Sag, la Subdere, Universidad San Sebasti\u00e1n, Serem\u00eda del Medio Ambiente, Colmevet, Serem\u00eda de Salud de Ays\u00e9n, la Municipalidad de Puerto Montt, la Municipalidad de Puerto Iba\u00f1ez y Fundaci\u00f3n Rewilding Chile, esta campa\u00f1a\u00a0es un llamado a los due\u00f1os de mascotas y ganado dom\u00e9stico, a hacerse cargo de ellos, de mantener sus condiciones sanitarias, tenerlos siempre en un espacio controlado y con supervisi\u00f3n constante.<\/p>\n<p dir=\"ltr\" style=\"text-align: justify;\">\u00bfQu\u00e9 hacer si ves un animal dom\u00e9stico en \u00e1reas protegidas?<\/p>\n<p dir=\"ltr\" style=\"text-align: justify;\">Ya sea con su due\u00f1o o sin supervisi\u00f3n, contacta inmediatamente a los guardaparques y a Conaf al 130.\u00a0Est\u00e1 prohibido el ingreso de mascotas a nuestros parques, reservas nacionales y monumentos naturales.<\/p>\n<div style=\"text-align: justify;\"><\/div>\n<\/div><\/section><\/div><div  style='height:50px' class='hr hr-invisible   avia-builder-el-6  el_after_av_one_full  el_before_av_social_share '><span class='hr-inner ' ><span class='hr-inner-style'><\/span><\/span><\/div><\/p>\n<div  class='av-social-sharing-box  avia-builder-el-7  el_after_av_hr  el_before_av_hr  '><div class='av-share-box'><h5 class='av-share-link-description av-no-toc '>Compartir esta noticia<\/h5><ul class='av-share-box-list noLightbox'><li class='av-share-link av-social-link-facebook' ><a target=\"_blank\" aria-label=\"Compartir en Facebook\" href='https:\/\/www.facebook.com\/sharer.php?u=https:\/\/radiorevelacionfm.cl\/?p=34199&#038;t=%C2%ABHazte%20Responsable%C2%BB%3A%20Campa%C3%B1a%20%20busca%20crear%20conciencia%20sobre%20el%20peligro%20que%20implican%20perros%20y%20ganado%20dom%C3%A9stico%20dentro%20de%20las%20%C3%A1reas%20protegidas' aria-hidden='false' data-av_icon='\ue8f3' data-av_iconfont='entypo-fontello' title='' data-avia-related-tooltip='Compartir en Facebook' rel=\"noopener\"><span class='avia_hidden_link_text'>Compartir en Facebook<\/span><\/a><\/li><li class='av-share-link av-social-link-twitter' ><a target=\"_blank\" aria-label=\"Compartir en Twitter\" href='https:\/\/twitter.com\/share?text=%C2%ABHazte%20Responsable%C2%BB%3A%20Campa%C3%B1a%20%20busca%20crear%20conciencia%20sobre%20el%20peligro%20que%20implican%20perros%20y%20ganado%20dom%C3%A9stico%20dentro%20de%20las%20%C3%A1reas%20protegidas&#038;url=https:\/\/radiorevelacionfm.cl\/?p=34199' aria-hidden='false' data-av_icon='\ue8f1' data-av_iconfont='entypo-fontello' title='' data-avia-related-tooltip='Compartir en Twitter' rel=\"noopener\"><span class='avia_hidden_link_text'>Compartir en Twitter<\/span><\/a><\/li><li class='av-share-link av-social-link-whatsapp' ><a target=\"_blank\" aria-label=\"Compartir en Whatsapp\" href='https:\/\/api.whatsapp.com\/send?text=https:\/\/radiorevelacionfm.cl\/?p=34199' aria-hidden='false' data-av_icon='\uf232' data-av_iconfont='entypo-fontello' title='' data-avia-related-tooltip='Compartir en Whatsapp' rel=\"noopener\"><span class='avia_hidden_link_text'>Compartir en Whatsapp<\/span><\/a><\/li><li class='av-share-link av-social-link-linkedin' ><a target=\"_blank\" aria-label=\"Compartir en LinkedIn\" href='https:\/\/linkedin.com\/shareArticle?mini=true&#038;title=%C2%ABHazte%20Responsable%C2%BB%3A%20Campa%C3%B1a%20%20busca%20crear%20conciencia%20sobre%20el%20peligro%20que%20implican%20perros%20y%20ganado%20dom%C3%A9stico%20dentro%20de%20las%20%C3%A1reas%20protegidas&#038;url=https:\/\/radiorevelacionfm.cl\/?p=34199' aria-hidden='false' data-av_icon='\ue8fc' data-av_iconfont='entypo-fontello' title='' data-avia-related-tooltip='Compartir en LinkedIn' rel=\"noopener\"><span class='avia_hidden_link_text'>Compartir en LinkedIn<\/span><\/a><\/li><li class='av-share-link av-social-link-mail' ><a  aria-label=\"Compartir por correo\" href='mailto:?subject=%C2%ABHazte%20Responsable%C2%BB%3A%20Campa%C3%B1a%20%20busca%20crear%20conciencia%20sobre%20el%20peligro%20que%20implican%20perros%20y%20ganado%20dom%C3%A9stico%20dentro%20de%20las%20%C3%A1reas%20protegidas&#038;body=https:\/\/radiorevelacionfm.cl\/?p=34199' aria-hidden='false' data-av_icon='\ue805' data-av_iconfont='entypo-fontello' title='' data-avia-related-tooltip='Compartir por correo'><span class='avia_hidden_link_text'>Compartir por correo<\/span><\/a><\/li><\/ul><\/div><\/div>\n<div  style='height:50px' class='hr hr-invisible   avia-builder-el-8  el_after_av_social_share  el_before_av_comments_list '><span class='hr-inner ' ><span class='hr-inner-style'><\/span><\/span><\/div>\n<div  class='av-buildercomment  av-blog-meta-html-info-disabled av-blog-meta-tag-disabled  '><\/div>\n","protected":false},"excerpt":{"rendered":"","protected":false},"author":1,"featured_media":34200,"comment_status":"open","ping_status":"open","sticky":false,"template":"","format":"standard","meta":{"footnotes":""},"categories":[39],"tags":[],"class_list":["post-34199","post","type-post","status-publish","format-standard","has-post-thumbnail","hentry","category-medio-ambiente"],"jetpack_featured_media_url":"https:\/\/radiorevelacionfm.cl\/wp-content\/uploads\/2023\/08\/posters-fauna_perros-2-1_optimized.jpg","_links":{"self":[{"href":"https:\/\/radiorevelacionfm.cl\/index.php?rest_route=\/wp\/v2\/posts\/34199","targetHints":{"allow":["GET"]}}],"collection":[{"href":"https:\/\/radiorevelacionfm.cl\/index.php?rest_route=\/wp\/v2\/posts"}],"about":[{"href":"https:\/\/radiorevelacionfm.cl\/index.php?rest_route=\/wp\/v2\/types\/post"}],"author":[{"embeddable":true,"href":"https:\/\/radiorevelacionfm.cl\/index.php?rest_route=\/wp\/v2\/users\/1"}],"replies":[{"embeddable":true,"href":"https:\/\/radiorevelacionfm.cl\/index.php?rest_route=%2Fwp%2Fv2%2Fcomments&post=34199"}],"version-history":[{"count":1,"href":"https:\/\/radiorevelacionfm.cl\/index.php?rest_route=\/wp\/v2\/posts\/34199\/revisions"}],"predecessor-version":[{"id":34202,"href":"https:\/\/radiorevelacionfm.cl\/index.php?rest_route=\/wp\/v2\/posts\/34199\/revisions\/34202"}],"wp:featuredmedia":[{"embeddable":true,"href":"https:\/\/radiorevelacionfm.cl\/index.php?rest_route=\/wp\/v2\/media\/34200"}],"wp:attachment":[{"href":"https:\/\/radiorevelacionfm.cl\/index.php?rest_route=%2Fwp%2Fv2%2Fmedia&parent=34199"}],"wp:term":[{"taxonomy":"category","embeddable":true,"href":"https:\/\/radiorevelacionfm.cl\/index.php?rest_route=%2Fwp%2Fv2%2Fcategories&post=34199"},{"taxonomy":"post_tag","embeddable":true,"href":"https:\/\/radiorevelacionfm.cl\/index.php?rest_route=%2Fwp%2Fv2%2Ftags&post=34199"}],"curies":[{"name":"wp","href":"https:\/\/api.w.org\/{rel}","templated":true}]}}