{"id":34196,"date":"2023-08-25T14:21:00","date_gmt":"2023-08-25T17:21:00","guid":{"rendered":"https:\/\/radiorevelacionfm.cl\/?p=34196"},"modified":"2023-08-25T14:21:00","modified_gmt":"2023-08-25T17:21:00","slug":"gobernadora-macias-defiende-descentralizacion-en-comision-de-hacienda-de-la-camara","status":"publish","type":"post","link":"https:\/\/radiorevelacionfm.cl\/?p=34196","title":{"rendered":"Gobernadora Mac\u00edas defiende descentralizaci\u00f3n en Comisi\u00f3n de Hacienda de la C\u00e1mara"},"content":{"rendered":"<div class=\"flex_column av_one_full  flex_column_div av-zero-column-padding first  avia-builder-el-0  el_before_av_one_full  avia-builder-el-first  \" style='border-radius:0px; '><div  class='avia-image-container  av-styling-    avia-builder-el-1  avia-builder-el-no-sibling  avia-align-center '  itemprop=\"image\" itemscope=\"itemscope\" itemtype=\"https:\/\/schema.org\/ImageObject\"  ><div class='avia-image-container-inner'><div class='avia-image-overlay-wrap'><img decoding=\"async\" class='wp-image-34197 avia-img-lazy-loading-not-34197 avia_image' src=\"https:\/\/radiorevelacionfm.cl\/wp-content\/uploads\/2023\/08\/GOBERNADORA-HACIENDA-1-1-1.jpeg\" alt='' title='GOBERNADORA HACIENDA 1 (1) (1)' height=\"600\" width=\"1067\"  itemprop=\"thumbnailUrl\" srcset=\"https:\/\/radiorevelacionfm.cl\/wp-content\/uploads\/2023\/08\/GOBERNADORA-HACIENDA-1-1-1.jpeg 1067w, https:\/\/radiorevelacionfm.cl\/wp-content\/uploads\/2023\/08\/GOBERNADORA-HACIENDA-1-1-1-300x169.jpeg 300w, https:\/\/radiorevelacionfm.cl\/wp-content\/uploads\/2023\/08\/GOBERNADORA-HACIENDA-1-1-1-1030x579.jpeg 1030w, https:\/\/radiorevelacionfm.cl\/wp-content\/uploads\/2023\/08\/GOBERNADORA-HACIENDA-1-1-1-768x432.jpeg 768w, https:\/\/radiorevelacionfm.cl\/wp-content\/uploads\/2023\/08\/GOBERNADORA-HACIENDA-1-1-1-705x396.jpeg 705w, https:\/\/radiorevelacionfm.cl\/wp-content\/uploads\/2023\/08\/GOBERNADORA-HACIENDA-1-1-1-450x253.jpeg 450w, https:\/\/radiorevelacionfm.cl\/wp-content\/uploads\/2023\/08\/GOBERNADORA-HACIENDA-1-1-1-600x337.jpeg 600w\" sizes=\"(max-width: 1067px) 100vw, 1067px\" \/><\/div><\/div><\/div><\/div><div class=\"flex_column av_one_full  flex_column_div av-zero-column-padding first  avia-builder-el-2  el_after_av_one_full  el_before_av_one_full  column-top-margin\" style='border-radius:0px; '><section class=\"av_textblock_section \"  itemscope=\"itemscope\" itemtype=\"https:\/\/schema.org\/BlogPosting\" itemprop=\"blogPost\" ><div class='avia_textblock  '   itemprop=\"text\" ><p style=\"text-align: center;\"><strong><span style=\"font-size: 18pt;\">Gobernadora Mac\u00edas defiende descentralizaci\u00f3n en Comisi\u00f3n de Hacienda de la C\u00e1mara<\/span><\/strong><\/p>\n<div id=\"gtx-trans\" style=\"position: absolute; left: -50px; top: 4.31534px;\">\n<div class=\"gtx-trans-icon\"><\/div>\n<\/div>\n<\/div><\/section><\/div><div class=\"flex_column av_one_full  flex_column_div av-zero-column-padding first  avia-builder-el-4  el_after_av_one_full  el_before_av_hr  column-top-margin\" style='border-radius:0px; '><section class=\"av_textblock_section \"  itemscope=\"itemscope\" itemtype=\"https:\/\/schema.org\/BlogPosting\" itemprop=\"blogPost\" ><div class='avia_textblock  '   itemprop=\"text\" ><p dir=\"ltr\" style=\"text-align: justify;\">\u00ab\u00bfPor qu\u00e9 acudimos a privados?, nosotros llevamos m\u00e1s de tres a\u00f1os tratando de comprar ayudas t\u00e9cnicas a trav\u00e9s de Senadis. Las ayudas t\u00e9cnicas llegaron cuando las personas ya se hab\u00edan muerto (&#8230;) El Estado convino con una empresa que en mi regi\u00f3n y en la mitad de las regiones no tiene cobertura. Esos son los problemas del centralismo. Entonces, los Gobiernos Regionales son, finalmente, una oportunidad para que la pol\u00edtica p\u00fablica llegue al territorio\u00bb. Con estas palabras, la Gobernadora Andrea Mac\u00edas Palma defendi\u00f3 el proyecto de ley Regiones M\u00e1s Fuertes en la Comisi\u00f3n de Hacienda de la C\u00e1mara de Diputados este martes.<\/p>\n<p dir=\"ltr\" style=\"text-align: justify;\">La autoridad regional asisti\u00f3 a la sesi\u00f3n como parte del directorio de la Asociaci\u00f3n de Gobernadores y Gobernadoras Regionales de Chile (Agorechi),donde tambi\u00e9n estuvieron los Gobernadores Jorge Flies (Magallanes) y Ricardo D\u00edaz (Antofagasta), quien tambi\u00e9n es presidente de dicha instituci\u00f3n.<\/p>\n<p dir=\"ltr\" style=\"text-align: justify;\">La instancia legislativa, liderada por la Diputada Gael Yeomans, ten\u00eda como objetivo ver los avances del proyecto de Ley Regiones m\u00e1s Fuertes y tambi\u00e9n evaluar el proceso de Rentas Regionales.<\/p>\n<p dir=\"ltr\" style=\"text-align: justify;\">Ante el reciente \u00abCaso Convenios\u00bb, algunos diputados que integran la comisi\u00f3n, como Miguel Mellado y Sof\u00eda Cid, ambos de Renovaci\u00f3n Nacional, cuestionaron la relaci\u00f3n de los Gobiernos Regionales con entidades privadas. Ante ello, la Gobernadora Mac\u00edas fue clara \u00abestamos frente a un cuestionamiento de un mecanismo, que, si uno se pone a hacer un an\u00e1lisis m\u00e1s pol\u00edtico, m\u00e1s profundo, podr\u00eda cuestionar hasta nuestra Carta Magna. El trabajo con el sector privado es algo que prioriza nuestra propia Constituci\u00f3n, que lo dice, el trabajo del Estado lo va hacer el privado, cuando el privado no llegue, ah\u00ed viene el Estado\u00bb, cerr\u00f3.<\/p>\n<p dir=\"ltr\" style=\"text-align: justify;\">Tras la conversaci\u00f3n, que se extendi\u00f3 por m\u00e1s de una hora, la Gobernadora de Ays\u00e9n invit\u00f3 a los parlamentarios a que no miren con malos ojos las gestiones y el desarrollo que pueden lograr los Gobiernos Regionales y cerr\u00f3: \u00abHacerse parte de esto, de que el desarrollo de nuestro pa\u00eds va a venir de la mano del desarrollo de los territorios. Chile no se va a desarrollar si nosotros seguimos con un foco centralista. Donde s\u00f3lo est\u00e1 la Regi\u00f3n Metropolitana y lo que se alcanza a ver al lado\u00bb.<\/p>\n<\/div><\/section><\/div><div  style='height:50px' class='hr hr-invisible   avia-builder-el-6  el_after_av_one_full  el_before_av_social_share '><span class='hr-inner ' ><span class='hr-inner-style'><\/span><\/span><\/div><\/p>\n<div  class='av-social-sharing-box  avia-builder-el-7  el_after_av_hr  el_before_av_hr  '><div class='av-share-box'><h5 class='av-share-link-description av-no-toc '>Compartir esta noticia<\/h5><ul class='av-share-box-list noLightbox'><li class='av-share-link av-social-link-facebook' ><a target=\"_blank\" aria-label=\"Compartir en Facebook\" href='https:\/\/www.facebook.com\/sharer.php?u=https:\/\/radiorevelacionfm.cl\/?p=34196&#038;t=Gobernadora%20Mac%C3%ADas%20defiende%20descentralizaci%C3%B3n%20en%20Comisi%C3%B3n%20de%20Hacienda%20de%20la%20C%C3%A1mara' aria-hidden='false' data-av_icon='\ue8f3' data-av_iconfont='entypo-fontello' title='' data-avia-related-tooltip='Compartir en Facebook' rel=\"noopener\"><span class='avia_hidden_link_text'>Compartir en Facebook<\/span><\/a><\/li><li class='av-share-link av-social-link-twitter' ><a target=\"_blank\" aria-label=\"Compartir en Twitter\" href='https:\/\/twitter.com\/share?text=Gobernadora%20Mac%C3%ADas%20defiende%20descentralizaci%C3%B3n%20en%20Comisi%C3%B3n%20de%20Hacienda%20de%20la%20C%C3%A1mara&#038;url=https:\/\/radiorevelacionfm.cl\/?p=34196' aria-hidden='false' data-av_icon='\ue8f1' data-av_iconfont='entypo-fontello' title='' data-avia-related-tooltip='Compartir en Twitter' rel=\"noopener\"><span class='avia_hidden_link_text'>Compartir en Twitter<\/span><\/a><\/li><li class='av-share-link av-social-link-whatsapp' ><a target=\"_blank\" aria-label=\"Compartir en Whatsapp\" href='https:\/\/api.whatsapp.com\/send?text=https:\/\/radiorevelacionfm.cl\/?p=34196' aria-hidden='false' data-av_icon='\uf232' data-av_iconfont='entypo-fontello' title='' data-avia-related-tooltip='Compartir en Whatsapp' rel=\"noopener\"><span class='avia_hidden_link_text'>Compartir en Whatsapp<\/span><\/a><\/li><li class='av-share-link av-social-link-linkedin' ><a target=\"_blank\" aria-label=\"Compartir en LinkedIn\" href='https:\/\/linkedin.com\/shareArticle?mini=true&#038;title=Gobernadora%20Mac%C3%ADas%20defiende%20descentralizaci%C3%B3n%20en%20Comisi%C3%B3n%20de%20Hacienda%20de%20la%20C%C3%A1mara&#038;url=https:\/\/radiorevelacionfm.cl\/?p=34196' aria-hidden='false' data-av_icon='\ue8fc' data-av_iconfont='entypo-fontello' title='' data-avia-related-tooltip='Compartir en LinkedIn' rel=\"noopener\"><span class='avia_hidden_link_text'>Compartir en LinkedIn<\/span><\/a><\/li><li class='av-share-link av-social-link-mail' ><a  aria-label=\"Compartir por correo\" href='mailto:?subject=Gobernadora%20Mac%C3%ADas%20defiende%20descentralizaci%C3%B3n%20en%20Comisi%C3%B3n%20de%20Hacienda%20de%20la%20C%C3%A1mara&#038;body=https:\/\/radiorevelacionfm.cl\/?p=34196' aria-hidden='false' data-av_icon='\ue805' data-av_iconfont='entypo-fontello' title='' data-avia-related-tooltip='Compartir por correo'><span class='avia_hidden_link_text'>Compartir por correo<\/span><\/a><\/li><\/ul><\/div><\/div>\n<div  style='height:50px' class='hr hr-invisible   avia-builder-el-8  el_after_av_social_share  el_before_av_comments_list '><span class='hr-inner ' ><span class='hr-inner-style'><\/span><\/span><\/div>\n<div  class='av-buildercomment  av-blog-meta-html-info-disabled av-blog-meta-tag-disabled  '><\/div>\n","protected":false},"excerpt":{"rendered":"","protected":false},"author":1,"featured_media":34197,"comment_status":"open","ping_status":"open","sticky":false,"template":"","format":"standard","meta":{"footnotes":""},"categories":[38],"tags":[],"class_list":["post-34196","post","type-post","status-publish","format-standard","has-post-thumbnail","hentry","category-regional"],"jetpack_featured_media_url":"https:\/\/radiorevelacionfm.cl\/wp-content\/uploads\/2023\/08\/GOBERNADORA-HACIENDA-1-1-1.jpeg","_links":{"self":[{"href":"https:\/\/radiorevelacionfm.cl\/index.php?rest_route=\/wp\/v2\/posts\/34196","targetHints":{"allow":["GET"]}}],"collection":[{"href":"https:\/\/radiorevelacionfm.cl\/index.php?rest_route=\/wp\/v2\/posts"}],"about":[{"href":"https:\/\/radiorevelacionfm.cl\/index.php?rest_route=\/wp\/v2\/types\/post"}],"author":[{"embeddable":true,"href":"https:\/\/radiorevelacionfm.cl\/index.php?rest_route=\/wp\/v2\/users\/1"}],"replies":[{"embeddable":true,"href":"https:\/\/radiorevelacionfm.cl\/index.php?rest_route=%2Fwp%2Fv2%2Fcomments&post=34196"}],"version-history":[{"count":1,"href":"https:\/\/radiorevelacionfm.cl\/index.php?rest_route=\/wp\/v2\/posts\/34196\/revisions"}],"predecessor-version":[{"id":34198,"href":"https:\/\/radiorevelacionfm.cl\/index.php?rest_route=\/wp\/v2\/posts\/34196\/revisions\/34198"}],"wp:featuredmedia":[{"embeddable":true,"href":"https:\/\/radiorevelacionfm.cl\/index.php?rest_route=\/wp\/v2\/media\/34197"}],"wp:attachment":[{"href":"https:\/\/radiorevelacionfm.cl\/index.php?rest_route=%2Fwp%2Fv2%2Fmedia&parent=34196"}],"wp:term":[{"taxonomy":"category","embeddable":true,"href":"https:\/\/radiorevelacionfm.cl\/index.php?rest_route=%2Fwp%2Fv2%2Fcategories&post=34196"},{"taxonomy":"post_tag","embeddable":true,"href":"https:\/\/radiorevelacionfm.cl\/index.php?rest_route=%2Fwp%2Fv2%2Ftags&post=34196"}],"curies":[{"name":"wp","href":"https:\/\/api.w.org\/{rel}","templated":true}]}}