{"id":34193,"date":"2023-08-24T19:03:13","date_gmt":"2023-08-24T22:03:13","guid":{"rendered":"https:\/\/radiorevelacionfm.cl\/?p=34193"},"modified":"2023-08-24T19:03:13","modified_gmt":"2023-08-24T22:03:13","slug":"lanzan-programa-r-con-curso-revestimiento-de-superficies-con-pintura-y-papel-dirigido-a-10-internos-de-la-carcel-de-coyhaique","status":"publish","type":"post","link":"https:\/\/radiorevelacionfm.cl\/?p=34193","title":{"rendered":"Lanzan Programa +R con curso \u201cRevestimiento de superficies con pintura y papel\u201d dirigido a 10 internos de la c\u00e1rcel de Coyhaique"},"content":{"rendered":"<div class=\"flex_column av_one_full  flex_column_div av-zero-column-padding first  avia-builder-el-0  el_before_av_one_full  avia-builder-el-first  \" style='border-radius:0px; '><div  class='avia-image-container  av-styling-    avia-builder-el-1  avia-builder-el-no-sibling  avia-align-center '  itemprop=\"image\" itemscope=\"itemscope\" itemtype=\"https:\/\/schema.org\/ImageObject\"  ><div class='avia-image-container-inner'><div class='avia-image-overlay-wrap'><img decoding=\"async\" class='wp-image-34194 avia-img-lazy-loading-not-34194 avia_image' src=\"https:\/\/radiorevelacionfm.cl\/wp-content\/uploads\/2023\/08\/program-r-1-1.jpg\" alt='' title='program +r (1) (1)' height=\"600\" width=\"861\"  itemprop=\"thumbnailUrl\" srcset=\"https:\/\/radiorevelacionfm.cl\/wp-content\/uploads\/2023\/08\/program-r-1-1.jpg 861w, https:\/\/radiorevelacionfm.cl\/wp-content\/uploads\/2023\/08\/program-r-1-1-300x209.jpg 300w, https:\/\/radiorevelacionfm.cl\/wp-content\/uploads\/2023\/08\/program-r-1-1-768x535.jpg 768w, https:\/\/radiorevelacionfm.cl\/wp-content\/uploads\/2023\/08\/program-r-1-1-705x491.jpg 705w, https:\/\/radiorevelacionfm.cl\/wp-content\/uploads\/2023\/08\/program-r-1-1-450x314.jpg 450w, https:\/\/radiorevelacionfm.cl\/wp-content\/uploads\/2023\/08\/program-r-1-1-600x418.jpg 600w\" sizes=\"(max-width: 861px) 100vw, 861px\" \/><\/div><\/div><\/div><\/div><div class=\"flex_column av_one_full  flex_column_div av-zero-column-padding first  avia-builder-el-2  el_after_av_one_full  el_before_av_one_full  column-top-margin\" style='border-radius:0px; '><section class=\"av_textblock_section \"  itemscope=\"itemscope\" itemtype=\"https:\/\/schema.org\/BlogPosting\" itemprop=\"blogPost\" ><div class='avia_textblock  '   itemprop=\"text\" ><p style=\"text-align: center;\"><span style=\"font-size: 18pt;\"><strong>Lanzan Programa +R con curso \u201cRevestimiento de superficies con pintura y papel\u201d dirigido a 10 internos de la c\u00e1rcel de Coyhaique <\/strong><\/span><\/p>\n<div id=\"gtx-trans\" style=\"position: absolute; left: -50px; top: 4.31534px;\">\n<div class=\"gtx-trans-icon\"><\/div>\n<\/div>\n<\/div><\/section><\/div><div class=\"flex_column av_one_full  flex_column_div av-zero-column-padding first  avia-builder-el-4  el_after_av_one_full  el_before_av_hr  column-top-margin\" style='border-radius:0px; '><section class=\"av_textblock_section \"  itemscope=\"itemscope\" itemtype=\"https:\/\/schema.org\/BlogPosting\" itemprop=\"blogPost\" ><div class='avia_textblock  '   itemprop=\"text\" ><p style=\"text-align: justify;\">El martes reci\u00e9n pasado en dependencias del Centro de Cumplimiento Penitenciario de Coyhaique se llev\u00f3 a cabo el lanzamiento del Programa + R a\u00f1o 2023 con el curso \u201cRevestimiento de Superficies con pintura y papel\u201d dirigido a 10 internos de este recinto penal, en la oportunidad estuvieron presente los seremis de Justicia y Derechos Humanos Samuel Navarro y del Trabajo y Previsi\u00f3n Social Rodrigo D\u00edaz, los directores regionales del Sence Mauricio Toro y de Genchi Teniente Coronel Fredy Molinet, representantes de empresas constructoras, internos participantes del curso y funcionarios.<\/p>\n<p style=\"text-align: justify;\">El Programa +R es una alianza entre el Ministerio de Justicia y Derechos Humanos, el Ministerio del Trabajo y Previsi\u00f3n Social a trav\u00e9s del Servicio de Capacitaci\u00f3n y Empleo (Sence) y Gendarmer\u00eda de Chile, y busca instaurar una pol\u00edtica p\u00fablica que ponga \u00e9nfasis en la alianza p\u00fablico- privada mediante un modelo de gesti\u00f3n integral que incorpora procesos de intervenci\u00f3n al interior de los recintos penitenciarios de preparaci\u00f3n para el egreso y de integraci\u00f3n a la comunidad.<\/p>\n<p style=\"text-align: justify;\">Respecto a esta instancia de capacitaci\u00f3n, el Director (s) del Sence Mauricio Toro explic\u00f3 que \u201cnosotros como SENCE estamos muy contentos de poder generar este curso de capacitaci\u00f3n para mujeres y hombres que se encuentran privados de libertad, lo importante es poder generar competencias y herramientas en el tema laboral para que el d\u00eda de ma\u00f1ana las personas cuando ya recuperen su libertad puedan salir al mundo laboral y no vuelvan a delinquir, es un curso que se desarrollar\u00e1 completamente al interior del recinto penal y hemos invitado hoy igual a representantes del mundo privado, dado que una vez finalizado el curso la idea es generar una intermediaci\u00f3n laboral y as\u00ed las personas al salir de ac\u00e1 puedan encontrar un trabajo de forma expedita, generando un mecanismo oportuno en tem\u00e1ticas de reinserci\u00f3n\u201d.<\/p>\n<p style=\"text-align: justify;\">Una de las participantes de este curso, Fabiola Orellana se mostr\u00f3 muy contenta de la oportunidad brindada, se\u00f1alando que \u201c yo me siento muy feliz de representar a la secci\u00f3n femenina de este penal, y para nosotros es muy importante, porque con ello vamos a tener una herramienta para poder enfrentarnos despu\u00e9s a la vida al salir de aqu\u00ed, por lo general no hay muchas oportunidades, por lo que esto lo agradecemos mucho, es primera vez que formo parte de un curso y de una capacitaci\u00f3n as\u00ed que estoy muy feliz\u201d.<\/p>\n<p style=\"text-align: justify;\">Por su parte, el Director Regional de Gendarmer\u00eda de Chile, Teniente Coronel Fredy Molinet relev\u00f3 la importancia del Programa +R para la reinserci\u00f3n social de los internos \u201cpara nosotros es muy importante, puesto que la reinserci\u00f3n ya no es un tema solo de Gendarmer\u00eda sino que de todos, y esta es la cuarta vez que se ejecuta un programa +R en la regi\u00f3n, y es muy grato recibir esta ayuda externa para poder reinsertar, porque a veces Gendarmer\u00eda no tiene las herramientas suficientes, la idea es que estos internos salgan con un oficio, esto es gratificante para las familias y les genera mucha alegr\u00eda al igual que a nosotros como Gendarmer\u00eda, porque la reinserci\u00f3n es la base fundamental de Gendarmer\u00eda\u201d.<\/p>\n<p style=\"text-align: justify;\">Mientras que el Seremi de Justicia y Derechos Humanos, Samuel Navarro Castro destac\u00f3 que el \u00a0desaf\u00edo de la reinserci\u00f3n laboral es una labor permanente de Gendarmer\u00eda de Chile junto al Ministerio de Justicia y Derechos Humanos, indicando que \u201ccon anterioridad hemos estado haciendo otras actividades, tenemos el taller de carpinter\u00eda, tenemos el taller de panader\u00eda, y esto se viene a reforzar con este programa +R junto con el Sence y el Ministerio del Trabajo y Previsi\u00f3n Social, nos parece muy relevante insistir en la reinserci\u00f3n como un eje fundamental de nuestro trabajo, de cada dos personas que egresa del sistema penitenciario una reincide, por lo tanto en la medida que aumentamos la reinserci\u00f3n laboral disminuimos los niveles de reincidencia y aportamos a la seguridad p\u00fablica\u201d.<\/p>\n<p style=\"text-align: justify;\">Ahora, el rol que cumple la empresa privada en el desarrollo de este programa es muy relevante, dado que permiten la intermediaci\u00f3n laboral una vez que estos cursos finalizan, en este sentido, el Presidente de la Agrupaci\u00f3n Gremial Regional de Entidad Patrocinante Rosamel Vera se\u00f1al\u00f3 que \u201ccomo asociaci\u00f3n gremial nos pidieron el apoyo para servir de nexo entre las personas beneficiadas por este programa y las empresas contratistas y constructoras que desarrollan los programas para nosotros, nosotros trabajamos con el Ministerio de Vivienda y Urbanismo en la ejecuci\u00f3n de viviendas nuevas, en la ejecuci\u00f3n de mejoramiento de viviendas tanto en acondicionamiento t\u00e9rmico como mejoramiento de vivienda en todos los programas que tiene el Serviu y el Ministerio de Vivienda, ahora lo que esperamos coordinar con Sence es la posibilidad que las empresas que trabajan con nosotros puedan tomar parte de la mano de obra que se va a capacitar en este programa, la idea es que en todos los proyectos del pr\u00f3ximo a\u00f1o exista la posibilidad de dejar algunos cupos de trabajo reservados para las personas que participen de este curso una vez que salgan en libertad\u201d.<\/p>\n<p style=\"text-align: justify;\">Finalmente, el Seremi del Trabajo y Previsi\u00f3n Social Rodrigo D\u00edaz destac\u00f3 la uni\u00f3n virtuosa que permite poder llevar a cabo iniciativas como \u00e9stas, lo que se traduce en otorgar nuevas oportunidades a quienes hoy se encuentran privados de libertad se\u00f1alando que \u201cen el gobierno del Presidente Gabriel Boric como seremi del Trabajo y Previsi\u00f3n Social en conjunto con el SENCE la verdad es que hoy es un d\u00eda de alegr\u00eda, porque este programa +R donde adem\u00e1s el Estado se articula porque est\u00e1 presente la Seremi de Justicia a trav\u00e9s de Gendarmer\u00eda, pero tambi\u00e9n la Seremi de Vivienda y adem\u00e1s los privados que despu\u00e9s van a ver el tema de la empleabilidad, entonces esta uni\u00f3n virtuosa es la que finalmente se logra a trav\u00e9s del SENCE, destacar el gran trabajo que est\u00e1 haciendo el equipo de este servicio en la regi\u00f3n, que permite que las personas privadas de libertad puedan tener herramientas y as\u00ed reintegrarse a la sociedad\u201d.<\/p>\n<\/div><\/section><\/div><div  style='height:50px' class='hr hr-invisible   avia-builder-el-6  el_after_av_one_full  el_before_av_social_share '><span class='hr-inner ' ><span class='hr-inner-style'><\/span><\/span><\/div><\/p>\n<div  class='av-social-sharing-box  avia-builder-el-7  el_after_av_hr  el_before_av_hr  '><div class='av-share-box'><h5 class='av-share-link-description av-no-toc '>Compartir esta noticia<\/h5><ul class='av-share-box-list noLightbox'><li class='av-share-link av-social-link-facebook' ><a target=\"_blank\" aria-label=\"Compartir en Facebook\" href='https:\/\/www.facebook.com\/sharer.php?u=https:\/\/radiorevelacionfm.cl\/?p=34193&#038;t=Lanzan%20Programa%20%2BR%20con%20curso%20%E2%80%9CRevestimiento%20de%20superficies%20con%20pintura%20y%20papel%E2%80%9D%20dirigido%20a%2010%20internos%20de%20la%20c%C3%A1rcel%20de%20Coyhaique' aria-hidden='false' data-av_icon='\ue8f3' data-av_iconfont='entypo-fontello' title='' data-avia-related-tooltip='Compartir en Facebook' rel=\"noopener\"><span class='avia_hidden_link_text'>Compartir en Facebook<\/span><\/a><\/li><li class='av-share-link av-social-link-twitter' ><a target=\"_blank\" aria-label=\"Compartir en Twitter\" href='https:\/\/twitter.com\/share?text=Lanzan%20Programa%20%2BR%20con%20curso%20%E2%80%9CRevestimiento%20de%20superficies%20con%20pintura%20y%20papel%E2%80%9D%20dirigido%20a%2010%20internos%20de%20la%20c%C3%A1rcel%20de%20Coyhaique&#038;url=https:\/\/radiorevelacionfm.cl\/?p=34193' aria-hidden='false' data-av_icon='\ue8f1' data-av_iconfont='entypo-fontello' title='' data-avia-related-tooltip='Compartir en Twitter' rel=\"noopener\"><span class='avia_hidden_link_text'>Compartir en Twitter<\/span><\/a><\/li><li class='av-share-link av-social-link-whatsapp' ><a target=\"_blank\" aria-label=\"Compartir en Whatsapp\" href='https:\/\/api.whatsapp.com\/send?text=https:\/\/radiorevelacionfm.cl\/?p=34193' aria-hidden='false' data-av_icon='\uf232' data-av_iconfont='entypo-fontello' title='' data-avia-related-tooltip='Compartir en Whatsapp' rel=\"noopener\"><span class='avia_hidden_link_text'>Compartir en Whatsapp<\/span><\/a><\/li><li class='av-share-link av-social-link-linkedin' ><a target=\"_blank\" aria-label=\"Compartir en LinkedIn\" href='https:\/\/linkedin.com\/shareArticle?mini=true&#038;title=Lanzan%20Programa%20%2BR%20con%20curso%20%E2%80%9CRevestimiento%20de%20superficies%20con%20pintura%20y%20papel%E2%80%9D%20dirigido%20a%2010%20internos%20de%20la%20c%C3%A1rcel%20de%20Coyhaique&#038;url=https:\/\/radiorevelacionfm.cl\/?p=34193' aria-hidden='false' data-av_icon='\ue8fc' data-av_iconfont='entypo-fontello' title='' data-avia-related-tooltip='Compartir en LinkedIn' rel=\"noopener\"><span class='avia_hidden_link_text'>Compartir en LinkedIn<\/span><\/a><\/li><li class='av-share-link av-social-link-mail' ><a  aria-label=\"Compartir por correo\" href='mailto:?subject=Lanzan%20Programa%20%2BR%20con%20curso%20%E2%80%9CRevestimiento%20de%20superficies%20con%20pintura%20y%20papel%E2%80%9D%20dirigido%20a%2010%20internos%20de%20la%20c%C3%A1rcel%20de%20Coyhaique&#038;body=https:\/\/radiorevelacionfm.cl\/?p=34193' aria-hidden='false' data-av_icon='\ue805' data-av_iconfont='entypo-fontello' title='' data-avia-related-tooltip='Compartir por correo'><span class='avia_hidden_link_text'>Compartir por correo<\/span><\/a><\/li><\/ul><\/div><\/div>\n<div  style='height:50px' class='hr hr-invisible   avia-builder-el-8  el_after_av_social_share  el_before_av_comments_list '><span class='hr-inner ' ><span class='hr-inner-style'><\/span><\/span><\/div>\n<div  class='av-buildercomment  av-blog-meta-html-info-disabled av-blog-meta-tag-disabled  '><\/div>\n","protected":false},"excerpt":{"rendered":"","protected":false},"author":1,"featured_media":34194,"comment_status":"open","ping_status":"open","sticky":false,"template":"","format":"standard","meta":{"footnotes":""},"categories":[55],"tags":[],"class_list":["post-34193","post","type-post","status-publish","format-standard","has-post-thumbnail","hentry","category-justicia"],"jetpack_featured_media_url":"https:\/\/radiorevelacionfm.cl\/wp-content\/uploads\/2023\/08\/program-r-1-1.jpg","_links":{"self":[{"href":"https:\/\/radiorevelacionfm.cl\/index.php?rest_route=\/wp\/v2\/posts\/34193","targetHints":{"allow":["GET"]}}],"collection":[{"href":"https:\/\/radiorevelacionfm.cl\/index.php?rest_route=\/wp\/v2\/posts"}],"about":[{"href":"https:\/\/radiorevelacionfm.cl\/index.php?rest_route=\/wp\/v2\/types\/post"}],"author":[{"embeddable":true,"href":"https:\/\/radiorevelacionfm.cl\/index.php?rest_route=\/wp\/v2\/users\/1"}],"replies":[{"embeddable":true,"href":"https:\/\/radiorevelacionfm.cl\/index.php?rest_route=%2Fwp%2Fv2%2Fcomments&post=34193"}],"version-history":[{"count":1,"href":"https:\/\/radiorevelacionfm.cl\/index.php?rest_route=\/wp\/v2\/posts\/34193\/revisions"}],"predecessor-version":[{"id":34195,"href":"https:\/\/radiorevelacionfm.cl\/index.php?rest_route=\/wp\/v2\/posts\/34193\/revisions\/34195"}],"wp:featuredmedia":[{"embeddable":true,"href":"https:\/\/radiorevelacionfm.cl\/index.php?rest_route=\/wp\/v2\/media\/34194"}],"wp:attachment":[{"href":"https:\/\/radiorevelacionfm.cl\/index.php?rest_route=%2Fwp%2Fv2%2Fmedia&parent=34193"}],"wp:term":[{"taxonomy":"category","embeddable":true,"href":"https:\/\/radiorevelacionfm.cl\/index.php?rest_route=%2Fwp%2Fv2%2Fcategories&post=34193"},{"taxonomy":"post_tag","embeddable":true,"href":"https:\/\/radiorevelacionfm.cl\/index.php?rest_route=%2Fwp%2Fv2%2Ftags&post=34193"}],"curies":[{"name":"wp","href":"https:\/\/api.w.org\/{rel}","templated":true}]}}