{"id":34190,"date":"2023-08-24T14:26:00","date_gmt":"2023-08-24T17:26:00","guid":{"rendered":"https:\/\/radiorevelacionfm.cl\/?p=34190"},"modified":"2023-08-24T14:26:00","modified_gmt":"2023-08-24T17:26:00","slug":"gobernadora-y-alcalde-de-guaitecas-acuerdan-soluciones-para-problema-electrico-en-la-comuna","status":"publish","type":"post","link":"https:\/\/radiorevelacionfm.cl\/?p=34190","title":{"rendered":"Gobernadora y Alcalde de Guaitecas acuerdan soluciones para problema el\u00e9ctrico en la comuna"},"content":{"rendered":"<div class=\"flex_column av_one_full  flex_column_div av-zero-column-padding first  avia-builder-el-0  el_before_av_one_full  avia-builder-el-first  \" style='border-radius:0px; '><div  class='avia-image-container  av-styling-    avia-builder-el-1  avia-builder-el-no-sibling  avia-align-center '  itemprop=\"image\" itemscope=\"itemscope\" itemtype=\"https:\/\/schema.org\/ImageObject\"  ><div class='avia-image-container-inner'><div class='avia-image-overlay-wrap'><img decoding=\"async\" class='wp-image-34191 avia-img-lazy-loading-not-34191 avia_image' src=\"https:\/\/radiorevelacionfm.cl\/wp-content\/uploads\/2023\/08\/foto-melinka-1-1-1_optimized-1_optimized-1.jpg\" alt='' title='foto-melinka-1-(1)-(1)_optimized-(1)_optimized (1)' height=\"600\" width=\"1067\"  itemprop=\"thumbnailUrl\" srcset=\"https:\/\/radiorevelacionfm.cl\/wp-content\/uploads\/2023\/08\/foto-melinka-1-1-1_optimized-1_optimized-1.jpg 1067w, https:\/\/radiorevelacionfm.cl\/wp-content\/uploads\/2023\/08\/foto-melinka-1-1-1_optimized-1_optimized-1-300x169.jpg 300w, https:\/\/radiorevelacionfm.cl\/wp-content\/uploads\/2023\/08\/foto-melinka-1-1-1_optimized-1_optimized-1-1030x579.jpg 1030w, https:\/\/radiorevelacionfm.cl\/wp-content\/uploads\/2023\/08\/foto-melinka-1-1-1_optimized-1_optimized-1-768x432.jpg 768w, https:\/\/radiorevelacionfm.cl\/wp-content\/uploads\/2023\/08\/foto-melinka-1-1-1_optimized-1_optimized-1-705x396.jpg 705w, https:\/\/radiorevelacionfm.cl\/wp-content\/uploads\/2023\/08\/foto-melinka-1-1-1_optimized-1_optimized-1-450x253.jpg 450w, https:\/\/radiorevelacionfm.cl\/wp-content\/uploads\/2023\/08\/foto-melinka-1-1-1_optimized-1_optimized-1-600x337.jpg 600w\" sizes=\"(max-width: 1067px) 100vw, 1067px\" \/><\/div><\/div><\/div><\/div><div class=\"flex_column av_one_full  flex_column_div av-zero-column-padding first  avia-builder-el-2  el_after_av_one_full  el_before_av_one_full  column-top-margin\" style='border-radius:0px; '><section class=\"av_textblock_section \"  itemscope=\"itemscope\" itemtype=\"https:\/\/schema.org\/BlogPosting\" itemprop=\"blogPost\" ><div class='avia_textblock  '   itemprop=\"text\" ><p style=\"text-align: center;\"><strong><span style=\"font-size: 18pt;\">Gobernadora y Alcalde de Guaitecas acuerdan soluciones para problema el\u00e9ctrico en la comuna<\/span><\/strong><\/p>\n<div id=\"gtx-trans\" style=\"position: absolute; left: -50px; top: 4.31534px;\">\n<div class=\"gtx-trans-icon\"><\/div>\n<\/div>\n<\/div><\/section><\/div><div class=\"flex_column av_one_full  flex_column_div av-zero-column-padding first  avia-builder-el-4  el_after_av_one_full  el_before_av_hr  column-top-margin\" style='border-radius:0px; '><section class=\"av_textblock_section \"  itemscope=\"itemscope\" itemtype=\"https:\/\/schema.org\/BlogPosting\" itemprop=\"blogPost\" ><div class='avia_textblock  '   itemprop=\"text\" ><p dir=\"ltr\" style=\"text-align: justify;\">Luego de que el Municipio de Guaitecas declarara emergencia comunal producto del desabastecimiento de energ\u00eda el\u00e9ctrica, y por consecuencia de este, de agua; la Gobernadora Regional de Ays\u00e9n, Andrea Mac\u00edas Palma recibi\u00f3 al alcalde Marcos Silva para abordar soluciones a la problem\u00e1tica.<\/p>\n<p dir=\"ltr\" style=\"text-align: justify;\">La primera autoridad regional explic\u00f3 que se est\u00e1n haciendo gestiones a nivel p\u00fablico y privado para proveer de un mejor servicio. \u00abEstamos evaluando c\u00f3mo logramos aumentar la capacidad de almacenamiento de combustible con la que hoy d\u00eda cuenta la localidad, que debe a lo menos triplicarse para poder llegar a los est\u00e1ndares que nos permitan generar un abastecimiento mucho m\u00e1s fluido, con mayor competencia por lo dem\u00e1s y no estar dependiendo siempre de \u00fanicos proveedores que adem\u00e1s tienen un costo mucho mayor de combustible que en el mercado tradicional\u00bb.<\/p>\n<p dir=\"ltr\" style=\"text-align: justify;\">Adem\u00e1s de esto, la Gobernadora comprometi\u00f3 el apoyo del Ejecutivo regional para la formulaci\u00f3n de iniciativas permitan mejorar el sistema el\u00e9ctrico de Melinka, hacer las reparaciones necesarias y evitar as\u00ed la cantidad de p\u00e9rdidas que hoy d\u00eda tiene el sistema de generaci\u00f3n.<\/p>\n<p dir=\"ltr\" style=\"text-align: justify;\">Por su parte el alcalde Silva, junto con agradecer la disposici\u00f3n de la Gobernadora Andrea Mac\u00edas ofreci\u00f3 disculpas por las pol\u00e9micas declaraciones que hizo en medios de comunicaci\u00f3n regionales la semana pasada al anunciar el decreto alcaldicio de emergencia comunal.<\/p>\n<p dir=\"ltr\" style=\"text-align: justify;\">Ambas autoridades revisaron la decisi\u00f3n de retirar de Contralor\u00eda la resoluci\u00f3n que modifica el convenio entre el Gobierno Regional y la empresa el\u00e9ctrica de Guaitecas para la transferencia de 300 millones de subsidios de generaci\u00f3n el\u00e9ctrica, decisi\u00f3n que se tom\u00f3 en virtud de la circular n\u00famero 20 del Ministerio de Hacienda que imparte instrucciones y aumenta requerimientos para la transferencia de recursos entre gobiernos regionales y \u00f3rganos de la Administraci\u00f3n del Estado e instituciones privadas.<\/p>\n<p dir=\"ltr\" style=\"text-align: justify;\">El alcalde se abri\u00f3 a la idea de analizar un nuevo tipo de administraci\u00f3n de la empresa el\u00e9ctrica municipal, \u00abque tengamos una mejor administraci\u00f3n, mucho m\u00e1s eficiente, y tratar de subsanar lo que tenemos hoy d\u00eda porque finalmente son deudas de arrastre que nos tienen agobiados\u00bb.<\/p>\n<p dir=\"ltr\" style=\"text-align: justify;\">En ese sentido el alcalde y la Gobernadora coincidieron en la necesidad de aumentar la capacidad de estanques de agua, de hacer una nueva licitaci\u00f3n para la adquisici\u00f3n de combustible y mejorar el tendido el\u00e9ctrico, adem\u00e1s de la adquisici\u00f3n de un cami\u00f3n aljibe.<\/p>\n<p dir=\"ltr\" style=\"text-align: justify;\">\u00abHay cosas que tenemos que trabajar r\u00e1pidamente, pero evidentemente con el compromiso de nuestra Gobernadora y las dem\u00e1s autoridades estamos de alguna manera sincronizados para poder avanzar y entregar un mejor servicio\u00bb, concluy\u00f3 el edil.<\/p>\n<\/div><\/section><\/div><div  style='height:50px' class='hr hr-invisible   avia-builder-el-6  el_after_av_one_full  el_before_av_social_share '><span class='hr-inner ' ><span class='hr-inner-style'><\/span><\/span><\/div><\/p>\n<div  class='av-social-sharing-box  avia-builder-el-7  el_after_av_hr  el_before_av_hr  '><div class='av-share-box'><h5 class='av-share-link-description av-no-toc '>Compartir esta noticia<\/h5><ul class='av-share-box-list noLightbox'><li class='av-share-link av-social-link-facebook' ><a target=\"_blank\" aria-label=\"Compartir en Facebook\" href='https:\/\/www.facebook.com\/sharer.php?u=https:\/\/radiorevelacionfm.cl\/?p=34190&#038;t=Gobernadora%20y%20Alcalde%20de%20Guaitecas%20acuerdan%20soluciones%20para%20problema%20el%C3%A9ctrico%20en%20la%20comuna' aria-hidden='false' data-av_icon='\ue8f3' data-av_iconfont='entypo-fontello' title='' data-avia-related-tooltip='Compartir en Facebook' rel=\"noopener\"><span class='avia_hidden_link_text'>Compartir en Facebook<\/span><\/a><\/li><li class='av-share-link av-social-link-twitter' ><a target=\"_blank\" aria-label=\"Compartir en Twitter\" href='https:\/\/twitter.com\/share?text=Gobernadora%20y%20Alcalde%20de%20Guaitecas%20acuerdan%20soluciones%20para%20problema%20el%C3%A9ctrico%20en%20la%20comuna&#038;url=https:\/\/radiorevelacionfm.cl\/?p=34190' aria-hidden='false' data-av_icon='\ue8f1' data-av_iconfont='entypo-fontello' title='' data-avia-related-tooltip='Compartir en Twitter' rel=\"noopener\"><span class='avia_hidden_link_text'>Compartir en Twitter<\/span><\/a><\/li><li class='av-share-link av-social-link-whatsapp' ><a target=\"_blank\" aria-label=\"Compartir en Whatsapp\" href='https:\/\/api.whatsapp.com\/send?text=https:\/\/radiorevelacionfm.cl\/?p=34190' aria-hidden='false' data-av_icon='\uf232' data-av_iconfont='entypo-fontello' title='' data-avia-related-tooltip='Compartir en Whatsapp' rel=\"noopener\"><span class='avia_hidden_link_text'>Compartir en Whatsapp<\/span><\/a><\/li><li class='av-share-link av-social-link-linkedin' ><a target=\"_blank\" aria-label=\"Compartir en LinkedIn\" href='https:\/\/linkedin.com\/shareArticle?mini=true&#038;title=Gobernadora%20y%20Alcalde%20de%20Guaitecas%20acuerdan%20soluciones%20para%20problema%20el%C3%A9ctrico%20en%20la%20comuna&#038;url=https:\/\/radiorevelacionfm.cl\/?p=34190' aria-hidden='false' data-av_icon='\ue8fc' data-av_iconfont='entypo-fontello' title='' data-avia-related-tooltip='Compartir en LinkedIn' rel=\"noopener\"><span class='avia_hidden_link_text'>Compartir en LinkedIn<\/span><\/a><\/li><li class='av-share-link av-social-link-mail' ><a  aria-label=\"Compartir por correo\" href='mailto:?subject=Gobernadora%20y%20Alcalde%20de%20Guaitecas%20acuerdan%20soluciones%20para%20problema%20el%C3%A9ctrico%20en%20la%20comuna&#038;body=https:\/\/radiorevelacionfm.cl\/?p=34190' aria-hidden='false' data-av_icon='\ue805' data-av_iconfont='entypo-fontello' title='' data-avia-related-tooltip='Compartir por correo'><span class='avia_hidden_link_text'>Compartir por correo<\/span><\/a><\/li><\/ul><\/div><\/div>\n<div  style='height:50px' class='hr hr-invisible   avia-builder-el-8  el_after_av_social_share  el_before_av_comments_list '><span class='hr-inner ' ><span class='hr-inner-style'><\/span><\/span><\/div>\n<div  class='av-buildercomment  av-blog-meta-html-info-disabled av-blog-meta-tag-disabled  '><\/div>\n","protected":false},"excerpt":{"rendered":"","protected":false},"author":1,"featured_media":34191,"comment_status":"open","ping_status":"open","sticky":false,"template":"","format":"standard","meta":{"footnotes":""},"categories":[38],"tags":[],"class_list":["post-34190","post","type-post","status-publish","format-standard","has-post-thumbnail","hentry","category-regional"],"jetpack_featured_media_url":"https:\/\/radiorevelacionfm.cl\/wp-content\/uploads\/2023\/08\/foto-melinka-1-1-1_optimized-1_optimized-1.jpg","_links":{"self":[{"href":"https:\/\/radiorevelacionfm.cl\/index.php?rest_route=\/wp\/v2\/posts\/34190","targetHints":{"allow":["GET"]}}],"collection":[{"href":"https:\/\/radiorevelacionfm.cl\/index.php?rest_route=\/wp\/v2\/posts"}],"about":[{"href":"https:\/\/radiorevelacionfm.cl\/index.php?rest_route=\/wp\/v2\/types\/post"}],"author":[{"embeddable":true,"href":"https:\/\/radiorevelacionfm.cl\/index.php?rest_route=\/wp\/v2\/users\/1"}],"replies":[{"embeddable":true,"href":"https:\/\/radiorevelacionfm.cl\/index.php?rest_route=%2Fwp%2Fv2%2Fcomments&post=34190"}],"version-history":[{"count":1,"href":"https:\/\/radiorevelacionfm.cl\/index.php?rest_route=\/wp\/v2\/posts\/34190\/revisions"}],"predecessor-version":[{"id":34192,"href":"https:\/\/radiorevelacionfm.cl\/index.php?rest_route=\/wp\/v2\/posts\/34190\/revisions\/34192"}],"wp:featuredmedia":[{"embeddable":true,"href":"https:\/\/radiorevelacionfm.cl\/index.php?rest_route=\/wp\/v2\/media\/34191"}],"wp:attachment":[{"href":"https:\/\/radiorevelacionfm.cl\/index.php?rest_route=%2Fwp%2Fv2%2Fmedia&parent=34190"}],"wp:term":[{"taxonomy":"category","embeddable":true,"href":"https:\/\/radiorevelacionfm.cl\/index.php?rest_route=%2Fwp%2Fv2%2Fcategories&post=34190"},{"taxonomy":"post_tag","embeddable":true,"href":"https:\/\/radiorevelacionfm.cl\/index.php?rest_route=%2Fwp%2Fv2%2Ftags&post=34190"}],"curies":[{"name":"wp","href":"https:\/\/api.w.org\/{rel}","templated":true}]}}