{"id":34175,"date":"2023-08-24T10:44:33","date_gmt":"2023-08-24T13:44:33","guid":{"rendered":"https:\/\/radiorevelacionfm.cl\/?p=34175"},"modified":"2023-08-24T10:44:33","modified_gmt":"2023-08-24T13:44:33","slug":"festival-deportivo-rumbo-a-panamericanos-santiago2023-llega-a-la-region-de-aysen","status":"publish","type":"post","link":"https:\/\/radiorevelacionfm.cl\/?p=34175","title":{"rendered":"Festival Deportivo Rumbo a Panamericanos #Santiago2023 llega a la regi\u00f3n de Ays\u00e9n"},"content":{"rendered":"<div class=\"flex_column av_one_full  flex_column_div av-zero-column-padding first  avia-builder-el-0  el_before_av_one_full  avia-builder-el-first  \" style='border-radius:0px; '><div  class='avia-image-container  av-styling-    avia-builder-el-1  avia-builder-el-no-sibling  avia-align-center '  itemprop=\"image\" itemscope=\"itemscope\" itemtype=\"https:\/\/schema.org\/ImageObject\"  ><div class='avia-image-container-inner'><div class='avia-image-overlay-wrap'><img decoding=\"async\" class='wp-image-34176 avia-img-lazy-loading-not-34176 avia_image' src=\"https:\/\/radiorevelacionfm.cl\/wp-content\/uploads\/2023\/08\/pista-1-1.jpg\" alt='' title='pista (1) (1)' height=\"600\" width=\"800\"  itemprop=\"thumbnailUrl\" srcset=\"https:\/\/radiorevelacionfm.cl\/wp-content\/uploads\/2023\/08\/pista-1-1.jpg 800w, https:\/\/radiorevelacionfm.cl\/wp-content\/uploads\/2023\/08\/pista-1-1-300x225.jpg 300w, https:\/\/radiorevelacionfm.cl\/wp-content\/uploads\/2023\/08\/pista-1-1-768x576.jpg 768w, https:\/\/radiorevelacionfm.cl\/wp-content\/uploads\/2023\/08\/pista-1-1-705x529.jpg 705w, https:\/\/radiorevelacionfm.cl\/wp-content\/uploads\/2023\/08\/pista-1-1-450x338.jpg 450w, https:\/\/radiorevelacionfm.cl\/wp-content\/uploads\/2023\/08\/pista-1-1-600x450.jpg 600w\" sizes=\"(max-width: 800px) 100vw, 800px\" \/><\/div><\/div><\/div><\/div><div class=\"flex_column av_one_full  flex_column_div av-zero-column-padding first  avia-builder-el-2  el_after_av_one_full  el_before_av_one_full  column-top-margin\" style='border-radius:0px; '><section class=\"av_textblock_section \"  itemscope=\"itemscope\" itemtype=\"https:\/\/schema.org\/BlogPosting\" itemprop=\"blogPost\" ><div class='avia_textblock  '   itemprop=\"text\" ><p style=\"text-align: center;\"><span style=\"font-size: 18pt;\"><b>Festival Deportivo Rumbo a Panamericanos #Santiago2023 llega a la regi\u00f3n de Ays\u00e9n<\/b><\/span><\/p>\n<div id=\"gtx-trans\" style=\"position: absolute; left: -50px; top: 4.31534px;\">\n<div class=\"gtx-trans-icon\"><\/div>\n<\/div>\n<\/div><\/section><\/div><div class=\"flex_column av_one_full  flex_column_div av-zero-column-padding first  avia-builder-el-4  el_after_av_one_full  el_before_av_hr  column-top-margin\" style='border-radius:0px; '><section class=\"av_textblock_section \"  itemscope=\"itemscope\" itemtype=\"https:\/\/schema.org\/BlogPosting\" itemprop=\"blogPost\" ><div class='avia_textblock  '   itemprop=\"text\" ><div style=\"text-align: justify;\"><em>Ministerio del Deporte junto a IND Ays\u00e9n invitan a participar de este gran evento deportivo familiar que se desarrollar\u00e1 este s\u00e1bado 26 de agosto en el Estadio Regional de Coyhaique.<\/em><br \/>\n<em>\u00a0<\/em><br \/>\nDiferentes escenarios y disciplinas deportivas, stands, baile masivo, premios y sorpresas, ser\u00e1n parte de este festival en el marco de las actividades promocionales de los Juegos Panamericanos y Parapanamericanos que se desarrollan a lo largo del pa\u00eds y que este pr\u00f3ximo s\u00e1bado llegar\u00e1n a nuestra regi\u00f3n.<b><br \/>\n<\/b><br \/>\nEl \u00abFestival Panamericanos Rumbo a Santiago 2023&#8243;, alianza entre Mindep Ays\u00e9n, los programas Crecer en Movimiento y Deporte de Participaci\u00f3n Social del IND y la colaboraci\u00f3n de Junaeb Ays\u00e9n, Elige Vivir Sano y la empresa Aguas Patagonia, contempla actividades durante toda la jornada del pr\u00f3ximo s\u00e1bado.\u00bbEsta ser\u00e1 una tremenda fiesta familiar, organizada por Mindep e IND, donde el principal objetivo es invitar a nuestras vecinas y vecinos a abrazar los Juegos Panamericanos y Parapanamericanos Stgo 2023, un evento que sin duda marcar\u00e1 la historia del deporte en nuestro pa\u00eds, un compromiso de estado y de gobierno del Presidente Gabriel Boric, donde tenemos la certeza que estos juegos dejar\u00e1n un legado de inspiraci\u00f3n, sobretodo en nuestras infancias y juventudes, pues el deporte constituye una importante herramienta de desarrollo social. As\u00ed que la invitaci\u00f3n es a calentar motores y ponerse la Roja de Chile en este Festival de Ays\u00e9n Rumbo a los Juegos Santiago 2023&#8243;, coment\u00f3 Mar\u00eda Eugenia Dur\u00e1n Jara, Seremi del Deporte Regi\u00f3n de Ays\u00e9n\u00bb,Asimismo, el Director Regional (s) del IND, Javier Medina Mella se\u00f1al\u00f3 \u00aben la jornada de la ma\u00f1ana tendremos una competencia de f\u00fatbol 7 en la cancha sint\u00e9tica del Estadio Regional y paralelamente se desarrollar\u00e1n competencias paral\u00edmpicas en la pista atl\u00e9tica y gimnasios con los que cuenta este recinto deportivo, mientras que en la jornada de la tarde el p\u00fablico podr\u00e1 participar en cl\u00ednicas de 6 disciplinas deportivas que estar\u00e1n en los Juegos Panamericanos, para finalizar con masivos de Pilates y baile entretenido\u00bb.<\/p>\n<p>Cronograma: S\u00e1bado 26 de Agosto, Estadio Regional de Coyhaique<\/p>\n<p>09:00- 13:00 hrs.: F\u00fatbol 7 (sub 12), Competencia Paral\u00edmpicas; Para Tenis de mesa, Bochas, Para Atletismo.<\/p>\n<p>16:00 hrs. Cl\u00ednicas deportivas; Judo, Boxeo, Softbol, Taekwondo, Muay Thai, Ajedrez.<\/p>\n<p>16:00 hrs. Clase masiva de Pilates<\/p>\n<p>17:00 hrs. Bailet\u00f3n masivo.<\/p>\n<\/div>\n<div><\/div>\n<\/div><\/section><\/div><div  style='height:50px' class='hr hr-invisible   avia-builder-el-6  el_after_av_one_full  el_before_av_social_share '><span class='hr-inner ' ><span class='hr-inner-style'><\/span><\/span><\/div><\/p>\n<div  class='av-social-sharing-box  avia-builder-el-7  el_after_av_hr  el_before_av_hr  '><div class='av-share-box'><h5 class='av-share-link-description av-no-toc '>Compartir esta noticia<\/h5><ul class='av-share-box-list noLightbox'><li class='av-share-link av-social-link-facebook' ><a target=\"_blank\" aria-label=\"Compartir en Facebook\" href='https:\/\/www.facebook.com\/sharer.php?u=https:\/\/radiorevelacionfm.cl\/?p=34175&#038;t=Festival%20Deportivo%20Rumbo%20a%20Panamericanos%20%23Santiago2023%20llega%20a%20la%20regi%C3%B3n%20de%20Ays%C3%A9n' aria-hidden='false' data-av_icon='\ue8f3' data-av_iconfont='entypo-fontello' title='' data-avia-related-tooltip='Compartir en Facebook' rel=\"noopener\"><span class='avia_hidden_link_text'>Compartir en Facebook<\/span><\/a><\/li><li class='av-share-link av-social-link-twitter' ><a target=\"_blank\" aria-label=\"Compartir en Twitter\" href='https:\/\/twitter.com\/share?text=Festival%20Deportivo%20Rumbo%20a%20Panamericanos%20%23Santiago2023%20llega%20a%20la%20regi%C3%B3n%20de%20Ays%C3%A9n&#038;url=https:\/\/radiorevelacionfm.cl\/?p=34175' aria-hidden='false' data-av_icon='\ue8f1' data-av_iconfont='entypo-fontello' title='' data-avia-related-tooltip='Compartir en Twitter' rel=\"noopener\"><span class='avia_hidden_link_text'>Compartir en Twitter<\/span><\/a><\/li><li class='av-share-link av-social-link-whatsapp' ><a target=\"_blank\" aria-label=\"Compartir en Whatsapp\" href='https:\/\/api.whatsapp.com\/send?text=https:\/\/radiorevelacionfm.cl\/?p=34175' aria-hidden='false' data-av_icon='\uf232' data-av_iconfont='entypo-fontello' title='' data-avia-related-tooltip='Compartir en Whatsapp' rel=\"noopener\"><span class='avia_hidden_link_text'>Compartir en Whatsapp<\/span><\/a><\/li><li class='av-share-link av-social-link-linkedin' ><a target=\"_blank\" aria-label=\"Compartir en LinkedIn\" href='https:\/\/linkedin.com\/shareArticle?mini=true&#038;title=Festival%20Deportivo%20Rumbo%20a%20Panamericanos%20%23Santiago2023%20llega%20a%20la%20regi%C3%B3n%20de%20Ays%C3%A9n&#038;url=https:\/\/radiorevelacionfm.cl\/?p=34175' aria-hidden='false' data-av_icon='\ue8fc' data-av_iconfont='entypo-fontello' title='' data-avia-related-tooltip='Compartir en LinkedIn' rel=\"noopener\"><span class='avia_hidden_link_text'>Compartir en LinkedIn<\/span><\/a><\/li><li class='av-share-link av-social-link-mail' ><a  aria-label=\"Compartir por correo\" href='mailto:?subject=Festival%20Deportivo%20Rumbo%20a%20Panamericanos%20%23Santiago2023%20llega%20a%20la%20regi%C3%B3n%20de%20Ays%C3%A9n&#038;body=https:\/\/radiorevelacionfm.cl\/?p=34175' aria-hidden='false' data-av_icon='\ue805' data-av_iconfont='entypo-fontello' title='' data-avia-related-tooltip='Compartir por correo'><span class='avia_hidden_link_text'>Compartir por correo<\/span><\/a><\/li><\/ul><\/div><\/div>\n<div  style='height:50px' class='hr hr-invisible   avia-builder-el-8  el_after_av_social_share  el_before_av_comments_list '><span class='hr-inner ' ><span class='hr-inner-style'><\/span><\/span><\/div>\n<div  class='av-buildercomment  av-blog-meta-html-info-disabled av-blog-meta-tag-disabled  '><\/div>\n","protected":false},"excerpt":{"rendered":"","protected":false},"author":1,"featured_media":34176,"comment_status":"open","ping_status":"open","sticky":false,"template":"","format":"standard","meta":{"footnotes":""},"categories":[40],"tags":[],"class_list":["post-34175","post","type-post","status-publish","format-standard","has-post-thumbnail","hentry","category-deportes"],"jetpack_featured_media_url":"https:\/\/radiorevelacionfm.cl\/wp-content\/uploads\/2023\/08\/pista-1-1.jpg","_links":{"self":[{"href":"https:\/\/radiorevelacionfm.cl\/index.php?rest_route=\/wp\/v2\/posts\/34175","targetHints":{"allow":["GET"]}}],"collection":[{"href":"https:\/\/radiorevelacionfm.cl\/index.php?rest_route=\/wp\/v2\/posts"}],"about":[{"href":"https:\/\/radiorevelacionfm.cl\/index.php?rest_route=\/wp\/v2\/types\/post"}],"author":[{"embeddable":true,"href":"https:\/\/radiorevelacionfm.cl\/index.php?rest_route=\/wp\/v2\/users\/1"}],"replies":[{"embeddable":true,"href":"https:\/\/radiorevelacionfm.cl\/index.php?rest_route=%2Fwp%2Fv2%2Fcomments&post=34175"}],"version-history":[{"count":2,"href":"https:\/\/radiorevelacionfm.cl\/index.php?rest_route=\/wp\/v2\/posts\/34175\/revisions"}],"predecessor-version":[{"id":34178,"href":"https:\/\/radiorevelacionfm.cl\/index.php?rest_route=\/wp\/v2\/posts\/34175\/revisions\/34178"}],"wp:featuredmedia":[{"embeddable":true,"href":"https:\/\/radiorevelacionfm.cl\/index.php?rest_route=\/wp\/v2\/media\/34176"}],"wp:attachment":[{"href":"https:\/\/radiorevelacionfm.cl\/index.php?rest_route=%2Fwp%2Fv2%2Fmedia&parent=34175"}],"wp:term":[{"taxonomy":"category","embeddable":true,"href":"https:\/\/radiorevelacionfm.cl\/index.php?rest_route=%2Fwp%2Fv2%2Fcategories&post=34175"},{"taxonomy":"post_tag","embeddable":true,"href":"https:\/\/radiorevelacionfm.cl\/index.php?rest_route=%2Fwp%2Fv2%2Ftags&post=34175"}],"curies":[{"name":"wp","href":"https:\/\/api.w.org\/{rel}","templated":true}]}}