{"id":34165,"date":"2023-08-23T19:35:07","date_gmt":"2023-08-23T22:35:07","guid":{"rendered":"https:\/\/radiorevelacionfm.cl\/?p=34165"},"modified":"2023-08-23T19:35:07","modified_gmt":"2023-08-23T22:35:07","slug":"consejo-regional-de-aysen-reitera-respaldo-a-asistentes-de-la-educacion-no-pueden-haber-funcionarios-del-estado-de-primera-y-segunda-categoria","status":"publish","type":"post","link":"https:\/\/radiorevelacionfm.cl\/?p=34165","title":{"rendered":"Consejo Regional de Ays\u00e9n reitera respaldo a asistentes de la educaci\u00f3n: \u00abNo pueden haber funcionarios del Estado de primera y segunda categor\u00eda\u00bb"},"content":{"rendered":"<div class=\"flex_column av_one_full  flex_column_div av-zero-column-padding first  avia-builder-el-0  el_before_av_one_full  avia-builder-el-first  \" style='border-radius:0px; '><div  class='avia-image-container  av-styling-    avia-builder-el-1  avia-builder-el-no-sibling  avia-align-center '  itemprop=\"image\" itemscope=\"itemscope\" itemtype=\"https:\/\/schema.org\/ImageObject\"  ><div class='avia-image-container-inner'><div class='avia-image-overlay-wrap'><img decoding=\"async\" class='wp-image-34166 avia-img-lazy-loading-not-34166 avia_image' src=\"https:\/\/radiorevelacionfm.cl\/wp-content\/uploads\/2023\/08\/educacion-1-1_optimized.jpeg\" alt='' title='educaci\u00f3n-1-(1)_optimized' height=\"600\" width=\"1067\"  itemprop=\"thumbnailUrl\" srcset=\"https:\/\/radiorevelacionfm.cl\/wp-content\/uploads\/2023\/08\/educacion-1-1_optimized.jpeg 1067w, https:\/\/radiorevelacionfm.cl\/wp-content\/uploads\/2023\/08\/educacion-1-1_optimized-300x169.jpeg 300w, https:\/\/radiorevelacionfm.cl\/wp-content\/uploads\/2023\/08\/educacion-1-1_optimized-1030x579.jpeg 1030w, https:\/\/radiorevelacionfm.cl\/wp-content\/uploads\/2023\/08\/educacion-1-1_optimized-768x432.jpeg 768w, https:\/\/radiorevelacionfm.cl\/wp-content\/uploads\/2023\/08\/educacion-1-1_optimized-705x396.jpeg 705w, https:\/\/radiorevelacionfm.cl\/wp-content\/uploads\/2023\/08\/educacion-1-1_optimized-450x253.jpeg 450w, https:\/\/radiorevelacionfm.cl\/wp-content\/uploads\/2023\/08\/educacion-1-1_optimized-600x337.jpeg 600w\" sizes=\"(max-width: 1067px) 100vw, 1067px\" \/><\/div><\/div><\/div><\/div><div class=\"flex_column av_one_full  flex_column_div av-zero-column-padding first  avia-builder-el-2  el_after_av_one_full  el_before_av_one_full  column-top-margin\" style='border-radius:0px; '><section class=\"av_textblock_section \"  itemscope=\"itemscope\" itemtype=\"https:\/\/schema.org\/BlogPosting\" itemprop=\"blogPost\" ><div class='avia_textblock  '   itemprop=\"text\" ><p style=\"text-align: center;\"><strong><span style=\"font-size: 18pt;\">Consejo Regional de Ays\u00e9n reitera respaldo a asistentes de la educaci\u00f3n: \u00abNo pueden haber funcionarios del Estado de primera y segunda categor\u00eda\u00bb<\/span><\/strong><\/p>\n<div id=\"gtx-trans\" style=\"position: absolute; left: -50px; top: 4.31534px;\">\n<div class=\"gtx-trans-icon\"><\/div>\n<\/div>\n<\/div><\/section><\/div><div class=\"flex_column av_one_full  flex_column_div av-zero-column-padding first  avia-builder-el-4  el_after_av_one_full  el_before_av_hr  column-top-margin\" style='border-radius:0px; '><section class=\"av_textblock_section \"  itemscope=\"itemscope\" itemtype=\"https:\/\/schema.org\/BlogPosting\" itemprop=\"blogPost\" ><div class='avia_textblock  '   itemprop=\"text\" ><p dir=\"ltr\" style=\"text-align: justify;\">A nombre de todo Consejo Regional de Ays\u00e9n, la Consejera Marisol Mart\u00ednez y el Consejero Jorge Abello reiteraron p\u00fablicamente su apoyo a las y los asistentes de la educaci\u00f3n de la regi\u00f3n, quienes llevan m\u00e1s de 25 d\u00edas movilizados. Esto, previo a la visita a la regi\u00f3n de la Subsecretaria de Educaci\u00f3n, Alejandra Arratia, quien arribar\u00eda a fines de esta semana para abordar la problem\u00e1tica.<\/p>\n<p dir=\"ltr\" style=\"text-align: justify;\">La paralizaci\u00f3n y protesta de estos profesionales responde a que no ha habido a\u00fan respuesta a su petitorio, donde exigen que se les otorgue la asignaci\u00f3n por zona que reciben todos quienes se desempe\u00f1an en el sector p\u00fablico en regiones extremas. Esto, con el fundamento de que el pr\u00f3ximo a\u00f1o pasar\u00e1n a ser funcionarios del Servicio Local de Educaci\u00f3n P\u00fablica (SLEP).<\/p>\n<p dir=\"ltr\" style=\"text-align: justify;\">\u00abConsideramos leg\u00edtimo el petitorio que se est\u00e1 haciendo y que ha habido una demora muy grande en responder a esta demanda. Este viernes viene la Subsecretaria de Educaci\u00f3n, y se espera que ella traiga una respuesta a este petitorio, y hacemos un llamado tambi\u00e9n a todos los actores pol\u00edticos involucrados en esta decisi\u00f3n\u00bb, se\u00f1al\u00f3 la Consejera Regional de Coyhaique, Marisol Mart\u00ednez.<\/p>\n<p dir=\"ltr\" style=\"text-align: justify;\">\u00abLa Gobernadora ha planteado su respaldo tambi\u00e9n, los alcaldes han planteado su respaldo a esta iniciativa, y nosotros como Consejeros y Consejeras Regionales, demostrando que este es un petitorio transversal y leg\u00edtimo para los trabajadores y trabajadoras de la educaci\u00f3n de nuestra regi\u00f3n\u00bb, agreg\u00f3.<\/p>\n<p dir=\"ltr\" style=\"text-align: justify;\">Por su parte, el Consejero de la Provincia de Capit\u00e1n Prat recalc\u00f3, a nombre de todos sus colegas, que \u00abel Consejo Regional reitera su apoyo al movimiento y al petitorio de los asistentes de la educaci\u00f3n. Sentimos que es una demanda justa y lo vamos a volver a se\u00f1alar: no pueden haber funcionarios del Estado de primera y segunda categor\u00eda. El primero de enero los asistentes de la educaci\u00f3n pasan a ser funcionarios p\u00fablicos y por tanto deben recibir la asignaci\u00f3n de zona, tal cual la reciben los dem\u00e1s funcionarios p\u00fablicos\u00bb.<\/p>\n<p dir=\"ltr\" style=\"text-align: justify;\">\u00abHubo un cambio de autoridad, un ajuste ministerial, esperamos que la llegada del nuevo Ministro pueda abrir la posibilidad de llegar prontamente a un acuerdo\u00bb, concluy\u00f3 Jorge Abello, haciendo referencia al reciente nombramiento de Nicol\u00e1s Cataldo en la cartera de Educaci\u00f3n.<\/p>\n<\/div><\/section><\/div><div  style='height:50px' class='hr hr-invisible   avia-builder-el-6  el_after_av_one_full  el_before_av_social_share '><span class='hr-inner ' ><span class='hr-inner-style'><\/span><\/span><\/div><\/p>\n<div  class='av-social-sharing-box  avia-builder-el-7  el_after_av_hr  el_before_av_hr  '><div class='av-share-box'><h5 class='av-share-link-description av-no-toc '>Compartir esta noticia<\/h5><ul class='av-share-box-list noLightbox'><li class='av-share-link av-social-link-facebook' ><a target=\"_blank\" aria-label=\"Compartir en Facebook\" href='https:\/\/www.facebook.com\/sharer.php?u=https:\/\/radiorevelacionfm.cl\/?p=34165&#038;t=Consejo%20Regional%20de%20Ays%C3%A9n%20reitera%20respaldo%20a%20asistentes%20de%20la%20educaci%C3%B3n%3A%20%C2%ABNo%20pueden%20haber%20funcionarios%20del%20Estado%20de%20primera%20y%20segunda%20categor%C3%ADa%C2%BB' aria-hidden='false' data-av_icon='\ue8f3' data-av_iconfont='entypo-fontello' title='' data-avia-related-tooltip='Compartir en Facebook' rel=\"noopener\"><span class='avia_hidden_link_text'>Compartir en Facebook<\/span><\/a><\/li><li class='av-share-link av-social-link-twitter' ><a target=\"_blank\" aria-label=\"Compartir en Twitter\" href='https:\/\/twitter.com\/share?text=Consejo%20Regional%20de%20Ays%C3%A9n%20reitera%20respaldo%20a%20asistentes%20de%20la%20educaci%C3%B3n%3A%20%C2%ABNo%20pueden%20haber%20funcionarios%20del%20Estado%20de%20primera%20y%20segunda%20categor%C3%ADa%C2%BB&#038;url=https:\/\/radiorevelacionfm.cl\/?p=34165' aria-hidden='false' data-av_icon='\ue8f1' data-av_iconfont='entypo-fontello' title='' data-avia-related-tooltip='Compartir en Twitter' rel=\"noopener\"><span class='avia_hidden_link_text'>Compartir en Twitter<\/span><\/a><\/li><li class='av-share-link av-social-link-whatsapp' ><a target=\"_blank\" aria-label=\"Compartir en Whatsapp\" href='https:\/\/api.whatsapp.com\/send?text=https:\/\/radiorevelacionfm.cl\/?p=34165' aria-hidden='false' data-av_icon='\uf232' data-av_iconfont='entypo-fontello' title='' data-avia-related-tooltip='Compartir en Whatsapp' rel=\"noopener\"><span class='avia_hidden_link_text'>Compartir en Whatsapp<\/span><\/a><\/li><li class='av-share-link av-social-link-linkedin' ><a target=\"_blank\" aria-label=\"Compartir en LinkedIn\" href='https:\/\/linkedin.com\/shareArticle?mini=true&#038;title=Consejo%20Regional%20de%20Ays%C3%A9n%20reitera%20respaldo%20a%20asistentes%20de%20la%20educaci%C3%B3n%3A%20%C2%ABNo%20pueden%20haber%20funcionarios%20del%20Estado%20de%20primera%20y%20segunda%20categor%C3%ADa%C2%BB&#038;url=https:\/\/radiorevelacionfm.cl\/?p=34165' aria-hidden='false' data-av_icon='\ue8fc' data-av_iconfont='entypo-fontello' title='' data-avia-related-tooltip='Compartir en LinkedIn' rel=\"noopener\"><span class='avia_hidden_link_text'>Compartir en LinkedIn<\/span><\/a><\/li><li class='av-share-link av-social-link-mail' ><a  aria-label=\"Compartir por correo\" href='mailto:?subject=Consejo%20Regional%20de%20Ays%C3%A9n%20reitera%20respaldo%20a%20asistentes%20de%20la%20educaci%C3%B3n%3A%20%C2%ABNo%20pueden%20haber%20funcionarios%20del%20Estado%20de%20primera%20y%20segunda%20categor%C3%ADa%C2%BB&#038;body=https:\/\/radiorevelacionfm.cl\/?p=34165' aria-hidden='false' data-av_icon='\ue805' data-av_iconfont='entypo-fontello' title='' data-avia-related-tooltip='Compartir por correo'><span class='avia_hidden_link_text'>Compartir por correo<\/span><\/a><\/li><\/ul><\/div><\/div>\n<div  style='height:50px' class='hr hr-invisible   avia-builder-el-8  el_after_av_social_share  el_before_av_comments_list '><span class='hr-inner ' ><span class='hr-inner-style'><\/span><\/span><\/div>\n<div  class='av-buildercomment  av-blog-meta-html-info-disabled av-blog-meta-tag-disabled  '><\/div>\n","protected":false},"excerpt":{"rendered":"","protected":false},"author":1,"featured_media":34166,"comment_status":"open","ping_status":"open","sticky":false,"template":"","format":"standard","meta":{"footnotes":""},"categories":[38],"tags":[],"class_list":["post-34165","post","type-post","status-publish","format-standard","has-post-thumbnail","hentry","category-regional"],"jetpack_featured_media_url":"https:\/\/radiorevelacionfm.cl\/wp-content\/uploads\/2023\/08\/educacion-1-1_optimized.jpeg","_links":{"self":[{"href":"https:\/\/radiorevelacionfm.cl\/index.php?rest_route=\/wp\/v2\/posts\/34165","targetHints":{"allow":["GET"]}}],"collection":[{"href":"https:\/\/radiorevelacionfm.cl\/index.php?rest_route=\/wp\/v2\/posts"}],"about":[{"href":"https:\/\/radiorevelacionfm.cl\/index.php?rest_route=\/wp\/v2\/types\/post"}],"author":[{"embeddable":true,"href":"https:\/\/radiorevelacionfm.cl\/index.php?rest_route=\/wp\/v2\/users\/1"}],"replies":[{"embeddable":true,"href":"https:\/\/radiorevelacionfm.cl\/index.php?rest_route=%2Fwp%2Fv2%2Fcomments&post=34165"}],"version-history":[{"count":1,"href":"https:\/\/radiorevelacionfm.cl\/index.php?rest_route=\/wp\/v2\/posts\/34165\/revisions"}],"predecessor-version":[{"id":34167,"href":"https:\/\/radiorevelacionfm.cl\/index.php?rest_route=\/wp\/v2\/posts\/34165\/revisions\/34167"}],"wp:featuredmedia":[{"embeddable":true,"href":"https:\/\/radiorevelacionfm.cl\/index.php?rest_route=\/wp\/v2\/media\/34166"}],"wp:attachment":[{"href":"https:\/\/radiorevelacionfm.cl\/index.php?rest_route=%2Fwp%2Fv2%2Fmedia&parent=34165"}],"wp:term":[{"taxonomy":"category","embeddable":true,"href":"https:\/\/radiorevelacionfm.cl\/index.php?rest_route=%2Fwp%2Fv2%2Fcategories&post=34165"},{"taxonomy":"post_tag","embeddable":true,"href":"https:\/\/radiorevelacionfm.cl\/index.php?rest_route=%2Fwp%2Fv2%2Ftags&post=34165"}],"curies":[{"name":"wp","href":"https:\/\/api.w.org\/{rel}","templated":true}]}}