{"id":34162,"date":"2023-08-24T11:32:14","date_gmt":"2023-08-24T14:32:14","guid":{"rendered":"https:\/\/radiorevelacionfm.cl\/?p=34162"},"modified":"2023-08-24T11:32:14","modified_gmt":"2023-08-24T14:32:14","slug":"premian-iniciativas-en-primer-concurso-formando-equidad-practicas-pedagogicas-para-una-educacion-no-sexista","status":"publish","type":"post","link":"https:\/\/radiorevelacionfm.cl\/?p=34162","title":{"rendered":"Premian iniciativas en primer concurso \u00abFormando Equidad: Pr\u00e1cticas Pedag\u00f3gicas para una Educaci\u00f3n no Sexista\u00bb"},"content":{"rendered":"<div class=\"flex_column av_one_full  flex_column_div av-zero-column-padding first  avia-builder-el-0  el_before_av_one_full  avia-builder-el-first  \" style='border-radius:0px; '><div  class='avia-image-container  av-styling-    avia-builder-el-1  avia-builder-el-no-sibling  avia-align-center '  itemprop=\"image\" itemscope=\"itemscope\" itemtype=\"https:\/\/schema.org\/ImageObject\"  ><div class='avia-image-container-inner'><div class='avia-image-overlay-wrap'><img decoding=\"async\" class='wp-image-34163 avia-img-lazy-loading-not-34163 avia_image' src=\"https:\/\/radiorevelacionfm.cl\/wp-content\/uploads\/2023\/08\/equidad-genero-10-1_optimized.jpg\" alt='' title='equidad-genero-10-(1)_optimized' height=\"600\" width=\"800\"  itemprop=\"thumbnailUrl\" srcset=\"https:\/\/radiorevelacionfm.cl\/wp-content\/uploads\/2023\/08\/equidad-genero-10-1_optimized.jpg 800w, https:\/\/radiorevelacionfm.cl\/wp-content\/uploads\/2023\/08\/equidad-genero-10-1_optimized-300x225.jpg 300w, https:\/\/radiorevelacionfm.cl\/wp-content\/uploads\/2023\/08\/equidad-genero-10-1_optimized-768x576.jpg 768w, https:\/\/radiorevelacionfm.cl\/wp-content\/uploads\/2023\/08\/equidad-genero-10-1_optimized-705x529.jpg 705w, https:\/\/radiorevelacionfm.cl\/wp-content\/uploads\/2023\/08\/equidad-genero-10-1_optimized-450x338.jpg 450w, https:\/\/radiorevelacionfm.cl\/wp-content\/uploads\/2023\/08\/equidad-genero-10-1_optimized-600x450.jpg 600w\" sizes=\"(max-width: 800px) 100vw, 800px\" \/><\/div><\/div><\/div><\/div><div class=\"flex_column av_one_full  flex_column_div av-zero-column-padding first  avia-builder-el-2  el_after_av_one_full  el_before_av_one_full  column-top-margin\" style='border-radius:0px; '><section class=\"av_textblock_section \"  itemscope=\"itemscope\" itemtype=\"https:\/\/schema.org\/BlogPosting\" itemprop=\"blogPost\" ><div class='avia_textblock  '   itemprop=\"text\" ><p class=\"v1MsoNormal\" style=\"text-align: center;\" align=\"center\"><span style=\"font-size: 18pt;\"><b>Premian iniciativas en primer concurso \u00abFormando Equidad: Pr\u00e1cticas Pedag\u00f3gicas para una Educaci\u00f3n no Sexista\u00bb<\/b><\/span><\/p>\n<p class=\"v1MsoNormal\" align=\"center\"><b>\u00a0<\/b><\/p>\n<div id=\"gtx-trans\" style=\"position: absolute; left: -50px; top: 4.31534px;\">\n<div class=\"gtx-trans-icon\"><\/div>\n<\/div>\n<\/div><\/section><\/div><div class=\"flex_column av_one_full  flex_column_div av-zero-column-padding first  avia-builder-el-4  el_after_av_one_full  el_before_av_hr  column-top-margin\" style='border-radius:0px; '><section class=\"av_textblock_section \"  itemscope=\"itemscope\" itemtype=\"https:\/\/schema.org\/BlogPosting\" itemprop=\"blogPost\" ><div class='avia_textblock  '   itemprop=\"text\" ><p class=\"v1MsoNormal\" style=\"text-align: justify;\">El martes 22 de Agosto en dependencias del Centro de Educaci\u00f3n Integrada de Adultos CEIA Municipal de Coyhaique se llev\u00f3 a cabo\u00a0 la premiaci\u00f3n del Primer Concurso \u00abFormando equidad: Pr\u00e1cticas Pedag\u00f3gica para una Educaci\u00f3n no Sexista\u00bb, certamen convocado por las secretar\u00edas regionales ministeriales de Educaci\u00f3n, de la Mujer y Equidad de G\u00e9nero y de la Ciencia, Tecnolog\u00eda, Conocimiento e Innovaci\u00f3n Macrozona Austral: Felicitaciones a las ganadoras y gracias por su tremendo aporte a la construcci\u00f3n de una sociedad con mayor equidad de g\u00e9nero.<\/p>\n<p class=\"v1MsoNormal\" style=\"text-align: justify;\">A esta in\u00e9dita convocatoria se presentaron ocho iniciativas de tres distintos establecimientos: Escuela Rural R\u00edo Blanco, Centro de Educaci\u00f3n Integrada de Adultos de Coyhaique y del Liceo T\u00e9cnico Profesional Profesor Ricardo Navarrete Barr\u00eda, de las cuales fueron escogidas cuatro, por su interesante y trasformadora propuesta.<\/p>\n<p class=\"v1MsoNormal\" style=\"text-align: justify;\">El primer lugar lo obtuvo Katherine Subiabre Angulo docente del Liceo T\u00e9cnico Profesional Ricardo Navarrete de Coyhaique, por su iniciativa \u00abCarta a una mujer mayor\u00bb El segundo lugar lo obtuvo la profesora Paula Miranda Lincon de la Escuela Rural R\u00edo Blanco, por su iniciativa \u00abViajar: Acto de valent\u00eda o acto de libertad?\u00bb. El tercer lugar qued\u00f3 en manos de Mar\u00eda Jos\u00e9 Ruiz Az\u00f3car, docente del CEIA Municipal de Coyhaique, por su iniciativa \u00abDebate: \u00bfLos estereotipos de g\u00e9nero afectan a las ni\u00f1eces?\u00bb<\/p>\n<p class=\"v1MsoNormal\" style=\"text-align: justify;\">La Menci\u00f3n Honrosa la obtuvo Carla Espinoza C\u00e1rcamo, docente de la Escuela Rural Rio Blanco, por su iniciativa \u00abAbre tus alas, libera tus colores\u00bb.<\/p>\n<p class=\"v1MsoNormal\" style=\"text-align: justify;\">El acto de reconocimiento cont\u00f3 con la presencia de las seremis de Educaci\u00f3n Isabel Garrido, de la Mujer y Equidad de G\u00e9nero Andrea Mendez y de Ciencia, Tecnolog\u00eda, Conocimiento e Innovaci\u00f3n Ver\u00f3nica Vallejos, y la representante de la Gobernadora Regional Jessica Lagos.<\/p>\n<p class=\"v1MsoNormal\" style=\"text-align: justify;\">Tras recibir un galvano, diploma y un obsequio de manos de las autoridades regionales de los ministerios convocantes, cada una de las ganadoras expuso brevemente su iniciativa, como una forma de inspirar y motivar a los asistentes a la ceremonia entre los cuales hab\u00eda estudiantes de pedagog\u00eda y profesionales de la educaci\u00f3n. El espacio de di\u00e1logo y reflexi\u00f3n fue moderado por la Seremi Andrea M\u00e9ndez.<\/p>\n<p class=\"v1MsoNormal\" style=\"text-align: justify;\"><b>Reacciones<\/b><\/p>\n<p class=\"v1MsoNormal\" style=\"text-align: justify;\">Andrea M\u00e9ndez, Seremi de la Mujer y Equidad de G\u00e9nero. \u00abPara nosotras como seremi de la mujer es fundamental promover esta tem\u00e1tica, pues entendemos que a trav\u00e9s de la educaci\u00f3n no sexista se contribuye significativamente a la prevenci\u00f3n de las violencias contra las mujeres y las diversidades desde los espacios educativos. Nos damos cuenta de que cuando existe la voluntad, el compromiso, la convicci\u00f3n y la creatividad de los docentes es posible generar instancias innovadoras y motivadoras para nuestras y nuestros estudiantes. Estamos muy contentas y orgullosas por la calidad de experiencias pedag\u00f3gicas que pudimos conocer hoy y tambi\u00e9n de la participaci\u00f3n de estudiantes de pedagog\u00eda. En educaci\u00f3n b\u00e1sica de la Universidad Austral de Chile quienes pudieron identificar lo posible y lo necesario de este tipo de iniciativas\u00bb.<\/p>\n<p class=\"v1MsoNormal\" style=\"text-align: justify;\">Isabel Garrido, Seremi de Educaci\u00f3n. \u00abEl Presidente Gabriel Boric ha sido muy enf\u00e1tico en el compromiso que tenemos como gobierno con la equidad de g\u00e9nero y en eso las escuelas cumplen un rol absolutamente esencial en construir cultura con equidad.\u00a0 Estanos contentos con los resultados de este concurso y nos permiten proyectar una educaci\u00f3n con pr\u00e1cticas docentes no sexistas\u00bb<\/p>\n<p class=\"v1MsoNormal\" style=\"text-align: justify;\">Ver\u00f3nica Vallejos Seremi de Ciencia, Tecnolog\u00eda, Conocimiento e Innovaci\u00f3n. \u00abParticipar en este concurso es muy importante para nuestro ministerio porque es la forma en la que estamos sembrando la posibilidad de tener m\u00e1s ni\u00f1as y j\u00f3venes en el desarrollo de\u00a0 la actividad cient\u00edfica cuando sean adultas. Considerar pr\u00e1cticas docentes que estimulen los talentos de las ni\u00f1as principalmente es siempre muy importante. Tenemos que avanzar en tener m\u00e1s mujeres haciendo ciencia y en el \u00e1rea de la tecnolog\u00eda, de la ingenier\u00eda y la innovaci\u00f3n\u00bb.<\/p>\n<p class=\"v1MsoNormal\" style=\"text-align: justify;\">Katherine Subiabre, docente que obtuvo el primer lugar en el concurso. \u00abLa experiencia de haber participado fue muy gratificante, Creo que debieran abrirse m\u00e1s espacios como este. En general en mi pr\u00e1ctica pedag\u00f3gica trato de poner el enfoque de g\u00e9nero, llevarlo al aula y como profesora de Historia estoy en la lucha permanente por visibilizar a las mujeres que han hecho la historia. Y que han sido relegadas a un segundo plano. Ha sido valiosa la experiencia para mi ejercicio docente y el trabajo con mis estudiantes\u00bb.<\/p>\n<\/div><\/section><\/div><div  style='height:50px' class='hr hr-invisible   avia-builder-el-6  el_after_av_one_full  el_before_av_social_share '><span class='hr-inner ' ><span class='hr-inner-style'><\/span><\/span><\/div><\/p>\n<div  class='av-social-sharing-box  avia-builder-el-7  el_after_av_hr  el_before_av_hr  '><div class='av-share-box'><h5 class='av-share-link-description av-no-toc '>Compartir esta noticia<\/h5><ul class='av-share-box-list noLightbox'><li class='av-share-link av-social-link-facebook' ><a target=\"_blank\" aria-label=\"Compartir en Facebook\" href='https:\/\/www.facebook.com\/sharer.php?u=https:\/\/radiorevelacionfm.cl\/?p=34162&#038;t=Premian%20iniciativas%20en%20primer%20concurso%20%C2%ABFormando%20Equidad%3A%20Pr%C3%A1cticas%20Pedag%C3%B3gicas%20para%20una%20Educaci%C3%B3n%20no%20Sexista%C2%BB' aria-hidden='false' data-av_icon='\ue8f3' data-av_iconfont='entypo-fontello' title='' data-avia-related-tooltip='Compartir en Facebook' rel=\"noopener\"><span class='avia_hidden_link_text'>Compartir en Facebook<\/span><\/a><\/li><li class='av-share-link av-social-link-twitter' ><a target=\"_blank\" aria-label=\"Compartir en Twitter\" href='https:\/\/twitter.com\/share?text=Premian%20iniciativas%20en%20primer%20concurso%20%C2%ABFormando%20Equidad%3A%20Pr%C3%A1cticas%20Pedag%C3%B3gicas%20para%20una%20Educaci%C3%B3n%20no%20Sexista%C2%BB&#038;url=https:\/\/radiorevelacionfm.cl\/?p=34162' aria-hidden='false' data-av_icon='\ue8f1' data-av_iconfont='entypo-fontello' title='' data-avia-related-tooltip='Compartir en Twitter' rel=\"noopener\"><span class='avia_hidden_link_text'>Compartir en Twitter<\/span><\/a><\/li><li class='av-share-link av-social-link-whatsapp' ><a target=\"_blank\" aria-label=\"Compartir en Whatsapp\" href='https:\/\/api.whatsapp.com\/send?text=https:\/\/radiorevelacionfm.cl\/?p=34162' aria-hidden='false' data-av_icon='\uf232' data-av_iconfont='entypo-fontello' title='' data-avia-related-tooltip='Compartir en Whatsapp' rel=\"noopener\"><span class='avia_hidden_link_text'>Compartir en Whatsapp<\/span><\/a><\/li><li class='av-share-link av-social-link-linkedin' ><a target=\"_blank\" aria-label=\"Compartir en LinkedIn\" href='https:\/\/linkedin.com\/shareArticle?mini=true&#038;title=Premian%20iniciativas%20en%20primer%20concurso%20%C2%ABFormando%20Equidad%3A%20Pr%C3%A1cticas%20Pedag%C3%B3gicas%20para%20una%20Educaci%C3%B3n%20no%20Sexista%C2%BB&#038;url=https:\/\/radiorevelacionfm.cl\/?p=34162' aria-hidden='false' data-av_icon='\ue8fc' data-av_iconfont='entypo-fontello' title='' data-avia-related-tooltip='Compartir en LinkedIn' rel=\"noopener\"><span class='avia_hidden_link_text'>Compartir en LinkedIn<\/span><\/a><\/li><li class='av-share-link av-social-link-mail' ><a  aria-label=\"Compartir por correo\" href='mailto:?subject=Premian%20iniciativas%20en%20primer%20concurso%20%C2%ABFormando%20Equidad%3A%20Pr%C3%A1cticas%20Pedag%C3%B3gicas%20para%20una%20Educaci%C3%B3n%20no%20Sexista%C2%BB&#038;body=https:\/\/radiorevelacionfm.cl\/?p=34162' aria-hidden='false' data-av_icon='\ue805' data-av_iconfont='entypo-fontello' title='' data-avia-related-tooltip='Compartir por correo'><span class='avia_hidden_link_text'>Compartir por correo<\/span><\/a><\/li><\/ul><\/div><\/div>\n<div  style='height:50px' class='hr hr-invisible   avia-builder-el-8  el_after_av_social_share  el_before_av_comments_list '><span class='hr-inner ' ><span class='hr-inner-style'><\/span><\/span><\/div>\n<div  class='av-buildercomment  av-blog-meta-html-info-disabled av-blog-meta-tag-disabled  '><\/div>\n","protected":false},"excerpt":{"rendered":"","protected":false},"author":1,"featured_media":34163,"comment_status":"open","ping_status":"open","sticky":false,"template":"","format":"standard","meta":{"footnotes":""},"categories":[49],"tags":[],"class_list":["post-34162","post","type-post","status-publish","format-standard","has-post-thumbnail","hentry","category-educacion"],"jetpack_featured_media_url":"https:\/\/radiorevelacionfm.cl\/wp-content\/uploads\/2023\/08\/equidad-genero-10-1_optimized.jpg","_links":{"self":[{"href":"https:\/\/radiorevelacionfm.cl\/index.php?rest_route=\/wp\/v2\/posts\/34162","targetHints":{"allow":["GET"]}}],"collection":[{"href":"https:\/\/radiorevelacionfm.cl\/index.php?rest_route=\/wp\/v2\/posts"}],"about":[{"href":"https:\/\/radiorevelacionfm.cl\/index.php?rest_route=\/wp\/v2\/types\/post"}],"author":[{"embeddable":true,"href":"https:\/\/radiorevelacionfm.cl\/index.php?rest_route=\/wp\/v2\/users\/1"}],"replies":[{"embeddable":true,"href":"https:\/\/radiorevelacionfm.cl\/index.php?rest_route=%2Fwp%2Fv2%2Fcomments&post=34162"}],"version-history":[{"count":1,"href":"https:\/\/radiorevelacionfm.cl\/index.php?rest_route=\/wp\/v2\/posts\/34162\/revisions"}],"predecessor-version":[{"id":34164,"href":"https:\/\/radiorevelacionfm.cl\/index.php?rest_route=\/wp\/v2\/posts\/34162\/revisions\/34164"}],"wp:featuredmedia":[{"embeddable":true,"href":"https:\/\/radiorevelacionfm.cl\/index.php?rest_route=\/wp\/v2\/media\/34163"}],"wp:attachment":[{"href":"https:\/\/radiorevelacionfm.cl\/index.php?rest_route=%2Fwp%2Fv2%2Fmedia&parent=34162"}],"wp:term":[{"taxonomy":"category","embeddable":true,"href":"https:\/\/radiorevelacionfm.cl\/index.php?rest_route=%2Fwp%2Fv2%2Fcategories&post=34162"},{"taxonomy":"post_tag","embeddable":true,"href":"https:\/\/radiorevelacionfm.cl\/index.php?rest_route=%2Fwp%2Fv2%2Ftags&post=34162"}],"curies":[{"name":"wp","href":"https:\/\/api.w.org\/{rel}","templated":true}]}}