{"id":3416,"date":"2021-04-22T22:32:33","date_gmt":"2021-04-23T01:32:33","guid":{"rendered":"https:\/\/radiorevelacionfm.cl\/?p=3416"},"modified":"2021-04-22T22:32:33","modified_gmt":"2021-04-23T01:32:33","slug":"sandoval-tras-votar-a-favor-del-tercer-retiro-de-fondos-entiendo-el-drama-que-estan-viviendo-muchas-familias","status":"publish","type":"post","link":"https:\/\/radiorevelacionfm.cl\/?p=3416","title":{"rendered":"Sandoval tras votar a favor del tercer retiro de fondos \u201cEntiendo el drama que est\u00e1n viviendo muchas familias\u201d"},"content":{"rendered":"<div class=\"flex_column av_one_full  flex_column_div av-zero-column-padding first  avia-builder-el-0  el_before_av_one_full  avia-builder-el-first  \" style='border-radius:0px; '><div  class='avia-image-container  av-styling-    avia-builder-el-1  avia-builder-el-no-sibling  avia-align-center '  itemprop=\"image\" itemscope=\"itemscope\" itemtype=\"https:\/\/schema.org\/ImageObject\"  ><div class='avia-image-container-inner'><div class='avia-image-overlay-wrap'><img decoding=\"async\" class='wp-image-3417 avia-img-lazy-loading-not-3417 avia_image' src=\"https:\/\/radiorevelacionfm.cl\/wp-content\/uploads\/2021\/04\/Senador-David-Sandoval.jpg\" alt='' title='Senador David Sandoval' height=\"800\" width=\"1200\"  itemprop=\"thumbnailUrl\" srcset=\"https:\/\/radiorevelacionfm.cl\/wp-content\/uploads\/2021\/04\/Senador-David-Sandoval.jpg 1200w, https:\/\/radiorevelacionfm.cl\/wp-content\/uploads\/2021\/04\/Senador-David-Sandoval-300x200.jpg 300w, https:\/\/radiorevelacionfm.cl\/wp-content\/uploads\/2021\/04\/Senador-David-Sandoval-1030x687.jpg 1030w, https:\/\/radiorevelacionfm.cl\/wp-content\/uploads\/2021\/04\/Senador-David-Sandoval-768x512.jpg 768w, https:\/\/radiorevelacionfm.cl\/wp-content\/uploads\/2021\/04\/Senador-David-Sandoval-705x470.jpg 705w, https:\/\/radiorevelacionfm.cl\/wp-content\/uploads\/2021\/04\/Senador-David-Sandoval-600x400.jpg 600w\" sizes=\"(max-width: 1200px) 100vw, 1200px\" \/><\/div><\/div><\/div><\/div><div class=\"flex_column av_one_full  flex_column_div av-zero-column-padding first  avia-builder-el-2  el_after_av_one_full  el_before_av_one_full  column-top-margin\" style='border-radius:0px; '><section class=\"av_textblock_section \"  itemscope=\"itemscope\" itemtype=\"https:\/\/schema.org\/BlogPosting\" itemprop=\"blogPost\" ><div class='avia_textblock  '   itemprop=\"text\" ><p style=\"text-align: center;\"><strong><span style=\"font-size: 18pt;\">Sandoval tras votar a favor del tercer retiro de fondos \u201cEntiendo el drama que est\u00e1n viviendo muchas familias\u201d<\/span><\/strong><\/p>\n<div id=\"gtx-trans\" style=\"position: absolute; left: -50px; top: 4.31534px;\">\n<div class=\"gtx-trans-icon\"><\/div>\n<\/div>\n<\/div><\/section><\/div><div class=\"flex_column av_one_full  flex_column_div av-zero-column-padding first  avia-builder-el-4  el_after_av_one_full  el_before_av_hr  column-top-margin\" style='border-radius:0px; '><section class=\"av_textblock_section \"  itemscope=\"itemscope\" itemtype=\"https:\/\/schema.org\/BlogPosting\" itemprop=\"blogPost\" ><div class='avia_textblock  '   itemprop=\"text\" ><p style=\"text-align: justify;\">Iniciativa fue aprobada en general por 31 votos a favor y durante esta tarde se sigue el debate en particular.<\/p>\n<p style=\"text-align: justify;\">\u201cTal cual como lo hice en el primero y segundo, votar\u00e9 a favor de este tercer retiro, porque entiendo el drama que est\u00e1n viviendo muchas familias, muchos emprendedores, que a pesar de todas las ayudas del Estado, (\u00e9stas) no llegan como quisi\u00e9ramos que llegasen\u201d. As\u00ed lo se\u00f1al\u00f3 el senador David Sandoval, durante el debate este jueves del proyecto que plantea un tercer retiro del 10% de fondos previsionales.<\/p>\n<p style=\"text-align: justify;\">Durante su intervenci\u00f3n, el parlamentario dijo que \u201cestamos viviendo un momento relevante en nuestra sociedad\u201d, por lo cual hizo hincapi\u00e9 en la necesidad de buscar puntos de encuentro en distintos temas. \u201cHay aqu\u00ed parlamentarios que llevan treinta a\u00f1os, y son testigos de esta incapacidad pol\u00edtica de enfrentar los problemas sociales, que nuestro pa\u00eds nos dej\u00f3 en la cara el 18 de octubre. \u00bfPor qu\u00e9 no hemos cambiado el sistema previsional?, \u00bfel sistema de salud?; \u00bfCu\u00e1l es la raz\u00f3n por la que no hemos sido capaces de construir acuerdos? Porque hemos puesta sobre la mesa nuestras diferencias pol\u00edticas, m\u00e1s que nuestra voluntad de atender las verdaderas demandas de nuestra sociedad. No estamos a la altura de los acontecimientos que nuestro pa\u00eds nos est\u00e1 demandando\u201d, se\u00f1al\u00f3.<\/p>\n<p style=\"text-align: justify;\">\u201cSomos c\u00f3mplices, somos parte de la crisis, porque no hemos sido capaces de enfrentar y de interpretar la opini\u00f3n de las comunidades que representamos\u201d, agreg\u00f3.<\/p>\n<p style=\"text-align: justify;\">En esa l\u00ednea, Sandoval record\u00f3 que el sistema previsional \u201ctiene 40 a\u00f1os\u201d, indicando que solo el 1,3% de los cotizantes activos tiene m\u00e1s de cien millones de pesos, lo que les pudiera asegurar una jubilaci\u00f3n de $500 mil. \u201c\u00bfNos dimos cuenta reci\u00e9n de esta crisis? Esa es una autocr\u00edtica que nosotros tenemos que hacernos\u201d, subray\u00f3.<\/p>\n<p style=\"text-align: justify;\">Por lo mismo, es que recalc\u00f3 la urgente necesidad de buscar y construir \u201clos acuerdos, pensando en el pa\u00eds, no en la pr\u00f3xima elecci\u00f3n\u201d, para enfrentar las demandas de la gente. \u201c(Se trata de) acuerdos para llegar a un buen punto en materia de pensiones, pero acuerdos posibles. La reforma al sistema de salud, la educaci\u00f3n, viviendas dignas\u201d, puntualiz\u00f3.<\/p>\n<p style=\"text-align: justify;\">\u201cNuestro pa\u00eds puede hacerlo, pero se requiere de la voluntad y disposici\u00f3n de todos. Lo que hay que hacer hoy d\u00eda es acci\u00f3n\u201d, concluy\u00f3.<\/p>\n<\/div><\/section><\/div><div  style='height:50px' class='hr hr-invisible   avia-builder-el-6  el_after_av_one_full  el_before_av_social_share '><span class='hr-inner ' ><span class='hr-inner-style'><\/span><\/span><\/div><\/p>\n<div  class='av-social-sharing-box  avia-builder-el-7  el_after_av_hr  el_before_av_hr  '><div class='av-share-box'><h5 class='av-share-link-description av-no-toc '>Compartir esta noticia<\/h5><ul class='av-share-box-list noLightbox'><li class='av-share-link av-social-link-facebook' ><a target=\"_blank\" aria-label=\"Compartir en Facebook\" href='https:\/\/www.facebook.com\/sharer.php?u=https:\/\/radiorevelacionfm.cl\/?p=3416&#038;t=Sandoval%20tras%20votar%20a%20favor%20del%20tercer%20retiro%20de%20fondos%20%E2%80%9CEntiendo%20el%20drama%20que%20est%C3%A1n%20viviendo%20muchas%20familias%E2%80%9D' aria-hidden='false' data-av_icon='\ue8f3' data-av_iconfont='entypo-fontello' title='' data-avia-related-tooltip='Compartir en Facebook' rel=\"noopener\"><span class='avia_hidden_link_text'>Compartir en Facebook<\/span><\/a><\/li><li class='av-share-link av-social-link-twitter' ><a target=\"_blank\" aria-label=\"Compartir en Twitter\" href='https:\/\/twitter.com\/share?text=Sandoval%20tras%20votar%20a%20favor%20del%20tercer%20retiro%20de%20fondos%20%E2%80%9CEntiendo%20el%20drama%20que%20est%C3%A1n%20viviendo%20muchas%20familias%E2%80%9D&#038;url=https:\/\/radiorevelacionfm.cl\/?p=3416' aria-hidden='false' data-av_icon='\ue8f1' data-av_iconfont='entypo-fontello' title='' data-avia-related-tooltip='Compartir en Twitter' rel=\"noopener\"><span class='avia_hidden_link_text'>Compartir en Twitter<\/span><\/a><\/li><li class='av-share-link av-social-link-whatsapp' ><a target=\"_blank\" aria-label=\"Compartir en Whatsapp\" href='https:\/\/api.whatsapp.com\/send?text=https:\/\/radiorevelacionfm.cl\/?p=3416' aria-hidden='false' data-av_icon='\uf232' data-av_iconfont='entypo-fontello' title='' data-avia-related-tooltip='Compartir en Whatsapp' rel=\"noopener\"><span class='avia_hidden_link_text'>Compartir en Whatsapp<\/span><\/a><\/li><li class='av-share-link av-social-link-linkedin' ><a target=\"_blank\" aria-label=\"Compartir en LinkedIn\" href='https:\/\/linkedin.com\/shareArticle?mini=true&#038;title=Sandoval%20tras%20votar%20a%20favor%20del%20tercer%20retiro%20de%20fondos%20%E2%80%9CEntiendo%20el%20drama%20que%20est%C3%A1n%20viviendo%20muchas%20familias%E2%80%9D&#038;url=https:\/\/radiorevelacionfm.cl\/?p=3416' aria-hidden='false' data-av_icon='\ue8fc' data-av_iconfont='entypo-fontello' title='' data-avia-related-tooltip='Compartir en LinkedIn' rel=\"noopener\"><span class='avia_hidden_link_text'>Compartir en LinkedIn<\/span><\/a><\/li><li class='av-share-link av-social-link-mail' ><a  aria-label=\"Compartir por correo\" href='mailto:?subject=Sandoval%20tras%20votar%20a%20favor%20del%20tercer%20retiro%20de%20fondos%20%E2%80%9CEntiendo%20el%20drama%20que%20est%C3%A1n%20viviendo%20muchas%20familias%E2%80%9D&#038;body=https:\/\/radiorevelacionfm.cl\/?p=3416' aria-hidden='false' data-av_icon='\ue805' data-av_iconfont='entypo-fontello' title='' data-avia-related-tooltip='Compartir por correo'><span class='avia_hidden_link_text'>Compartir por correo<\/span><\/a><\/li><\/ul><\/div><\/div>\n<div  style='height:50px' class='hr hr-invisible   avia-builder-el-8  el_after_av_social_share  el_before_av_comments_list '><span class='hr-inner ' ><span class='hr-inner-style'><\/span><\/span><\/div>\n<div  class='av-buildercomment  av-blog-meta-html-info-disabled av-blog-meta-tag-disabled  '><\/div>\n","protected":false},"excerpt":{"rendered":"","protected":false},"author":1,"featured_media":3417,"comment_status":"open","ping_status":"open","sticky":false,"template":"","format":"standard","meta":{"footnotes":""},"categories":[35],"tags":[],"class_list":["post-3416","post","type-post","status-publish","format-standard","has-post-thumbnail","hentry","category-politica"],"jetpack_featured_media_url":"https:\/\/radiorevelacionfm.cl\/wp-content\/uploads\/2021\/04\/Senador-David-Sandoval.jpg","_links":{"self":[{"href":"https:\/\/radiorevelacionfm.cl\/index.php?rest_route=\/wp\/v2\/posts\/3416","targetHints":{"allow":["GET"]}}],"collection":[{"href":"https:\/\/radiorevelacionfm.cl\/index.php?rest_route=\/wp\/v2\/posts"}],"about":[{"href":"https:\/\/radiorevelacionfm.cl\/index.php?rest_route=\/wp\/v2\/types\/post"}],"author":[{"embeddable":true,"href":"https:\/\/radiorevelacionfm.cl\/index.php?rest_route=\/wp\/v2\/users\/1"}],"replies":[{"embeddable":true,"href":"https:\/\/radiorevelacionfm.cl\/index.php?rest_route=%2Fwp%2Fv2%2Fcomments&post=3416"}],"version-history":[{"count":1,"href":"https:\/\/radiorevelacionfm.cl\/index.php?rest_route=\/wp\/v2\/posts\/3416\/revisions"}],"predecessor-version":[{"id":3418,"href":"https:\/\/radiorevelacionfm.cl\/index.php?rest_route=\/wp\/v2\/posts\/3416\/revisions\/3418"}],"wp:featuredmedia":[{"embeddable":true,"href":"https:\/\/radiorevelacionfm.cl\/index.php?rest_route=\/wp\/v2\/media\/3417"}],"wp:attachment":[{"href":"https:\/\/radiorevelacionfm.cl\/index.php?rest_route=%2Fwp%2Fv2%2Fmedia&parent=3416"}],"wp:term":[{"taxonomy":"category","embeddable":true,"href":"https:\/\/radiorevelacionfm.cl\/index.php?rest_route=%2Fwp%2Fv2%2Fcategories&post=3416"},{"taxonomy":"post_tag","embeddable":true,"href":"https:\/\/radiorevelacionfm.cl\/index.php?rest_route=%2Fwp%2Fv2%2Ftags&post=3416"}],"curies":[{"name":"wp","href":"https:\/\/api.w.org\/{rel}","templated":true}]}}