{"id":34159,"date":"2023-08-23T17:24:18","date_gmt":"2023-08-23T20:24:18","guid":{"rendered":"https:\/\/radiorevelacionfm.cl\/?p=34159"},"modified":"2023-08-23T17:24:18","modified_gmt":"2023-08-23T20:24:18","slug":"mujeres-de-la-cuenca-del-lago-general-carrera-se-reunen-para-relevar-el-aporte-a-sus-comunidades-en-actividades-de-sensibilizacion-de-sernameg","status":"publish","type":"post","link":"https:\/\/radiorevelacionfm.cl\/?p=34159","title":{"rendered":"Mujeres de la cuenca del lago General Carrera se re\u00fanen para relevar el aporte a sus comunidades en actividades de sensibilizaci\u00f3n de SernamEG"},"content":{"rendered":"<div class=\"flex_column av_one_full  flex_column_div av-zero-column-padding first  avia-builder-el-0  el_before_av_one_full  avia-builder-el-first  \" style='border-radius:0px; '><div  class='avia-image-container  av-styling-    avia-builder-el-1  avia-builder-el-no-sibling  avia-align-center '  itemprop=\"image\" itemscope=\"itemscope\" itemtype=\"https:\/\/schema.org\/ImageObject\"  ><div class='avia-image-container-inner'><div class='avia-image-overlay-wrap'><img decoding=\"async\" class='wp-image-34160 avia-img-lazy-loading-not-34160 avia_image' src=\"https:\/\/radiorevelacionfm.cl\/wp-content\/uploads\/2023\/08\/Talleres-SernamEG-18-1-1.jpg\" alt='' title='Talleres SernamEG (18) (1) (1)' height=\"600\" width=\"901\"  itemprop=\"thumbnailUrl\" srcset=\"https:\/\/radiorevelacionfm.cl\/wp-content\/uploads\/2023\/08\/Talleres-SernamEG-18-1-1.jpg 901w, https:\/\/radiorevelacionfm.cl\/wp-content\/uploads\/2023\/08\/Talleres-SernamEG-18-1-1-300x200.jpg 300w, https:\/\/radiorevelacionfm.cl\/wp-content\/uploads\/2023\/08\/Talleres-SernamEG-18-1-1-768x511.jpg 768w, https:\/\/radiorevelacionfm.cl\/wp-content\/uploads\/2023\/08\/Talleres-SernamEG-18-1-1-705x469.jpg 705w, https:\/\/radiorevelacionfm.cl\/wp-content\/uploads\/2023\/08\/Talleres-SernamEG-18-1-1-450x300.jpg 450w, https:\/\/radiorevelacionfm.cl\/wp-content\/uploads\/2023\/08\/Talleres-SernamEG-18-1-1-600x400.jpg 600w\" sizes=\"(max-width: 901px) 100vw, 901px\" \/><\/div><\/div><\/div><\/div><div class=\"flex_column av_one_full  flex_column_div av-zero-column-padding first  avia-builder-el-2  el_after_av_one_full  el_before_av_one_full  column-top-margin\" style='border-radius:0px; '><section class=\"av_textblock_section \"  itemscope=\"itemscope\" itemtype=\"https:\/\/schema.org\/BlogPosting\" itemprop=\"blogPost\" ><div class='avia_textblock  '   itemprop=\"text\" ><p style=\"font-weight: 400; text-align: center;\"><strong><span style=\"font-size: 18pt;\">Mujeres de la cuenca del lago General Carrera se re\u00fanen para relevar el aporte a sus comunidades en actividades de sensibilizaci\u00f3n de SernamEG<\/span><\/strong><\/p>\n<div id=\"gtx-trans\" style=\"position: absolute; left: -50px; top: 4.31534px;\">\n<div class=\"gtx-trans-icon\"><\/div>\n<\/div>\n<\/div><\/section><\/div><div class=\"flex_column av_one_full  flex_column_div av-zero-column-padding first  avia-builder-el-4  el_after_av_one_full  el_before_av_hr  column-top-margin\" style='border-radius:0px; '><section class=\"av_textblock_section \"  itemscope=\"itemscope\" itemtype=\"https:\/\/schema.org\/BlogPosting\" itemprop=\"blogPost\" ><div class='avia_textblock  '   itemprop=\"text\" ><p style=\"text-align: justify;\">En Puerto Guadal y Puerto R\u00edo Tranquilo, el Servicio Nacional de la Mujer y la Equidad de G\u00e9nero, SernamEG, organiz\u00f3 actividades de sensibilizaci\u00f3n que tienen como finalidad promover el liderazgo de las mujeres, fortaleciendo su nivel de empoderamiento, individual y colectivo; as\u00ed mismo, su participaci\u00f3n en la toma de decisiones de la sociedad en todos los \u00e1mbitos del desarrollo.<\/p>\n<p style=\"text-align: justify;\">A fines de junio comenz\u00f3 en Chile Chico el ciclo de talleres, as\u00ed lo destac\u00f3 la Directora Regional (S) de SernamEG, Marta Godoy Carvajal. \u201cComo Servicio queremos fortalecer nuestra relaci\u00f3n con las mujeres, tanto individual como colectivamente, para ello estamos trabajando desde el programa Mujer y Participaci\u00f3n Pol\u00edtica y Social, a trav\u00e9s de su componente de sensibilizaci\u00f3n donde relevamos y potenciamos el liderazgo de la diversidad de mujeres presentes en el territorio. Generar las condiciones para un trabajo asociativo, es otro de los objetivos que como Servicio nos proponemos. En el caso de las dos \u00faltimas localidades, pudimos percibir que existe la voluntad y determinaci\u00f3n para que haya un mayor protagonismo, lo cual es positivo. La transformaci\u00f3n cultural no s\u00f3lo pasa a trav\u00e9s de las leyes y el Estado, tambi\u00e9n desde las organizaciones de la sociedad civil; y su incidencia en los temas que las movilizan\u201d, precis\u00f3.<\/p>\n<p style=\"text-align: justify;\">\u00abENCUENTRO DE MUJERES Y SU INCIDENCIA EN LA CUENCA DEL LAGO \u00ab<\/p>\n<p style=\"text-align: justify;\">El programa Mujer y Participaci\u00f3n Pol\u00edtica y Social elabor\u00f3 un material, el que consiste en un juego de cartas, que invita a las participantes de las actividades de sensibilizaci\u00f3n; a recordar fechas relevantes sobre los movimientos de mujeres y del feminismo nacional e internacional.\u00a0 Una de las personas que asisti\u00f3 en Puerto Guadal fue Yanara Far\u00edas Allende, quien explic\u00f3 que \u201cdespu\u00e9s de este encuentro me voy motivada y esperanzada. Creo que se dio un espacio rico en historias, edades y ocupaciones que en mi caso me gust\u00f3 el poder encontrarlo, porque era algo que estaba buscando\u201d.<\/p>\n<p style=\"text-align: justify;\">Otro momento relevante en la din\u00e1mica participativa es la revisi\u00f3n de la participaci\u00f3n de las mujeres en la localidad. En el caso de Puerto R\u00edo Tranquilo, Antonia Cuyul B\u00f3rquez, manifest\u00f3: \u201cme parece destacable que se valore a las mujeres que sacaron la cara por nosotras, as\u00ed que es muy bueno el recordarlas y que siempre est\u00e9n en nuestras memorias, para que despu\u00e9s les podamos contar a nuestras nietas y nietos\u201d.<\/p>\n<p style=\"text-align: justify;\">En tanto, Karin Schulz Fern\u00e1ndez, de Puerto Guadal, expres\u00f3: \u201cla creaci\u00f3n de la junta vecinal compuesta s\u00f3lo por mujeres fue en el a\u00f1o 1980. Me pareci\u00f3 interesante que hablemos de este rol en la comunidad y darle cierta connotaci\u00f3n, porque a veces como mujeres nos sentimos un poquito apagadas o no reconocidas y creo que siempre hemos sido protagonistas de la historia\u201d.<\/p>\n<p style=\"text-align: justify;\">Finalmente, en Puerto R\u00edo Tranquilo las profesionales de la direcci\u00f3n regional de SernamEG realizaron varias acciones; entre ellas, se encuentran reuniones de la OIRS con instituciones locales, una entrevista en Radio Cordillera 94.9 FM para la difusi\u00f3n del programa Mujer y Participaci\u00f3n Pol\u00edtica y Social, as\u00ed como la entrega de folleter\u00eda de la oferta program\u00e1tica.<\/p>\n<\/div><\/section><\/div><div  style='height:50px' class='hr hr-invisible   avia-builder-el-6  el_after_av_one_full  el_before_av_social_share '><span class='hr-inner ' ><span class='hr-inner-style'><\/span><\/span><\/div><\/p>\n<div  class='av-social-sharing-box  avia-builder-el-7  el_after_av_hr  el_before_av_hr  '><div class='av-share-box'><h5 class='av-share-link-description av-no-toc '>Compartir esta noticia<\/h5><ul class='av-share-box-list noLightbox'><li class='av-share-link av-social-link-facebook' ><a target=\"_blank\" aria-label=\"Compartir en Facebook\" href='https:\/\/www.facebook.com\/sharer.php?u=https:\/\/radiorevelacionfm.cl\/?p=34159&#038;t=Mujeres%20de%20la%20cuenca%20del%20lago%20General%20Carrera%20se%20re%C3%BAnen%20para%20relevar%20el%20aporte%20a%20sus%20comunidades%20en%20actividades%20de%20sensibilizaci%C3%B3n%20de%20SernamEG' aria-hidden='false' data-av_icon='\ue8f3' data-av_iconfont='entypo-fontello' title='' data-avia-related-tooltip='Compartir en Facebook' rel=\"noopener\"><span class='avia_hidden_link_text'>Compartir en Facebook<\/span><\/a><\/li><li class='av-share-link av-social-link-twitter' ><a target=\"_blank\" aria-label=\"Compartir en Twitter\" href='https:\/\/twitter.com\/share?text=Mujeres%20de%20la%20cuenca%20del%20lago%20General%20Carrera%20se%20re%C3%BAnen%20para%20relevar%20el%20aporte%20a%20sus%20comunidades%20en%20actividades%20de%20sensibilizaci%C3%B3n%20de%20SernamEG&#038;url=https:\/\/radiorevelacionfm.cl\/?p=34159' aria-hidden='false' data-av_icon='\ue8f1' data-av_iconfont='entypo-fontello' title='' data-avia-related-tooltip='Compartir en Twitter' rel=\"noopener\"><span class='avia_hidden_link_text'>Compartir en Twitter<\/span><\/a><\/li><li class='av-share-link av-social-link-whatsapp' ><a target=\"_blank\" aria-label=\"Compartir en Whatsapp\" href='https:\/\/api.whatsapp.com\/send?text=https:\/\/radiorevelacionfm.cl\/?p=34159' aria-hidden='false' data-av_icon='\uf232' data-av_iconfont='entypo-fontello' title='' data-avia-related-tooltip='Compartir en Whatsapp' rel=\"noopener\"><span class='avia_hidden_link_text'>Compartir en Whatsapp<\/span><\/a><\/li><li class='av-share-link av-social-link-linkedin' ><a target=\"_blank\" aria-label=\"Compartir en LinkedIn\" href='https:\/\/linkedin.com\/shareArticle?mini=true&#038;title=Mujeres%20de%20la%20cuenca%20del%20lago%20General%20Carrera%20se%20re%C3%BAnen%20para%20relevar%20el%20aporte%20a%20sus%20comunidades%20en%20actividades%20de%20sensibilizaci%C3%B3n%20de%20SernamEG&#038;url=https:\/\/radiorevelacionfm.cl\/?p=34159' aria-hidden='false' data-av_icon='\ue8fc' data-av_iconfont='entypo-fontello' title='' data-avia-related-tooltip='Compartir en LinkedIn' rel=\"noopener\"><span class='avia_hidden_link_text'>Compartir en LinkedIn<\/span><\/a><\/li><li class='av-share-link av-social-link-mail' ><a  aria-label=\"Compartir por correo\" href='mailto:?subject=Mujeres%20de%20la%20cuenca%20del%20lago%20General%20Carrera%20se%20re%C3%BAnen%20para%20relevar%20el%20aporte%20a%20sus%20comunidades%20en%20actividades%20de%20sensibilizaci%C3%B3n%20de%20SernamEG&#038;body=https:\/\/radiorevelacionfm.cl\/?p=34159' aria-hidden='false' data-av_icon='\ue805' data-av_iconfont='entypo-fontello' title='' data-avia-related-tooltip='Compartir por correo'><span class='avia_hidden_link_text'>Compartir por correo<\/span><\/a><\/li><\/ul><\/div><\/div>\n<div  style='height:50px' class='hr hr-invisible   avia-builder-el-8  el_after_av_social_share  el_before_av_comments_list '><span class='hr-inner ' ><span class='hr-inner-style'><\/span><\/span><\/div>\n<div  class='av-buildercomment  av-blog-meta-html-info-disabled av-blog-meta-tag-disabled  '><\/div>\n","protected":false},"excerpt":{"rendered":"","protected":false},"author":1,"featured_media":34160,"comment_status":"open","ping_status":"open","sticky":false,"template":"","format":"standard","meta":{"footnotes":""},"categories":[38],"tags":[],"class_list":["post-34159","post","type-post","status-publish","format-standard","has-post-thumbnail","hentry","category-regional"],"jetpack_featured_media_url":"https:\/\/radiorevelacionfm.cl\/wp-content\/uploads\/2023\/08\/Talleres-SernamEG-18-1-1.jpg","_links":{"self":[{"href":"https:\/\/radiorevelacionfm.cl\/index.php?rest_route=\/wp\/v2\/posts\/34159","targetHints":{"allow":["GET"]}}],"collection":[{"href":"https:\/\/radiorevelacionfm.cl\/index.php?rest_route=\/wp\/v2\/posts"}],"about":[{"href":"https:\/\/radiorevelacionfm.cl\/index.php?rest_route=\/wp\/v2\/types\/post"}],"author":[{"embeddable":true,"href":"https:\/\/radiorevelacionfm.cl\/index.php?rest_route=\/wp\/v2\/users\/1"}],"replies":[{"embeddable":true,"href":"https:\/\/radiorevelacionfm.cl\/index.php?rest_route=%2Fwp%2Fv2%2Fcomments&post=34159"}],"version-history":[{"count":1,"href":"https:\/\/radiorevelacionfm.cl\/index.php?rest_route=\/wp\/v2\/posts\/34159\/revisions"}],"predecessor-version":[{"id":34161,"href":"https:\/\/radiorevelacionfm.cl\/index.php?rest_route=\/wp\/v2\/posts\/34159\/revisions\/34161"}],"wp:featuredmedia":[{"embeddable":true,"href":"https:\/\/radiorevelacionfm.cl\/index.php?rest_route=\/wp\/v2\/media\/34160"}],"wp:attachment":[{"href":"https:\/\/radiorevelacionfm.cl\/index.php?rest_route=%2Fwp%2Fv2%2Fmedia&parent=34159"}],"wp:term":[{"taxonomy":"category","embeddable":true,"href":"https:\/\/radiorevelacionfm.cl\/index.php?rest_route=%2Fwp%2Fv2%2Fcategories&post=34159"},{"taxonomy":"post_tag","embeddable":true,"href":"https:\/\/radiorevelacionfm.cl\/index.php?rest_route=%2Fwp%2Fv2%2Ftags&post=34159"}],"curies":[{"name":"wp","href":"https:\/\/api.w.org\/{rel}","templated":true}]}}