{"id":34156,"date":"2023-08-23T16:23:11","date_gmt":"2023-08-23T19:23:11","guid":{"rendered":"https:\/\/radiorevelacionfm.cl\/?p=34156"},"modified":"2023-08-23T16:23:11","modified_gmt":"2023-08-23T19:23:11","slug":"injuv-aysen-realiza-dialogo-conmemorativo-con-organizaciones-juveniles-de-la-region","status":"publish","type":"post","link":"https:\/\/radiorevelacionfm.cl\/?p=34156","title":{"rendered":"INJUV Ays\u00e9n realiza di\u00e1logo conmemorativo con organizaciones juveniles de la regi\u00f3n"},"content":{"rendered":"<div class=\"flex_column av_one_full  flex_column_div av-zero-column-padding first  avia-builder-el-0  el_before_av_one_full  avia-builder-el-first  \" style='border-radius:0px; '><div  class='avia-image-container  av-styling-    avia-builder-el-1  avia-builder-el-no-sibling  avia-align-center '  itemprop=\"image\" itemscope=\"itemscope\" itemtype=\"https:\/\/schema.org\/ImageObject\"  ><div class='avia-image-container-inner'><div class='avia-image-overlay-wrap'><img decoding=\"async\" class='wp-image-34157 avia-img-lazy-loading-not-34157 avia_image' src=\"https:\/\/radiorevelacionfm.cl\/wp-content\/uploads\/2023\/08\/foto-1-18-1-2_optimized.jpg\" alt='' title='foto-1-(18)-(1)-(2)_optimized' height=\"600\" width=\"799\"  itemprop=\"thumbnailUrl\" srcset=\"https:\/\/radiorevelacionfm.cl\/wp-content\/uploads\/2023\/08\/foto-1-18-1-2_optimized.jpg 799w, https:\/\/radiorevelacionfm.cl\/wp-content\/uploads\/2023\/08\/foto-1-18-1-2_optimized-300x225.jpg 300w, https:\/\/radiorevelacionfm.cl\/wp-content\/uploads\/2023\/08\/foto-1-18-1-2_optimized-768x577.jpg 768w, https:\/\/radiorevelacionfm.cl\/wp-content\/uploads\/2023\/08\/foto-1-18-1-2_optimized-705x529.jpg 705w, https:\/\/radiorevelacionfm.cl\/wp-content\/uploads\/2023\/08\/foto-1-18-1-2_optimized-450x338.jpg 450w, https:\/\/radiorevelacionfm.cl\/wp-content\/uploads\/2023\/08\/foto-1-18-1-2_optimized-600x451.jpg 600w\" sizes=\"(max-width: 799px) 100vw, 799px\" \/><\/div><\/div><\/div><\/div><div class=\"flex_column av_one_full  flex_column_div av-zero-column-padding first  avia-builder-el-2  el_after_av_one_full  el_before_av_one_full  column-top-margin\" style='border-radius:0px; '><section class=\"av_textblock_section \"  itemscope=\"itemscope\" itemtype=\"https:\/\/schema.org\/BlogPosting\" itemprop=\"blogPost\" ><div class='avia_textblock  '   itemprop=\"text\" ><p style=\"text-align: center;\"><span style=\"font-size: 18pt;\"><strong>INJUV Ays\u00e9n realiza di\u00e1logo conmemorativo con organizaciones juveniles de la regi\u00f3n<\/strong><\/span><\/p>\n<div id=\"gtx-trans\" style=\"position: absolute; left: -50px; top: 4.31534px;\">\n<div class=\"gtx-trans-icon\"><\/div>\n<\/div>\n<\/div><\/section><\/div><div class=\"flex_column av_one_full  flex_column_div av-zero-column-padding first  avia-builder-el-4  el_after_av_one_full  el_before_av_hr  column-top-margin\" style='border-radius:0px; '><section class=\"av_textblock_section \"  itemscope=\"itemscope\" itemtype=\"https:\/\/schema.org\/BlogPosting\" itemprop=\"blogPost\" ><div class='avia_textblock  '   itemprop=\"text\" ><p style=\"text-align: justify;\">En el marco del Mes de las Juventudes, en dependencias del Instituto Nacional de la Juventud, se dieron cita representantes de distintas agrupaciones juveniles de la sociedad civil, instancia que tuvo por objetivo llevar a cabo un di\u00e1logo conmemorativo. A la actividad asisti\u00f3 la Seremi de Desarrollo Social y Familia, Karina Acevedo Auad y el Director Regional de INJUV Ays\u00e9n, Camilo Trivi\u00f1o Urtubia.<\/p>\n<p style=\"text-align: justify;\">El encuentro tuvo como finalidad compartir distintas experiencias que las y los j\u00f3venes hayan vivenciado participando en iniciativas desarrolladas por INJUV Ays\u00e9n con la comunidad juvenil regional. Tambi\u00e9n aprovecharon la oportunidad para se\u00f1alar y plasmar las diferentes expectativas que tienen como j\u00f3venes, de la instituci\u00f3n, \u00a0en un futuro cercano.<\/p>\n<p style=\"text-align: justify;\">\u201cUna actividad redondita, trabajando con diferentes agrupaciones de j\u00f3venes de todas las edades, que nos invitan como Ministerio y como Instituto Nacional de la Juventud a\u00a0 seguir fortaleciendo estos lazos, a generar m\u00e1s espacios de encuentro y de di\u00e1logo, de trabajar mancomunadamente. Hoy hemos escuchado a los j\u00f3venes y estamos dispuestos en el marco de todo lo que hemos hablado, a generar espacios de conversaci\u00f3n, de di\u00e1logo,\u00a0 para llevar a cabo una pol\u00edtica p\u00fablica adecuada y pertinente al territorio\u201d, sostuvo la Seremi de Desarrollo Social y Familia, Karina Acevedo Auad.<\/p>\n<p style=\"text-align: justify;\">En tanto, el Director Regional de INJUV Ays\u00e9n, Camilo Trivi\u00f1o Urtubia, se\u00f1al\u00f3 que \u201cel di\u00e1logo conmemorativo que se realiz\u00f3 fue bastante significativo, nos permite a nosotros poder generar este tipo de espacios y conversaciones seguras, donde como instituciones el llamado es a poder escuchar m\u00e1s a las juventudes, poder ver en que est\u00e1n, que es lo que piensan, que es lo que sienten,\u00a0 permiti\u00f3 el poder conocerse tambi\u00e9n entre muchas juventudes coincidieron algunas en espacios en los cuales ya se hab\u00edan relacionado y nos permiti\u00f3 a nosotros como INJUV poder ver el antes y el despu\u00e9s, ver cu\u00e1l fue el primer acercamiento que tuvieron con la instituci\u00f3n y tambi\u00e9n cuales son las expectativas que tienen en relaci\u00f3n a los desaf\u00edos de las juventudes. Esto nos permite como Instituto Nacional de la Juventud poder planificar de mejor forma y desde y para las juventudes\u201d.<\/p>\n<p style=\"text-align: justify;\"><strong>J\u00f3venes agradecidos <\/strong><\/p>\n<p style=\"text-align: justify;\">El representante del grupo Scout, Pablo Abanos, indic\u00f3 que \u201cla actividad la encontr\u00e9 bastante motivadora, sinceramente siento que nos escucharon a nosotros como j\u00f3venes, tambi\u00e9n siento que se gener\u00f3 un v\u00ednculo con otras comunidades, por ejemplo conoc\u00ed un chico que hace Hip Hop y tambi\u00e9n a los que est\u00e1n detr\u00e1s de Diversa Patagonia, sinceramente siento que es s\u00faper bueno, sobre todo nosotros como Scout, nos sirve much\u00edsimo para hacer talleres y conexiones\u00a0 para futuro, creo que esto se deber\u00eda repetir varias veces en el a\u00f1o, o aunque sea una vez a los a\u00f1o porque a nosotros como j\u00f3venes siento que es muy \u00a0importante que se nos escuche la opini\u00f3n, no a trav\u00e9s de un gmail o una carta, si no que una instancia donde se una todo\u201d.<\/p>\n<p style=\"text-align: justify;\">Para Scarleth G\u00f3mez, representante del Centro General de Alumnos del Liceo Juan Pablo II la actividad le pareci\u00f3 excelente \u201cyo creo que es uno de estos ambientes que se crea para ver la opini\u00f3n del resto y no solo como j\u00f3venes, fue una excelente actividad, surgen otros temas donde uno como joven \u00a0se siente identificado o quiz\u00e1s son temas que no conoces, entonces yo encuentro que estos espacios son s\u00faper buenos para eso, para la comunicaci\u00f3n, para \u00a0comunicar problemas que podemos presentar y escuchar \u00a0opiniones del resto que nos puede llegar\u201d.<\/p>\n<p style=\"text-align: justify;\">Finalmente, Mile Alegr\u00eda, joven trans no binarie, integrante del Colectivo Cantaries expres\u00f3 que \u201cla actividad me pareci\u00f3 importante, significativa, creo que siempre es una buena instancia conversar,\u00a0 escuchar y sobre todo el di\u00e1logo inter etario, creo que al menos las personas adultas suelen pasar que no escuchamos a las personas m\u00e1s j\u00f3venes, sobre todo a les adolescentes y del otro lado tambi\u00e9n con las personas m\u00e1s j\u00f3venes hay ah\u00ed un resquemor hacia la gente adulta, con esto del adulto centrismo, entonces siempre creo que es bueno el dialogo inter etario, el di\u00e1logo de todas las edades, porque creo que as\u00ed tambi\u00e9n se aprende mucho, eso tambi\u00e9n es diversidad, as\u00ed que lo encuentro importante y bonito, se agradece el espacio.<\/p>\n<\/div><\/section><\/div><div  style='height:50px' class='hr hr-invisible   avia-builder-el-6  el_after_av_one_full  el_before_av_social_share '><span class='hr-inner ' ><span class='hr-inner-style'><\/span><\/span><\/div><\/p>\n<div  class='av-social-sharing-box  avia-builder-el-7  el_after_av_hr  el_before_av_hr  '><div class='av-share-box'><h5 class='av-share-link-description av-no-toc '>Compartir esta noticia<\/h5><ul class='av-share-box-list noLightbox'><li class='av-share-link av-social-link-facebook' ><a target=\"_blank\" aria-label=\"Compartir en Facebook\" href='https:\/\/www.facebook.com\/sharer.php?u=https:\/\/radiorevelacionfm.cl\/?p=34156&#038;t=INJUV%20Ays%C3%A9n%20realiza%20di%C3%A1logo%20conmemorativo%20con%20organizaciones%20juveniles%20de%20la%20regi%C3%B3n' aria-hidden='false' data-av_icon='\ue8f3' data-av_iconfont='entypo-fontello' title='' data-avia-related-tooltip='Compartir en Facebook' rel=\"noopener\"><span class='avia_hidden_link_text'>Compartir en Facebook<\/span><\/a><\/li><li class='av-share-link av-social-link-twitter' ><a target=\"_blank\" aria-label=\"Compartir en Twitter\" href='https:\/\/twitter.com\/share?text=INJUV%20Ays%C3%A9n%20realiza%20di%C3%A1logo%20conmemorativo%20con%20organizaciones%20juveniles%20de%20la%20regi%C3%B3n&#038;url=https:\/\/radiorevelacionfm.cl\/?p=34156' aria-hidden='false' data-av_icon='\ue8f1' data-av_iconfont='entypo-fontello' title='' data-avia-related-tooltip='Compartir en Twitter' rel=\"noopener\"><span class='avia_hidden_link_text'>Compartir en Twitter<\/span><\/a><\/li><li class='av-share-link av-social-link-whatsapp' ><a target=\"_blank\" aria-label=\"Compartir en Whatsapp\" href='https:\/\/api.whatsapp.com\/send?text=https:\/\/radiorevelacionfm.cl\/?p=34156' aria-hidden='false' data-av_icon='\uf232' data-av_iconfont='entypo-fontello' title='' data-avia-related-tooltip='Compartir en Whatsapp' rel=\"noopener\"><span class='avia_hidden_link_text'>Compartir en Whatsapp<\/span><\/a><\/li><li class='av-share-link av-social-link-linkedin' ><a target=\"_blank\" aria-label=\"Compartir en LinkedIn\" href='https:\/\/linkedin.com\/shareArticle?mini=true&#038;title=INJUV%20Ays%C3%A9n%20realiza%20di%C3%A1logo%20conmemorativo%20con%20organizaciones%20juveniles%20de%20la%20regi%C3%B3n&#038;url=https:\/\/radiorevelacionfm.cl\/?p=34156' aria-hidden='false' data-av_icon='\ue8fc' data-av_iconfont='entypo-fontello' title='' data-avia-related-tooltip='Compartir en LinkedIn' rel=\"noopener\"><span class='avia_hidden_link_text'>Compartir en LinkedIn<\/span><\/a><\/li><li class='av-share-link av-social-link-mail' ><a  aria-label=\"Compartir por correo\" href='mailto:?subject=INJUV%20Ays%C3%A9n%20realiza%20di%C3%A1logo%20conmemorativo%20con%20organizaciones%20juveniles%20de%20la%20regi%C3%B3n&#038;body=https:\/\/radiorevelacionfm.cl\/?p=34156' aria-hidden='false' data-av_icon='\ue805' data-av_iconfont='entypo-fontello' title='' data-avia-related-tooltip='Compartir por correo'><span class='avia_hidden_link_text'>Compartir por correo<\/span><\/a><\/li><\/ul><\/div><\/div>\n<div  style='height:50px' class='hr hr-invisible   avia-builder-el-8  el_after_av_social_share  el_before_av_comments_list '><span class='hr-inner ' ><span class='hr-inner-style'><\/span><\/span><\/div>\n<div  class='av-buildercomment  av-blog-meta-html-info-disabled av-blog-meta-tag-disabled  '><\/div>\n","protected":false},"excerpt":{"rendered":"","protected":false},"author":1,"featured_media":34157,"comment_status":"open","ping_status":"open","sticky":false,"template":"","format":"standard","meta":{"footnotes":""},"categories":[38],"tags":[],"class_list":["post-34156","post","type-post","status-publish","format-standard","has-post-thumbnail","hentry","category-regional"],"jetpack_featured_media_url":"https:\/\/radiorevelacionfm.cl\/wp-content\/uploads\/2023\/08\/foto-1-18-1-2_optimized.jpg","_links":{"self":[{"href":"https:\/\/radiorevelacionfm.cl\/index.php?rest_route=\/wp\/v2\/posts\/34156","targetHints":{"allow":["GET"]}}],"collection":[{"href":"https:\/\/radiorevelacionfm.cl\/index.php?rest_route=\/wp\/v2\/posts"}],"about":[{"href":"https:\/\/radiorevelacionfm.cl\/index.php?rest_route=\/wp\/v2\/types\/post"}],"author":[{"embeddable":true,"href":"https:\/\/radiorevelacionfm.cl\/index.php?rest_route=\/wp\/v2\/users\/1"}],"replies":[{"embeddable":true,"href":"https:\/\/radiorevelacionfm.cl\/index.php?rest_route=%2Fwp%2Fv2%2Fcomments&post=34156"}],"version-history":[{"count":1,"href":"https:\/\/radiorevelacionfm.cl\/index.php?rest_route=\/wp\/v2\/posts\/34156\/revisions"}],"predecessor-version":[{"id":34158,"href":"https:\/\/radiorevelacionfm.cl\/index.php?rest_route=\/wp\/v2\/posts\/34156\/revisions\/34158"}],"wp:featuredmedia":[{"embeddable":true,"href":"https:\/\/radiorevelacionfm.cl\/index.php?rest_route=\/wp\/v2\/media\/34157"}],"wp:attachment":[{"href":"https:\/\/radiorevelacionfm.cl\/index.php?rest_route=%2Fwp%2Fv2%2Fmedia&parent=34156"}],"wp:term":[{"taxonomy":"category","embeddable":true,"href":"https:\/\/radiorevelacionfm.cl\/index.php?rest_route=%2Fwp%2Fv2%2Fcategories&post=34156"},{"taxonomy":"post_tag","embeddable":true,"href":"https:\/\/radiorevelacionfm.cl\/index.php?rest_route=%2Fwp%2Fv2%2Ftags&post=34156"}],"curies":[{"name":"wp","href":"https:\/\/api.w.org\/{rel}","templated":true}]}}