{"id":34149,"date":"2023-08-23T15:30:56","date_gmt":"2023-08-23T18:30:56","guid":{"rendered":"https:\/\/radiorevelacionfm.cl\/?p=34149"},"modified":"2023-08-23T15:30:56","modified_gmt":"2023-08-23T18:30:56","slug":"coyhaique-avanza-en-materia-artistica-y-patrimonial-tras-aprobar-plan-municipal-de-cultura","status":"publish","type":"post","link":"https:\/\/radiorevelacionfm.cl\/?p=34149","title":{"rendered":"Coyhaique avanza en materia art\u00edstica y patrimonial tras aprobar Plan Municipal de Cultura"},"content":{"rendered":"<div class=\"flex_column av_one_full  flex_column_div av-zero-column-padding first  avia-builder-el-0  el_before_av_one_full  avia-builder-el-first  \" style='border-radius:0px; '><div  class='avia-image-container  av-styling-    avia-builder-el-1  avia-builder-el-no-sibling  avia-align-center '  itemprop=\"image\" itemscope=\"itemscope\" itemtype=\"https:\/\/schema.org\/ImageObject\"  ><div class='avia-image-container-inner'><div class='avia-image-overlay-wrap'><img decoding=\"async\" class='wp-image-34150 avia-img-lazy-loading-not-34150 avia_image' src=\"https:\/\/radiorevelacionfm.cl\/wp-content\/uploads\/2023\/08\/concejo-municipal-presentacion-pmc-1-1_optimized.jpg\" alt='' title='concejo-municipal-presentaci\u00f3n-pmc--1-(1)_optimized' height=\"600\" width=\"899\"  itemprop=\"thumbnailUrl\" srcset=\"https:\/\/radiorevelacionfm.cl\/wp-content\/uploads\/2023\/08\/concejo-municipal-presentacion-pmc-1-1_optimized.jpg 899w, https:\/\/radiorevelacionfm.cl\/wp-content\/uploads\/2023\/08\/concejo-municipal-presentacion-pmc-1-1_optimized-300x200.jpg 300w, https:\/\/radiorevelacionfm.cl\/wp-content\/uploads\/2023\/08\/concejo-municipal-presentacion-pmc-1-1_optimized-768x513.jpg 768w, https:\/\/radiorevelacionfm.cl\/wp-content\/uploads\/2023\/08\/concejo-municipal-presentacion-pmc-1-1_optimized-705x471.jpg 705w, https:\/\/radiorevelacionfm.cl\/wp-content\/uploads\/2023\/08\/concejo-municipal-presentacion-pmc-1-1_optimized-450x300.jpg 450w, https:\/\/radiorevelacionfm.cl\/wp-content\/uploads\/2023\/08\/concejo-municipal-presentacion-pmc-1-1_optimized-600x400.jpg 600w\" sizes=\"(max-width: 899px) 100vw, 899px\" \/><\/div><\/div><\/div><\/div><div class=\"flex_column av_one_full  flex_column_div av-zero-column-padding first  avia-builder-el-2  el_after_av_one_full  el_before_av_one_full  column-top-margin\" style='border-radius:0px; '><section class=\"av_textblock_section \"  itemscope=\"itemscope\" itemtype=\"https:\/\/schema.org\/BlogPosting\" itemprop=\"blogPost\" ><div class='avia_textblock  '   itemprop=\"text\" ><p style=\"text-align: center;\"><span style=\"font-size: 18pt;\"><strong>Coyhaique avanza en materia art\u00edstica y patrimonial tras aprobar Plan Municipal de Cultura<\/strong><\/span><\/p>\n<div id=\"gtx-trans\" style=\"position: absolute; left: -50px; top: 4.31534px;\">\n<div class=\"gtx-trans-icon\"><\/div>\n<\/div>\n<\/div><\/section><\/div><div class=\"flex_column av_one_full  flex_column_div av-zero-column-padding first  avia-builder-el-4  el_after_av_one_full  el_before_av_hr  column-top-margin\" style='border-radius:0px; '><section class=\"av_textblock_section \"  itemscope=\"itemscope\" itemtype=\"https:\/\/schema.org\/BlogPosting\" itemprop=\"blogPost\" ><div class='avia_textblock  '   itemprop=\"text\" ><p style=\"text-align: justify;\">En el marco de las actualizaciones de Planes Municipales de Cultura (PMC) encabezados e impulsados por la Seremi de las Culturas Ays\u00e9n, tuvo lugar esta semana, en plena capital regional, la validaci\u00f3n de lo que ser\u00e1 una verdadera hoja de ruta para el desarrollo de la vida art\u00edstica tanto de localidades como de agentes comunitarios pertenecientes a la comuna de Coyhaique.<\/p>\n<p style=\"text-align: justify;\">Tras previa aprobaci\u00f3n de la comunidad, el Concejo Municipal junto al alcalde Carlos Gatica, dieron luz verde a la actualizaci\u00f3n del PMC a cargo de la consultora La Estancia. Los resultados recopilados y sistematizados son un mapeo de las demandas ciudadanas en relaci\u00f3n al circuito cultural, las que, luego de varias reuniones y di\u00e1logo, encuentran soluci\u00f3n en la propuesta t\u00e9cnica brindada por el equipo de profesionales responsables de guiar el proceso.<\/p>\n<p style=\"text-align: justify;\">Este instrumento de planificaci\u00f3n territorial que entra en vigencia a contar del a\u00f1o en curso hasta 2027, busca la participaci\u00f3n comunal para establecer directrices y ejes de gesti\u00f3n local mediante financiamiento del programa Red Cultura y la Municipalidad de Coyhaique, el cual viene a alinearse a la Agenda de Desarrollo Cultural Municipal suscrita en abril por la Seremi de Culturas Ays\u00e9n y la casa edilicia.<\/p>\n<p style=\"text-align: justify;\">\u201cEstamos contentos de que un nuevo municipio se sume a estas iniciativas de renovaciones de los Planes Municipales de Cultura, y a\u00fan m\u00e1s orgullosos de saber del apoyo que tuvo tanto de los agentes culturales como tambi\u00e9n del Concejo Municipal\u201d, manifest\u00f3 el titular de la cartera cultural, Felipe Quiroz, recalcando el trabajo intersectorial para relevar \u201clos deseos y anhelos de la comunidad para los pr\u00f3ximos cuatro a\u00f1os\u201d.<\/p>\n<p style=\"text-align: justify;\">Son ocho l\u00edneas de acci\u00f3n las que involucra este instrumento del componente de Planificaci\u00f3n Cultural Participativa, entre las que figuran: patrimonio, fomento, descentralizaci\u00f3n, red cultural y gesti\u00f3n cultural, inclusi\u00f3n, participaci\u00f3n ciudadana, formaci\u00f3n e interculturalidad. Los temas retratan la mirada colectiva, el acercamiento del patrimonio a estudiantes, adem\u00e1s de futuras mesas de trabajo con disidencias sexuales.<\/p>\n<p style=\"text-align: justify;\">Mauricio Ram\u00edrez, representante de la Consultora La Estancia, manifest\u00f3 que durante las intervenciones la comunidad \u201cse vio activa e interesada en participar y opinar\u201d, encontr\u00e1ndose con una \u201ccomuna orgullosa de sus tradiciones, pero tambi\u00e9n abierta a nuevas expresiones art\u00edsticas y culturales\u201d. Sobre los resultados arrojados pone el acento en el compromiso institucional y ciudadano. \u201cEsperamos que este instrumento sea de utilidad para sus habitantes, que sea el reflejo de lo quieren en t\u00e9rminos culturales para la comuna\u201d.<\/p>\n<p style=\"text-align: justify;\">El alcalde Carlos Gatica manifest\u00f3 que el disponer de un PMC \u201cpermite generar una estrategia, un plan donde se ve de manera \u00edntegra el desarrollo cultural de la comuna de Coyhaique\u201d, el cual se proyecta y piensa \u201cen conjunto a los vecinos y vecinas, y por supuesto tambi\u00e9n en que sean realmente los requerimientos que ellos tienen\u201d. Para concluir, la autoridad reforz\u00f3 la cercan\u00eda que posibilita el hito con el tejido social: \u201cConstruir esto genera un mayor apego al poder fortalecer el \u00e1mbito cultural y construir este pilar tan importante para la comuna\u201d.<\/p>\n<p style=\"text-align: justify;\">Este PMC financiado y validado por todos los actores participantes del proceso, se suma a las actualizaciones de instrumentos ocurridas durante el presente a\u00f1o en la Municipalidad de Guaitecas e Ib\u00e1\u00f1ez.<\/p>\n<\/div><\/section><\/div><div  style='height:50px' class='hr hr-invisible   avia-builder-el-6  el_after_av_one_full  el_before_av_social_share '><span class='hr-inner ' ><span class='hr-inner-style'><\/span><\/span><\/div><\/p>\n<div  class='av-social-sharing-box  avia-builder-el-7  el_after_av_hr  el_before_av_hr  '><div class='av-share-box'><h5 class='av-share-link-description av-no-toc '>Compartir esta noticia<\/h5><ul class='av-share-box-list noLightbox'><li class='av-share-link av-social-link-facebook' ><a target=\"_blank\" aria-label=\"Compartir en Facebook\" href='https:\/\/www.facebook.com\/sharer.php?u=https:\/\/radiorevelacionfm.cl\/?p=34149&#038;t=Coyhaique%20avanza%20en%20materia%20art%C3%ADstica%20y%20patrimonial%20tras%20aprobar%20Plan%20Municipal%20de%20Cultura' aria-hidden='false' data-av_icon='\ue8f3' data-av_iconfont='entypo-fontello' title='' data-avia-related-tooltip='Compartir en Facebook' rel=\"noopener\"><span class='avia_hidden_link_text'>Compartir en Facebook<\/span><\/a><\/li><li class='av-share-link av-social-link-twitter' ><a target=\"_blank\" aria-label=\"Compartir en Twitter\" href='https:\/\/twitter.com\/share?text=Coyhaique%20avanza%20en%20materia%20art%C3%ADstica%20y%20patrimonial%20tras%20aprobar%20Plan%20Municipal%20de%20Cultura&#038;url=https:\/\/radiorevelacionfm.cl\/?p=34149' aria-hidden='false' data-av_icon='\ue8f1' data-av_iconfont='entypo-fontello' title='' data-avia-related-tooltip='Compartir en Twitter' rel=\"noopener\"><span class='avia_hidden_link_text'>Compartir en Twitter<\/span><\/a><\/li><li class='av-share-link av-social-link-whatsapp' ><a target=\"_blank\" aria-label=\"Compartir en Whatsapp\" href='https:\/\/api.whatsapp.com\/send?text=https:\/\/radiorevelacionfm.cl\/?p=34149' aria-hidden='false' data-av_icon='\uf232' data-av_iconfont='entypo-fontello' title='' data-avia-related-tooltip='Compartir en Whatsapp' rel=\"noopener\"><span class='avia_hidden_link_text'>Compartir en Whatsapp<\/span><\/a><\/li><li class='av-share-link av-social-link-linkedin' ><a target=\"_blank\" aria-label=\"Compartir en LinkedIn\" href='https:\/\/linkedin.com\/shareArticle?mini=true&#038;title=Coyhaique%20avanza%20en%20materia%20art%C3%ADstica%20y%20patrimonial%20tras%20aprobar%20Plan%20Municipal%20de%20Cultura&#038;url=https:\/\/radiorevelacionfm.cl\/?p=34149' aria-hidden='false' data-av_icon='\ue8fc' data-av_iconfont='entypo-fontello' title='' data-avia-related-tooltip='Compartir en LinkedIn' rel=\"noopener\"><span class='avia_hidden_link_text'>Compartir en LinkedIn<\/span><\/a><\/li><li class='av-share-link av-social-link-mail' ><a  aria-label=\"Compartir por correo\" href='mailto:?subject=Coyhaique%20avanza%20en%20materia%20art%C3%ADstica%20y%20patrimonial%20tras%20aprobar%20Plan%20Municipal%20de%20Cultura&#038;body=https:\/\/radiorevelacionfm.cl\/?p=34149' aria-hidden='false' data-av_icon='\ue805' data-av_iconfont='entypo-fontello' title='' data-avia-related-tooltip='Compartir por correo'><span class='avia_hidden_link_text'>Compartir por correo<\/span><\/a><\/li><\/ul><\/div><\/div>\n<div  style='height:50px' class='hr hr-invisible   avia-builder-el-8  el_after_av_social_share  el_before_av_comments_list '><span class='hr-inner ' ><span class='hr-inner-style'><\/span><\/span><\/div>\n<div  class='av-buildercomment  av-blog-meta-html-info-disabled av-blog-meta-tag-disabled  '><\/div>\n","protected":false},"excerpt":{"rendered":"","protected":false},"author":1,"featured_media":34150,"comment_status":"open","ping_status":"open","sticky":false,"template":"","format":"standard","meta":{"footnotes":""},"categories":[52],"tags":[],"class_list":["post-34149","post","type-post","status-publish","format-standard","has-post-thumbnail","hentry","category-cultura"],"jetpack_featured_media_url":"https:\/\/radiorevelacionfm.cl\/wp-content\/uploads\/2023\/08\/concejo-municipal-presentacion-pmc-1-1_optimized.jpg","_links":{"self":[{"href":"https:\/\/radiorevelacionfm.cl\/index.php?rest_route=\/wp\/v2\/posts\/34149","targetHints":{"allow":["GET"]}}],"collection":[{"href":"https:\/\/radiorevelacionfm.cl\/index.php?rest_route=\/wp\/v2\/posts"}],"about":[{"href":"https:\/\/radiorevelacionfm.cl\/index.php?rest_route=\/wp\/v2\/types\/post"}],"author":[{"embeddable":true,"href":"https:\/\/radiorevelacionfm.cl\/index.php?rest_route=\/wp\/v2\/users\/1"}],"replies":[{"embeddable":true,"href":"https:\/\/radiorevelacionfm.cl\/index.php?rest_route=%2Fwp%2Fv2%2Fcomments&post=34149"}],"version-history":[{"count":1,"href":"https:\/\/radiorevelacionfm.cl\/index.php?rest_route=\/wp\/v2\/posts\/34149\/revisions"}],"predecessor-version":[{"id":34151,"href":"https:\/\/radiorevelacionfm.cl\/index.php?rest_route=\/wp\/v2\/posts\/34149\/revisions\/34151"}],"wp:featuredmedia":[{"embeddable":true,"href":"https:\/\/radiorevelacionfm.cl\/index.php?rest_route=\/wp\/v2\/media\/34150"}],"wp:attachment":[{"href":"https:\/\/radiorevelacionfm.cl\/index.php?rest_route=%2Fwp%2Fv2%2Fmedia&parent=34149"}],"wp:term":[{"taxonomy":"category","embeddable":true,"href":"https:\/\/radiorevelacionfm.cl\/index.php?rest_route=%2Fwp%2Fv2%2Fcategories&post=34149"},{"taxonomy":"post_tag","embeddable":true,"href":"https:\/\/radiorevelacionfm.cl\/index.php?rest_route=%2Fwp%2Fv2%2Ftags&post=34149"}],"curies":[{"name":"wp","href":"https:\/\/api.w.org\/{rel}","templated":true}]}}